{"id":2700,"date":"2023-08-24T20:29:12","date_gmt":"2023-08-24T23:29:12","guid":{"rendered":"https:\/\/lametro989.com\/?p=2700"},"modified":"2023-08-24T20:29:12","modified_gmt":"2023-08-24T23:29:12","slug":"hallaron-flotando-en-un-rio-de-corrientes-a-un-hombre-que-estaba-desaparecido","status":"publish","type":"post","link":"https:\/\/lametro989.com\/?p=2700","title":{"rendered":"Hallaron flotando en un r\u00edo de Corrientes a un hombre que estaba desaparecido"},"content":{"rendered":"\n<p>La autopsia determin\u00f3 que fue asesinado por asfixia mec\u00e1nica y que llevaba las manos y los pies atados, sujetado a ladrillos para que hicieran peso y evitar que subiera a la superficie.<\/p>\n\n\n\n<figure class=\"wp-block-image size-full\"><img loading=\"lazy\" decoding=\"async\" width=\"640\" height=\"640\" src=\"https:\/\/lametro989.com\/wp-content\/uploads\/2023\/08\/imagen-63.png\" alt=\"\" class=\"wp-image-2701\" srcset=\"https:\/\/lametro989.com\/wp-content\/uploads\/2023\/08\/imagen-63.png 640w, https:\/\/lametro989.com\/wp-content\/uploads\/2023\/08\/imagen-63-300x300.png 300w, https:\/\/lametro989.com\/wp-content\/uploads\/2023\/08\/imagen-63-150x150.png 150w\" sizes=\"auto, (max-width: 640px) 100vw, 640px\" \/><\/figure>\n\n\n\n<p><strong>Un hombre de nacionalidad brasile\u00f1a, que se encontraba desaparecido<\/strong> desde el 13 de agosto pasado, <strong>fue hallado flotando en el r\u00edo Uruguay<\/strong>, a la altura de la ciudad correntina de <strong>Paso de los Libres<\/strong>. La autopsia determin\u00f3 que fue asesinado por asfixia mec\u00e1nica y que llevaba las manos y los pies atados y sujetado a ladrillos para que hicieran peso y evitar que subiera a la superficie, informaron este jueves fuentes de la investigaci\u00f3n.<\/p>\n\n\n\n<p><strong>El hombre fue identificado como Luiz Eduardo Silva dos Santos (29), un camionero desocupado oriundo de la ciudad brasile\u00f1a de Uruguayana<\/strong>, y la principal sospecha de los investigadores apunta a que fue v\u00edctima de un hecho de secuestro en su pa\u00eds.<\/p>\n\n\n\n<p><strong>El hallazgo se produjo el pasado domingo y en el hecho interviene el titular de la Unidad Fiscal de Investigaciones Concretas de Paso de los Libres<\/strong>, Facundo Sotelo, quien confirm\u00f3 que Silva dos Santos era buscado por su familia desde el 13 de agosto pasado.<\/p>\n\n\n\n<p><strong>Una versi\u00f3n dada a conocer por medios de Paso de los Libres<\/strong>, que citan fuentes brasile\u00f1as, <strong>indica que el chofer habr\u00eda sido v\u00edctima de un secuestro por parte de dos hombres en el barrio Uni\u00e4o das Vilas de Uruguayana.<\/strong><\/p>\n\n\n\n<p>La <strong>autopsia<\/strong> determin\u00f3 que el joven fue asesinado por asfixia mec\u00e1nica, seg\u00fan detall\u00f3 el fiscal Sotelo, quien agreg\u00f3: &#8220;Esto habla de una muerte traum\u00e1tica por lo que la experiencia indica; es un cuerpo con una soga rodeando su cuello, con contrapeso de ladrillos en el otro extremo de la soga, pies y manos atadas, provocada por otra u otras personas&#8221;, sostuvo el funcionario en declaraciones a Radio Nacional LT12 General Madariaga de Paso de los Libres.<\/p>\n\n\n\n<p>Asimismo, precis\u00f3 que <strong>el lunes \u00faltimo a la ma\u00f1ana la familia de la v\u00edctima lleg\u00f3 hasta la ciudad correntina, donde identificaron el cuerpo<\/strong> y se cumplieron los tr\u00e1mites de rigor para el traslado a Brasil.<\/p>\n\n\n\n<p>&#8220;La muerte fue asfixia por ahorcamiento, ten\u00eda el contrapeso a los fines de ocultar el cuerpo en las aguas del r\u00edo., con las mu\u00f1ecas atadas y ataduras en los tobillos, se encontraba con unas prendas de vestir -short y una remera- que se encontraban desgarradas, entendemos que por el tiempo transcurrido seg\u00fan indican las pericias, al igual que el cuerpo en estado de avanzada descomposici\u00f3n&#8221;, manifest\u00f3 el representante del Ministerio P\u00fablico Fiscal.<\/p>\n\n\n\n<p><strong>Finalmente, el fiscal Sotelo explic\u00f3 que la competencia de la investigaci\u00f3n del caso pasar\u00e1 a las autoridades brasile\u00f1as, ya que la denuncia de la familia fue radicada en ese pa\u00eds.<\/strong><\/p>\n\n\n\n<p><strong><em>Fuente: T\u00e9lam<\/em><\/strong><\/p>\n","protected":false},"excerpt":{"rendered":"<p>La autopsia determin\u00f3 que fue asesinado por asfixia mec\u00e1nica y que llevaba las manos y los pies atados, sujetado a ladrillos para que hicieran peso&hellip; <\/p>\n","protected":false},"author":2,"featured_media":2701,"comment_status":"open","ping_status":"open","sticky":false,"template":"","format":"standard","meta":{"footnotes":""},"categories":[9,13],"tags":[],"class_list":["post-2700","post","type-post","status-publish","format-standard","has-post-thumbnail","hentry","category-destacadas","category-nacionales"],"_links":{"self":[{"href":"https:\/\/lametro989.com\/index.php?rest_route=\/wp\/v2\/posts\/2700","targetHints":{"allow":["GET"]}}],"collection":[{"href":"https:\/\/lametro989.com\/index.php?rest_route=\/wp\/v2\/posts"}],"about":[{"href":"https:\/\/lametro989.com\/index.php?rest_route=\/wp\/v2\/types\/post"}],"author":[{"embeddable":true,"href":"https:\/\/lametro989.com\/index.php?rest_route=\/wp\/v2\/users\/2"}],"replies":[{"embeddable":true,"href":"https:\/\/lametro989.com\/index.php?rest_route=%2Fwp%2Fv2%2Fcomments&post=2700"}],"version-history":[{"count":1,"href":"https:\/\/lametro989.com\/index.php?rest_route=\/wp\/v2\/posts\/2700\/revisions"}],"predecessor-version":[{"id":2702,"href":"https:\/\/lametro989.com\/index.php?rest_route=\/wp\/v2\/posts\/2700\/revisions\/2702"}],"wp:featuredmedia":[{"embeddable":true,"href":"https:\/\/lametro989.com\/index.php?rest_route=\/wp\/v2\/media\/2701"}],"wp:attachment":[{"href":"https:\/\/lametro989.com\/index.php?rest_route=%2Fwp%2Fv2%2Fmedia&parent=2700"}],"wp:term":[{"taxonomy":"category","embeddable":true,"href":"https:\/\/lametro989.com\/index.php?rest_route=%2Fwp%2Fv2%2Fcategories&post=2700"},{"taxonomy":"post_tag","embeddable":true,"href":"https:\/\/lametro989.com\/index.php?rest_route=%2Fwp%2Fv2%2Ftags&post=2700"}],"curies":[{"name":"wp","href":"https:\/\/api.w.org\/{rel}","templated":true}]}}