{"id":2706,"date":"2023-08-24T20:42:22","date_gmt":"2023-08-24T23:42:22","guid":{"rendered":"https:\/\/lametro989.com\/?p=2706"},"modified":"2023-08-24T20:42:22","modified_gmt":"2023-08-24T23:42:22","slug":"de-cada-100-chicos-solo-13-terminan-la-secundaria-en-tiempo-y-forma","status":"publish","type":"post","link":"https:\/\/lametro989.com\/?p=2706","title":{"rendered":"De cada 100 chicos, solo 13 terminan la secundaria en tiempo y forma"},"content":{"rendered":"\n<p>Un informe del observatorio de datos &#8220;Argentinos por la Educaci\u00f3n&#8221; alert\u00f3 la cr\u00edtica situaci\u00f3n que atraviesa el pa\u00eds en materia educativa la cual empeor\u00f3 tras la pandemia aunque previamente los n\u00fameros ya eran preocupantes. Seg\u00fan <strong>Mart\u00edn Nistal<\/strong>, antes de la llegada del Covid-19, 16 de cada 100 ni\u00f1os terminaban en tiempo y forma sus estudios.<\/p>\n\n\n\n<figure class=\"wp-block-image size-full\"><img loading=\"lazy\" decoding=\"async\" width=\"696\" height=\"383\" src=\"https:\/\/lametro989.com\/wp-content\/uploads\/2023\/08\/imagen-65.png\" alt=\"\" class=\"wp-image-2707\" srcset=\"https:\/\/lametro989.com\/wp-content\/uploads\/2023\/08\/imagen-65.png 696w, https:\/\/lametro989.com\/wp-content\/uploads\/2023\/08\/imagen-65-300x165.png 300w\" sizes=\"auto, (max-width: 696px) 100vw, 696px\" \/><\/figure>\n\n\n\n<p><strong><em>&#8220;\u00bfQu\u00e9 significa tiempo y forma? Tiempo es haciendo los 12 a\u00f1os sin repetir ni abandonar nunca; forma es sabiendo lo que tienen que saber de Lengua y Matem\u00e1ticas seg\u00fan las pruebas locales&#8221;<\/em><\/strong>, indic\u00f3 el consultor en di\u00e1logo con <strong>Radio Mitre<\/strong> (Fm 90.7 Resistencia). En este sentido, apunt\u00f3 contra la clase pol\u00edtica por no incorporar a la agenda las carencias en educaci\u00f3n ni se trabaje en la alfabetizaci\u00f3n inicial.<\/p>\n","protected":false},"excerpt":{"rendered":"<p>Un informe del observatorio de datos &#8220;Argentinos por la Educaci\u00f3n&#8221; alert\u00f3 la cr\u00edtica situaci\u00f3n que atraviesa el pa\u00eds en materia educativa la cual empeor\u00f3 tras&hellip; <\/p>\n","protected":false},"author":2,"featured_media":2707,"comment_status":"open","ping_status":"open","sticky":false,"template":"","format":"standard","meta":{"footnotes":""},"categories":[9,13],"tags":[],"class_list":["post-2706","post","type-post","status-publish","format-standard","has-post-thumbnail","hentry","category-destacadas","category-nacionales"],"_links":{"self":[{"href":"https:\/\/lametro989.com\/index.php?rest_route=\/wp\/v2\/posts\/2706","targetHints":{"allow":["GET"]}}],"collection":[{"href":"https:\/\/lametro989.com\/index.php?rest_route=\/wp\/v2\/posts"}],"about":[{"href":"https:\/\/lametro989.com\/index.php?rest_route=\/wp\/v2\/types\/post"}],"author":[{"embeddable":true,"href":"https:\/\/lametro989.com\/index.php?rest_route=\/wp\/v2\/users\/2"}],"replies":[{"embeddable":true,"href":"https:\/\/lametro989.com\/index.php?rest_route=%2Fwp%2Fv2%2Fcomments&post=2706"}],"version-history":[{"count":1,"href":"https:\/\/lametro989.com\/index.php?rest_route=\/wp\/v2\/posts\/2706\/revisions"}],"predecessor-version":[{"id":2708,"href":"https:\/\/lametro989.com\/index.php?rest_route=\/wp\/v2\/posts\/2706\/revisions\/2708"}],"wp:featuredmedia":[{"embeddable":true,"href":"https:\/\/lametro989.com\/index.php?rest_route=\/wp\/v2\/media\/2707"}],"wp:attachment":[{"href":"https:\/\/lametro989.com\/index.php?rest_route=%2Fwp%2Fv2%2Fmedia&parent=2706"}],"wp:term":[{"taxonomy":"category","embeddable":true,"href":"https:\/\/lametro989.com\/index.php?rest_route=%2Fwp%2Fv2%2Fcategories&post=2706"},{"taxonomy":"post_tag","embeddable":true,"href":"https:\/\/lametro989.com\/index.php?rest_route=%2Fwp%2Fv2%2Ftags&post=2706"}],"curies":[{"name":"wp","href":"https:\/\/api.w.org\/{rel}","templated":true}]}}