{"id":2715,"date":"2023-08-24T21:00:58","date_gmt":"2023-08-25T00:00:58","guid":{"rendered":"https:\/\/lametro989.com\/?p=2715"},"modified":"2023-08-24T21:00:58","modified_gmt":"2023-08-25T00:00:58","slug":"ratificaron-la-condena-contra-jose-luis-chilavert","status":"publish","type":"post","link":"https:\/\/lametro989.com\/?p=2715","title":{"rendered":"Ratificaron la condena contra Jos\u00e9 Luis Chilavert"},"content":{"rendered":"\n<p><div class=\"row\"><div class=\"col-12\"><section class=\"section-detail-header\" data-td-script-src=\"https:\/\/www.minutouno.com\/js-custom\/150\/jquery-3.3.1.min-min-version-1617075297.js,https:\/\/www.minutouno.com\/js-custom\/150\/jquery.cookie.min-min-version-1583246273.js,https:\/\/www.minutouno.com\/js-custom\/150\/detail-min-version-1630528721.js\"><div class=\"detail-header\"><div class=\"detail-header-wrapper\"><h2 class=\"excerpt\">La Corte Suprema de Justicia de Paraguay declar\u00f3  inadmisible otro recurso extraordinario que present\u00f3 el exarquero. Todos  los detalles de la causa.<\/h2><\/div><\/div><\/section><\/div><\/div><\/p>\n\n\n\n<figure class=\"wp-block-image size-full\"><img loading=\"lazy\" decoding=\"async\" width=\"730\" height=\"410\" src=\"https:\/\/lametro989.com\/wp-content\/uploads\/2023\/08\/imagen-68.png\" alt=\"\" class=\"wp-image-2716\" srcset=\"https:\/\/lametro989.com\/wp-content\/uploads\/2023\/08\/imagen-68.png 730w, https:\/\/lametro989.com\/wp-content\/uploads\/2023\/08\/imagen-68-300x168.png 300w\" sizes=\"auto, (max-width: 730px) 100vw, 730px\" \/><\/figure>\n\n\n\n<p>La <strong>Corte Suprema de Justicia de Paraguay<\/strong> declar\u00f3 inadmisible otro recurso extraordinario que present\u00f3 <strong>Jos\u00e9 Luis Chilavert<\/strong> en la causa en la que fue condenado por calumnias e injurias contra el presidente de la Conmebol, <strong>Alejandro Dom\u00ednguez. <\/strong>La defensa del exarquero hab\u00eda presentado un<strong> Recurso Extraordinario de Casaci\u00f3n<\/strong> contra la sentencia de condena y la resoluci\u00f3n del <strong>Tribunal de Apelaci\u00f3n,<\/strong> pero finalmente el pedido fue rechazado.<\/p>\n\n\n\n<p><strong>&#8220;Uno puede decir lo que quiera, en las formas est\u00e1 la clave&#8221;<\/strong>, coment\u00f3 el magistrado Manuel Aguirre a mediados de 2022. M\u00e1s tarde, aport\u00f3:<strong> \u201cMe vi obligado a sancionarlo porque atac\u00f3 la honra de una persona\u201d<\/strong>. Un a\u00f1o despu\u00e9s, tras presentar un recurso extraordinario que fue negado, el ex arquero de V\u00e9lez volvi\u00f3 a recurrir a la misma v\u00eda y otra vez fue declarada inadmisible. De esta manera, la condena dictada (1 a\u00f1o de pena privativa de libertad, con suspensi\u00f3n en su ejecuci\u00f3n) se encuentra firme.<\/p>\n","protected":false},"excerpt":{"rendered":"<p>La Corte Suprema de Justicia de Paraguay declar\u00f3 inadmisible otro recurso extraordinario que present\u00f3 el exarquero. Todos los detalles de la causa. La Corte Suprema&hellip; <\/p>\n","protected":false},"author":2,"featured_media":2716,"comment_status":"closed","ping_status":"open","sticky":false,"template":"","format":"standard","meta":{"footnotes":""},"categories":[13],"tags":[],"class_list":["post-2715","post","type-post","status-publish","format-standard","has-post-thumbnail","hentry","category-nacionales"],"_links":{"self":[{"href":"https:\/\/lametro989.com\/index.php?rest_route=\/wp\/v2\/posts\/2715","targetHints":{"allow":["GET"]}}],"collection":[{"href":"https:\/\/lametro989.com\/index.php?rest_route=\/wp\/v2\/posts"}],"about":[{"href":"https:\/\/lametro989.com\/index.php?rest_route=\/wp\/v2\/types\/post"}],"author":[{"embeddable":true,"href":"https:\/\/lametro989.com\/index.php?rest_route=\/wp\/v2\/users\/2"}],"replies":[{"embeddable":true,"href":"https:\/\/lametro989.com\/index.php?rest_route=%2Fwp%2Fv2%2Fcomments&post=2715"}],"version-history":[{"count":1,"href":"https:\/\/lametro989.com\/index.php?rest_route=\/wp\/v2\/posts\/2715\/revisions"}],"predecessor-version":[{"id":2717,"href":"https:\/\/lametro989.com\/index.php?rest_route=\/wp\/v2\/posts\/2715\/revisions\/2717"}],"wp:featuredmedia":[{"embeddable":true,"href":"https:\/\/lametro989.com\/index.php?rest_route=\/wp\/v2\/media\/2716"}],"wp:attachment":[{"href":"https:\/\/lametro989.com\/index.php?rest_route=%2Fwp%2Fv2%2Fmedia&parent=2715"}],"wp:term":[{"taxonomy":"category","embeddable":true,"href":"https:\/\/lametro989.com\/index.php?rest_route=%2Fwp%2Fv2%2Fcategories&post=2715"},{"taxonomy":"post_tag","embeddable":true,"href":"https:\/\/lametro989.com\/index.php?rest_route=%2Fwp%2Fv2%2Ftags&post=2715"}],"curies":[{"name":"wp","href":"https:\/\/api.w.org\/{rel}","templated":true}]}}