{"id":2718,"date":"2023-08-24T21:03:56","date_gmt":"2023-08-25T00:03:56","guid":{"rendered":"https:\/\/lametro989.com\/?p=2718"},"modified":"2023-08-24T21:03:56","modified_gmt":"2023-08-25T00:03:56","slug":"javier-milei-juntos-por-el-cambio-esta-apostando-a-causar-un-desastre-economico","status":"publish","type":"post","link":"https:\/\/lametro989.com\/?p=2718","title":{"rendered":"Javier Milei: &#8220;Juntos por el Cambio est\u00e1 apostando a causar un desastre econ\u00f3mico&#8221;"},"content":{"rendered":"\n<p>Tras las revelaciones de Sergio Massa, el candidato de LLA apunt\u00f3 contra el sector de Patricia Bullrich al que acus\u00f3 de &#8220;estar dispuesto a todo&#8221; con tal de ganar las elecciones.<\/p>\n\n\n\n<figure class=\"wp-block-image size-full\"><img loading=\"lazy\" decoding=\"async\" width=\"610\" height=\"338\" src=\"https:\/\/lametro989.com\/wp-content\/uploads\/2023\/08\/imagen-69.png\" alt=\"\" class=\"wp-image-2719\" srcset=\"https:\/\/lametro989.com\/wp-content\/uploads\/2023\/08\/imagen-69.png 610w, https:\/\/lametro989.com\/wp-content\/uploads\/2023\/08\/imagen-69-300x166.png 300w\" sizes=\"auto, (max-width: 610px) 100vw, 610px\" \/><\/figure>\n\n\n\n<p>El candidato a presidente de <strong>La Libertad Avanza (LLA)<\/strong>, <strong>Javier MIlei<\/strong>, estuvo presente en el <strong>Consejo de las Am\u00e9ricas<\/strong> y tras su exposici\u00f3n, habl\u00f3 con <strong>Lautaro Maislin<\/strong> de <em><strong>C5N<\/strong><\/em>, y destroz\u00f3 a Juntos por el Cambio por su postura frente al <strong>Fondo Monetario Internacional (FMI)<\/strong>.<\/p>\n\n\n\n<p>Fue el ministro de Econom\u00eda, <strong>Sergio Massa<\/strong>, quien revel\u00f3 desde <strong>Washington<\/strong> que los economistas de <strong>Patricia Bullrich<\/strong> intentaron frenar los desembolsos del organismo, mientras que los representantes del libertario se mostraron m\u00e1s colaborativos con el pa\u00eds.<\/p>\n\n\n\n<p><strong>&#8220;Los economistas de Juntos por el Cambio, acorde a lo que est\u00e1 haciendo Juntos por el Cambio, est\u00e1n apostando a causar un desastre econ\u00f3mico, y en ese sentido es una gran irresponsabilidad&#8221;<\/strong>, sentenci\u00f3 Milei al ser consultado por el cronista de C5N.<\/p>\n\n\n\n<p>El candidato de LLA se\u00f1al\u00f3 que &#8220;dinamitarle hasta el rollover a un gobierno, es impulsarlo a una crisis y eso no est\u00e1 bien, m\u00e1s all\u00e1 del c\u00e1lculo electoral que quieras hacer, porque tener un voto m\u00e1s a causa de generarle mucho dolor a los argentinos&#8221;.<\/p>\n\n\n\n<p><strong>&#8220;Parece que Juntos por el Cambio, con tal de ganar una elecci\u00f3n, est\u00e1 dispuesto a todo&#8221;<\/strong>, concluy\u00f3 el l\u00edder libertario.<div class=\"row\"><div class=\"col-12 col-md-12 col-lg-8\"><section class=\"detail-body\"><section class=\"body-content note-body content-protected-false\"><p>El candidato a presidente de La Libertad Avanza (LLA), <strong>Javier MIlei<\/strong>, estuvo presente en el <strong>Consejo de las Am\u00e9ricas<\/strong> y habl\u00f3 sobre el &#8220;modelo de castas&#8221; y repiti\u00f3 que &#8220;la justicia social es aberrante&#8221;.<\/p><\/section><\/section><\/div><\/div><\/p>\n","protected":false},"excerpt":{"rendered":"<p>Tras las revelaciones de Sergio Massa, el candidato de LLA apunt\u00f3 contra el sector de Patricia Bullrich al que acus\u00f3 de &#8220;estar dispuesto a todo&#8221;&hellip; <\/p>\n","protected":false},"author":2,"featured_media":2719,"comment_status":"open","ping_status":"open","sticky":false,"template":"","format":"standard","meta":{"footnotes":""},"categories":[5],"tags":[],"class_list":["post-2718","post","type-post","status-publish","format-standard","has-post-thumbnail","hentry","category-politica"],"_links":{"self":[{"href":"https:\/\/lametro989.com\/index.php?rest_route=\/wp\/v2\/posts\/2718","targetHints":{"allow":["GET"]}}],"collection":[{"href":"https:\/\/lametro989.com\/index.php?rest_route=\/wp\/v2\/posts"}],"about":[{"href":"https:\/\/lametro989.com\/index.php?rest_route=\/wp\/v2\/types\/post"}],"author":[{"embeddable":true,"href":"https:\/\/lametro989.com\/index.php?rest_route=\/wp\/v2\/users\/2"}],"replies":[{"embeddable":true,"href":"https:\/\/lametro989.com\/index.php?rest_route=%2Fwp%2Fv2%2Fcomments&post=2718"}],"version-history":[{"count":1,"href":"https:\/\/lametro989.com\/index.php?rest_route=\/wp\/v2\/posts\/2718\/revisions"}],"predecessor-version":[{"id":2720,"href":"https:\/\/lametro989.com\/index.php?rest_route=\/wp\/v2\/posts\/2718\/revisions\/2720"}],"wp:featuredmedia":[{"embeddable":true,"href":"https:\/\/lametro989.com\/index.php?rest_route=\/wp\/v2\/media\/2719"}],"wp:attachment":[{"href":"https:\/\/lametro989.com\/index.php?rest_route=%2Fwp%2Fv2%2Fmedia&parent=2718"}],"wp:term":[{"taxonomy":"category","embeddable":true,"href":"https:\/\/lametro989.com\/index.php?rest_route=%2Fwp%2Fv2%2Fcategories&post=2718"},{"taxonomy":"post_tag","embeddable":true,"href":"https:\/\/lametro989.com\/index.php?rest_route=%2Fwp%2Fv2%2Ftags&post=2718"}],"curies":[{"name":"wp","href":"https:\/\/api.w.org\/{rel}","templated":true}]}}