{"id":2721,"date":"2023-08-24T21:06:41","date_gmt":"2023-08-25T00:06:41","guid":{"rendered":"https:\/\/lametro989.com\/?p=2721"},"modified":"2023-08-24T21:06:41","modified_gmt":"2023-08-25T00:06:41","slug":"sergio-massa-hace-cuatro-meses-el-fmi-queria-imponer-una-devaluacion-del-100","status":"publish","type":"post","link":"https:\/\/lametro989.com\/?p=2721","title":{"rendered":"Sergio Massa: &#8220;Hace cuatro meses el FMI quer\u00eda imponer una devaluaci\u00f3n del 100%&#8221;"},"content":{"rendered":"\n<p>El candidato presidencial de Uni\u00f3n por la Patria, Sergio Massa, expone ante empresarios reunidos en el Consejo de las Am\u00e9ricas.<\/p>\n\n\n\n<figure class=\"wp-block-image size-full\"><img loading=\"lazy\" decoding=\"async\" width=\"610\" height=\"343\" src=\"https:\/\/lametro989.com\/wp-content\/uploads\/2023\/08\/imagen-70.png\" alt=\"\" class=\"wp-image-2722\" srcset=\"https:\/\/lametro989.com\/wp-content\/uploads\/2023\/08\/imagen-70.png 610w, https:\/\/lametro989.com\/wp-content\/uploads\/2023\/08\/imagen-70-300x169.png 300w\" sizes=\"auto, (max-width: 610px) 100vw, 610px\" \/><\/figure>\n\n\n\n<p>Luego de su paso por Estados Unidos, para encontrarse con las m\u00e1ximas autoridades del FMI el ministro de Econom\u00eda <strong>Sergio Massa<\/strong> regres\u00f3 al pa\u00eds para disertar en el Consejo de las Am\u00e9ricas. Frente a los empresarios, les advirti\u00f3 por la dolarizaci\u00f3n y envi\u00f3 una se\u00f1al a los mercados por el d\u00f3lar: &#8220;Argentina tiene que ir a una simplificaci\u00f3n cambiaria&#8221;.<\/p>\n\n\n\n<p>\u201cEst\u00e1 bueno decir frases lindas, pero despu\u00e9s hay que sentarse y gestionar\u201d, indic\u00f3 sobre sus contrincantes. \u201cYo no les pido que tomen partido por una fuerza pol\u00edtica, tomen partido por sus empresas\u201d, les dijo y pregunt\u00f3: \u201c\u00bfDe d\u00f3nde van a salir los d\u00f3lares de la dolarizaci\u00f3n? Raspen un poquito cuando escuchan esas cosas\u201d.En este sentido, apunt\u00f3 sus dardos contra el candidato, <strong>Javier Milei:<\/strong> \u201cSi el 11 de diciembre rompemos con el Mercosur y China, de d\u00f3nde van a salir los d\u00f3lares&#8221;, indic\u00f3, en clara alusi\u00f3n a los objetivos de comercio exterior del l\u00edder de la Libertad Avanza.<\/p>\n\n\n\n<p>Massa evalu\u00f3 que Argentina &#8220;no es un pa\u00eds desarrollado que puede aceptar que todas las reglas de mercado se desarrollen libremente&#8221;. &#8220;La elecci\u00f3n de fondo es si Argentina es un pa\u00eds primarizado, solamente enfocado en la prestaci\u00f3n y venta de servicios, o si es un pa\u00eds que elige un proyecto de desarrollo industrial&#8221;, advirti\u00f3 sobre los dos modelos en pugna en octubre.<\/p>\n\n\n\n<p>En el inicio de su discurso, reiter\u00f3 que la s\u00e9ptima revisi\u00f3n del Consejo Superior del FMI ser\u00e1 en noviembre y que, con ese objetivo, negocia &#8220;desde el punto de vista de un pa\u00eds con una crisis estructural, como es la crisis de sobreendeudamiento que tiene la Argentina, agravada por una crisis coyuntural grave, como es el impacto de la sequ\u00eda en t\u00e9rminos de volumen de exportaciones y en la balanza comercial argentina, nos obliga a estar muy encima de la evoluci\u00f3n en el r\u00e9gimen de acumulaci\u00f3n o p\u00e9rdida de reservas&#8221;.<\/p>\n\n\n\n<p>Posteriormente, celebr\u00f3 que &#8220;el FMI dej\u00f3 de ser el prestamista de \u00faltima instancia&#8221; del pa\u00eds y que en el mes de julio &#8220;Argentina tuvo que resolver los vencimientos frente al Fondo recurriendo a operaciones bilaterales con China en la apertura del segundo swap; con Catar, que es la primera operaci\u00f3n de cr\u00e9dito bilateral que realiza el pa\u00eds; y con el BID, en una operaci\u00f3n que tambi\u00e9n demostr\u00f3 cu\u00e1l es la diferencia entre los organismos multilaterales con capacidad de resoluci\u00f3n y cu\u00e1les se transformaron simplemente en marcas con un enorme peso burocr\u00e1tico sin posibilidades de resoluci\u00f3n de las necesidades de los pa\u00edses en v\u00edas de desarrollo&#8221;.<\/p>\n\n\n\n<p>En ese sentido, apunt\u00f3 que &#8220;el cap\u00edtulo Fondo ayer qued\u00f3 cerrado hasta noviembre&#8221;, un mes al que el ministro le augur\u00f3 un &#8220;impacto en la balanza comercial positivo desde el punto de vista de la exportaci\u00f3n de granos y de la balanza energ\u00e9tica como generadora de divisas&#8221;. &#8220;Comienzan adem\u00e1s a terminar esas restricciones que en el 2024 cambian definitivamente y nos permiten avizorar un a\u00f1o muy distinto al actual&#8221;, pronostic\u00f3.<\/p>\n\n\n\n<p>En t\u00e9rmino de exportaciones, Sergio Massa estim\u00f3 que se a\u00f1adir\u00edan a la actual suma un monto de entre u$s30.000millones y u$s 40.000 millones, a partir de la influencia del sector minero (con impulso del litio y cobre), energ\u00e9tico (impacto del Gasoducto del Norte, Vaca Muerta y venta de petr\u00f3leo) y agroindustrial (ya sin situaci\u00f3n de sequ\u00eda).<\/p>\n\n\n\n<p>Refiri\u00e9ndose a la especulaci\u00f3n en el mercado financiero, consider\u00f3 que &#8220;en los lugares donde hay formaci\u00f3n mon\u00f3polica y oligop\u00f3lica aparece siempre la defensa del valor del trabajo, el capital y el acceso al cr\u00e9dito, pero tambi\u00e9n la avivada&#8221;. Asimismo, puntualiz\u00f3 que los u$s 7.500 millones del \u00faltimo desembolso del FMI &#8220;nos dio la oportunidad de abrir la importaci\u00f3n con pago al d\u00eda para generar competencia y apostar a mercados m\u00e1s transparentes&#8221;.<\/p>\n","protected":false},"excerpt":{"rendered":"<p>El candidato presidencial de Uni\u00f3n por la Patria, Sergio Massa, expone ante empresarios reunidos en el Consejo de las Am\u00e9ricas. Luego de su paso por&hellip; <\/p>\n","protected":false},"author":2,"featured_media":2722,"comment_status":"open","ping_status":"open","sticky":false,"template":"","format":"standard","meta":{"footnotes":""},"categories":[5],"tags":[],"class_list":["post-2721","post","type-post","status-publish","format-standard","has-post-thumbnail","hentry","category-politica"],"_links":{"self":[{"href":"https:\/\/lametro989.com\/index.php?rest_route=\/wp\/v2\/posts\/2721","targetHints":{"allow":["GET"]}}],"collection":[{"href":"https:\/\/lametro989.com\/index.php?rest_route=\/wp\/v2\/posts"}],"about":[{"href":"https:\/\/lametro989.com\/index.php?rest_route=\/wp\/v2\/types\/post"}],"author":[{"embeddable":true,"href":"https:\/\/lametro989.com\/index.php?rest_route=\/wp\/v2\/users\/2"}],"replies":[{"embeddable":true,"href":"https:\/\/lametro989.com\/index.php?rest_route=%2Fwp%2Fv2%2Fcomments&post=2721"}],"version-history":[{"count":1,"href":"https:\/\/lametro989.com\/index.php?rest_route=\/wp\/v2\/posts\/2721\/revisions"}],"predecessor-version":[{"id":2723,"href":"https:\/\/lametro989.com\/index.php?rest_route=\/wp\/v2\/posts\/2721\/revisions\/2723"}],"wp:featuredmedia":[{"embeddable":true,"href":"https:\/\/lametro989.com\/index.php?rest_route=\/wp\/v2\/media\/2722"}],"wp:attachment":[{"href":"https:\/\/lametro989.com\/index.php?rest_route=%2Fwp%2Fv2%2Fmedia&parent=2721"}],"wp:term":[{"taxonomy":"category","embeddable":true,"href":"https:\/\/lametro989.com\/index.php?rest_route=%2Fwp%2Fv2%2Fcategories&post=2721"},{"taxonomy":"post_tag","embeddable":true,"href":"https:\/\/lametro989.com\/index.php?rest_route=%2Fwp%2Fv2%2Ftags&post=2721"}],"curies":[{"name":"wp","href":"https:\/\/api.w.org\/{rel}","templated":true}]}}