{"id":2724,"date":"2023-08-24T21:11:58","date_gmt":"2023-08-25T00:11:58","guid":{"rendered":"https:\/\/lametro989.com\/?p=2724"},"modified":"2023-08-24T21:11:58","modified_gmt":"2023-08-25T00:11:58","slug":"la-justicia-recibio-al-menos-4-denuncias-contra-castells-por-sus-declaraciones-sobre-robos","status":"publish","type":"post","link":"https:\/\/lametro989.com\/?p=2724","title":{"rendered":"La Justicia recibi\u00f3 al menos 4 denuncias contra Castells por sus declaraciones sobre robos"},"content":{"rendered":"\n<p>El dirigente social se atribuy\u00f3 la organizaci\u00f3n de los ataques a comercios que se registraron en los \u00faltimos d\u00edas y la Justicia busca determinar si fue as\u00ed o simplemente busc\u00f3 notoriedad medi\u00e1tica.<\/p>\n\n\n\n<figure class=\"wp-block-image size-full\"><img loading=\"lazy\" decoding=\"async\" width=\"610\" height=\"458\" src=\"https:\/\/lametro989.com\/wp-content\/uploads\/2023\/08\/imagen-71.png\" alt=\"\" class=\"wp-image-2725\" srcset=\"https:\/\/lametro989.com\/wp-content\/uploads\/2023\/08\/imagen-71.png 610w, https:\/\/lametro989.com\/wp-content\/uploads\/2023\/08\/imagen-71-300x225.png 300w\" sizes=\"auto, (max-width: 610px) 100vw, 610px\" \/><\/figure>\n\n\n\n<p>Al menos cuatro denuncias fueron presentadas entre el mi\u00e9rcoles y este jueves en los tribunales federales de Comodoro Py contra el dirigente social y l\u00edder del Movimiento Independiente de Jubilados y Desocupados (MIJD), <strong>Ra\u00fal Castells, <\/strong>luego de que se atribuyera p\u00fablicamente haber incentivado los intentos de robos a supermercados y comercios ocurridos en distintos puntos del pa\u00eds.<\/p>\n\n\n\n<p>La primera denuncia recay\u00f3 por sorteo ante el juzgado federal a cargo de <strong>Daniel Rafecas<\/strong>, quien ayer deleg\u00f3 la investigaci\u00f3n en la fiscal <strong>Alejandra Mangano<\/strong>: a esa se le acumul\u00f3 otra presentada por el ministro de Seguridad <strong>An\u00edbal Fern\u00e1ndez,<\/strong> seg\u00fan informaron fuentes judiciales, mientras que hoy fueron sorteadas otras dos denuncias.<\/p>\n\n\n\n<p>Una de las denuncias la hizo la diputada nacional por la Coalici\u00f3n C\u00edvica <strong>Marcela Campagnoli<\/strong> y cay\u00f3 por sorteo en el juzgado federal 7, a cargo de <strong>Sebasti\u00e1n Casanello<\/strong>; mientras que la otra la hizo la abogada <strong>Elizabeth M\u00e1rquez <\/strong>y le toc\u00f3 al juez <strong>Marcelo Mart\u00ednez de Giorgi.<\/strong><\/p>\n\n\n\n<figure class=\"wp-block-image\"><img decoding=\"async\" src=\"https:\/\/media.minutouno.com\/p\/ebd9aedb38007ce7b772a90bc672db2b\/adjuntos\/150\/imagenes\/040\/929\/0040929024\/610x0\/smart\/raul-castells-mauricio-macrijpeg.jpeg\" alt=\"Ra\u00fal Castells fue socio del gobierno de Mauricio Macri.\" title=\"Ra\u00fal Castells fue socio del gobierno de Mauricio Macri.\"\/><\/figure>\n\n\n\n<p>Ra\u00fal Castells fue socio del gobierno de Mauricio Macri.<\/p>\n\n\n\n<p>Fuentes judiciales adelantaron que se espera que en las pr\u00f3ximas horas todas las denuncias se acumulen a la que ya se tramita en manos de la fiscal Mangano, quien ayer dispuso las primeras medidas de prueba.<\/p>\n\n\n\n<p>Se trata de la denuncia en la que el espacio pol\u00edtico Republicanos Unidos acus\u00f3 a Castells de haber incumplido el art\u00edculo 209 del C\u00f3digo Penal, que contempla 2 a\u00f1os de prisi\u00f3n a quien &#8220;p\u00fablicamente instigare a cometer un delito determinado contra una persona o instituci\u00f3n&#8221;.<\/p>\n\n\n\n<p>La investigaci\u00f3n judicial que se abri\u00f3 en Comodoro Py centr\u00f3 el objeto del caso en establecer la existencia de la supuesta organizaci\u00f3n declamada por Castells en los medios de comunicaci\u00f3n p\u00fablica.<\/p>\n\n\n\n<p>Con ese objetivo, la fiscal Magnano requiri\u00f3 al Ministerio de Seguridad de la Naci\u00f3n que, a trav\u00e9s de la fuerza federal que designe y por intermedio de sus pares provinciales, lleve adelante un relevamiento de los episodios -robos e intentos de robo- ocurridos en distintos puntos del pa\u00eds durante la jornada del martes.<\/p>\n\n\n\n<p>El relevamiento deber\u00e1 incluir la referencia geogr\u00e1fica de los hechos, la autoridad policial y judicial interviniente en la prevenci\u00f3n e investigaci\u00f3n y las personas y\/o grupo de personas sospechadas de llevarlos adelante, informaron fuentes judiciales.<\/p>\n\n\n\n<figure class=\"wp-block-image\"><img decoding=\"async\" src=\"https:\/\/media.minutouno.com\/p\/e919e6569b2a26abe8e8ba99edab0150\/adjuntos\/150\/imagenes\/040\/931\/0040931649\/610x0\/smart\/saqueojpg.jpg\" alt=\"\" title=\"\"\/><\/figure>\n\n\n\n<p>La fiscal tambi\u00e9n requiri\u00f3 que se realice un relevamiento de redes sociales y fuentes abiertas de internet a fin de identificar publicaciones que puedan estar vinculadas a la instigaci\u00f3n de los sucesos mencionados en distintas localidades del pa\u00eds.<\/p>\n\n\n\n<p>Adem\u00e1s requiri\u00f3 que el ministerio de Desarrollo Social de la Naci\u00f3n realice un informe relativo al funcionamiento del Renacom, el registro de los espacios comunitarios que brindan asistencia alimentaria en todo el pa\u00eds.<\/p>\n\n\n\n<p>La presentaci\u00f3n judicial que dio origen al expediente lleva la firma de los abogados <strong>Yamil Santoro<\/strong> y<strong> Juan Manuel Fazio<\/strong>, junto con <strong>Mar\u00eda del Rosario Cisneros<\/strong> y <strong>Facundo Sapienza.<\/strong><\/p>\n\n\n\n<p>Las declaraciones televisivas de Castells tambi\u00e9n le valieron reproches de dirigentes pol\u00edticos y que se abrieran causas en otras jurisdicciones, como en Mendoza.<\/p>\n\n\n\n<p>&#8220;El hecho delictivo es que el kilo de milanesas est\u00e9 4.200 pesos. En Mendoza, Neuqu\u00e9n, C\u00f3rdoba, en el Chaco, Capital Federal y en el conurbano la gente est\u00e1 saliendo por comida. Nosotros somos los que estamos convocando a esto, les estamos diciendo que, sin robar plata ni romper nada, se lleven lo que puedan aunque sea para canjear por comida&#8221;, afirm\u00f3 el martes pasado por la noche Castells en una entrevista con la se\u00f1al televisiva <em>Cr\u00f3nica TV.<\/em><\/p>\n\n\n\n<figure class=\"wp-block-image\"><img decoding=\"async\" src=\"https:\/\/media.minutouno.com\/p\/c56f174af0ab4fe38fe87f0ce6130c72\/adjuntos\/150\/imagenes\/040\/925\/0040925319\/detenidos-saqueos-rio-cuarto.jpg?2023-08-21-10-15-10\" alt=\"\" title=\"\"\/><\/figure>\n\n\n\n<p>Al ser consultado sobre si desde su agrupaci\u00f3n se estaba promoviendo los intentos de robo, Castells respondi\u00f3: &#8220;S\u00ed, hombre. El gobierno ha quitado los alimentos a todos los comedores comunitarios del pa\u00eds desde hace tres meses&#8221;. Asegur\u00f3 adem\u00e1s que &#8220;avisaron&#8221; a los funcionarios nacionales sobre esta situaci\u00f3n y les advirtieron que &#8220;no tiren de la soga&#8221;.<\/p>\n\n\n\n<p>Por estas declaraciones, el Ministerio P\u00fablico Fiscal de Mendoza anunci\u00f3 que abri\u00f3 una causa de oficio con el fin de investigar &#8220;la posible comisi\u00f3n del delito de instigaci\u00f3n al robo agravado en poblado y en banda y con la finalidad de aterrorizar a la poblaci\u00f3n por parte del mismo&#8221;.<\/p>\n\n\n\n<p>&#8220;La misma, al igual que las iniciadas en Gran Mendoza, se encuentra a cargo del fiscal <strong>Fernando Giunta<\/strong>&#8220;, indicaron desde la cartera a trav\u00e9s de un comunicado.<\/p>\n","protected":false},"excerpt":{"rendered":"<p>El dirigente social se atribuy\u00f3 la organizaci\u00f3n de los ataques a comercios que se registraron en los \u00faltimos d\u00edas y la Justicia busca determinar si&hellip; <\/p>\n","protected":false},"author":2,"featured_media":2725,"comment_status":"open","ping_status":"open","sticky":false,"template":"","format":"standard","meta":{"footnotes":""},"categories":[9,5],"tags":[],"class_list":["post-2724","post","type-post","status-publish","format-standard","has-post-thumbnail","hentry","category-destacadas","category-politica"],"_links":{"self":[{"href":"https:\/\/lametro989.com\/index.php?rest_route=\/wp\/v2\/posts\/2724","targetHints":{"allow":["GET"]}}],"collection":[{"href":"https:\/\/lametro989.com\/index.php?rest_route=\/wp\/v2\/posts"}],"about":[{"href":"https:\/\/lametro989.com\/index.php?rest_route=\/wp\/v2\/types\/post"}],"author":[{"embeddable":true,"href":"https:\/\/lametro989.com\/index.php?rest_route=\/wp\/v2\/users\/2"}],"replies":[{"embeddable":true,"href":"https:\/\/lametro989.com\/index.php?rest_route=%2Fwp%2Fv2%2Fcomments&post=2724"}],"version-history":[{"count":1,"href":"https:\/\/lametro989.com\/index.php?rest_route=\/wp\/v2\/posts\/2724\/revisions"}],"predecessor-version":[{"id":2726,"href":"https:\/\/lametro989.com\/index.php?rest_route=\/wp\/v2\/posts\/2724\/revisions\/2726"}],"wp:featuredmedia":[{"embeddable":true,"href":"https:\/\/lametro989.com\/index.php?rest_route=\/wp\/v2\/media\/2725"}],"wp:attachment":[{"href":"https:\/\/lametro989.com\/index.php?rest_route=%2Fwp%2Fv2%2Fmedia&parent=2724"}],"wp:term":[{"taxonomy":"category","embeddable":true,"href":"https:\/\/lametro989.com\/index.php?rest_route=%2Fwp%2Fv2%2Fcategories&post=2724"},{"taxonomy":"post_tag","embeddable":true,"href":"https:\/\/lametro989.com\/index.php?rest_route=%2Fwp%2Fv2%2Ftags&post=2724"}],"curies":[{"name":"wp","href":"https:\/\/api.w.org\/{rel}","templated":true}]}}