{"id":2727,"date":"2023-08-24T21:26:07","date_gmt":"2023-08-25T00:26:07","guid":{"rendered":"https:\/\/lametro989.com\/?p=2727"},"modified":"2023-08-24T21:26:07","modified_gmt":"2023-08-25T00:26:07","slug":"vuelve-el-black-friday-provincial-con-reintegros-sin-tope-y-4-cuotas-sin-interes-con-tarjeta-tuya","status":"publish","type":"post","link":"https:\/\/lametro989.com\/?p=2727","title":{"rendered":"Vuelve el &#8220;Black Friday Provincial&#8221;, con reintegros sin tope y 4 cuotas sin inter\u00e9s con Tarjeta Tuya"},"content":{"rendered":"\n<p>La Directora del Banco del Chaco, Mar\u00eda Woelflin explic\u00f3 que \u201cel primer fin de semana de septiembre llega el Black Friday provincial para todas las localidades, a excepci\u00f3n de Resistencia, y se desarrollar\u00e1 los d\u00edas 1 y 2 de septiembre\u201d, abarcando todos los rubros.<\/p>\n\n\n\n<figure class=\"wp-block-image size-full\"><img loading=\"lazy\" decoding=\"async\" width=\"600\" height=\"270\" src=\"https:\/\/lametro989.com\/wp-content\/uploads\/2023\/08\/imagen-72.png\" alt=\"\" class=\"wp-image-2728\" srcset=\"https:\/\/lametro989.com\/wp-content\/uploads\/2023\/08\/imagen-72.png 600w, https:\/\/lametro989.com\/wp-content\/uploads\/2023\/08\/imagen-72-300x135.png 300w\" sizes=\"auto, (max-width: 600px) 100vw, 600px\" \/><\/figure>\n\n\n\n<p>La Federaci\u00f3n Econ\u00f3mica del Chaco junto con la C\u00e1mara de Comercio del Interior lanzaron la edici\u00f3n N\u00b0 4 de &#8220;Black Fridays Provincial&#8221;, en donde habr\u00e1 promociones con Tarjeta tuya.&nbsp;<\/p>\n\n\n\n<figure class=\"wp-block-image\"><img decoding=\"async\" src=\"https:\/\/www.diario22.ar\/notix2\/multimedia\/imagenes\/fotos\/2023-08-24\/141119.jpeg\" alt=\"\"\/><\/figure>\n\n\n\n<p>La promoci\u00f3n consiste en compras de 4 cuotas sin inter\u00e9s, con un reintegro del 10% sin tope.<\/p>\n\n\n\n<figure class=\"wp-block-image\"><img decoding=\"async\" src=\"https:\/\/www.diario22.ar\/notix2\/multimedia\/imagenes\/fotos\/2023-08-24\/470190.jpeg\" alt=\"\"\/><\/figure>\n\n\n\n<p>\u201cVemos que el Black Friday genera un efecto positivo en las personas, porque permite adquirir bienes que en condiciones normales se dificulta, aumentando las ventas en los comercios\u201d, se\u00f1al\u00f3 Woelflin.<\/p>\n\n\n\n<figure class=\"wp-block-image\"><img decoding=\"async\" src=\"https:\/\/www.diario22.ar\/notix2\/multimedia\/imagenes\/fotos\/2023-08-24\/197233.jpeg\" alt=\"\"\/><\/figure>\n\n\n\n<p>Mart\u00edn Sobol, secretario de la C\u00e1mara de Comercio de S\u00e1enz Pe\u00f1a, resalt\u00f3 que \u201ces un beneficio que llega en una \u00e9poca donde se necesita\u201d y llam\u00f3 a que \u201clos comercios se sumen y participen\u201d.<\/p>\n\n\n\n<figure class=\"wp-block-image\"><img decoding=\"async\" src=\"https:\/\/www.diario22.ar\/notix2\/multimedia\/imagenes\/fotos\/2023-08-24\/693932.jpeg\" alt=\"\"\/><\/figure>\n\n\n\n<p>Por su parte, Silvia Reyero, presidenta de Fechaco, remarc\u00f3 que el &#8220;Black Friday&#8221; a\u00f1o a a\u00f1o se consolida. &#8220;Primero se realizaba en Resistencia, pero gracias a las gestiones de la Federaci\u00f3n se pudo replicar en todo el interior de la provincia&#8221;, celebr\u00f3.<\/p>\n\n\n\n<figure class=\"wp-block-image\"><img decoding=\"async\" src=\"https:\/\/www.diario22.ar\/notix2\/multimedia\/imagenes\/fotos\/2023-08-24\/974480.jpeg\" alt=\"\"\/><\/figure>\n\n\n\n<p>En ese sentido, remarc\u00f3 que &#8220;hoy hay un contexto complicado y es importante reforzar el comercio local a trav\u00e9s de esta promoci\u00f3n para mantener el nivel de venta y que los consumidores puedan aprovechar&#8221;.<\/p>\n\n\n\n<figure class=\"wp-block-image\"><img decoding=\"async\" src=\"https:\/\/www.diario22.ar\/notix2\/multimedia\/imagenes\/fotos\/2023-08-24\/801910.jpeg\" alt=\"\"\/><\/figure>\n\n\n\n<p>Para los comercios que quieran adherirse, tienen que trabajar con Tarjeta Tuya para introducirse autom\u00e1ticamente a este r\u00e9gimen de promoci\u00f3n. Todos los rubros pueden participar de todas las localidades, a excepci\u00f3n de Resistencia. \u201cLa diferenciaci\u00f3n se debe a una estrategia de venta que permite potenciar el Chaco\u201d, sostuvo Reyero.<\/p>\n","protected":false},"excerpt":{"rendered":"<p>La Directora del Banco del Chaco, Mar\u00eda Woelflin explic\u00f3 que \u201cel primer fin de semana de septiembre llega el Black Friday provincial para todas las&hellip; <\/p>\n","protected":false},"author":2,"featured_media":2728,"comment_status":"open","ping_status":"open","sticky":false,"template":"","format":"standard","meta":{"footnotes":""},"categories":[9,2],"tags":[],"class_list":["post-2727","post","type-post","status-publish","format-standard","has-post-thumbnail","hentry","category-destacadas","category-provinciales"],"_links":{"self":[{"href":"https:\/\/lametro989.com\/index.php?rest_route=\/wp\/v2\/posts\/2727","targetHints":{"allow":["GET"]}}],"collection":[{"href":"https:\/\/lametro989.com\/index.php?rest_route=\/wp\/v2\/posts"}],"about":[{"href":"https:\/\/lametro989.com\/index.php?rest_route=\/wp\/v2\/types\/post"}],"author":[{"embeddable":true,"href":"https:\/\/lametro989.com\/index.php?rest_route=\/wp\/v2\/users\/2"}],"replies":[{"embeddable":true,"href":"https:\/\/lametro989.com\/index.php?rest_route=%2Fwp%2Fv2%2Fcomments&post=2727"}],"version-history":[{"count":1,"href":"https:\/\/lametro989.com\/index.php?rest_route=\/wp\/v2\/posts\/2727\/revisions"}],"predecessor-version":[{"id":2729,"href":"https:\/\/lametro989.com\/index.php?rest_route=\/wp\/v2\/posts\/2727\/revisions\/2729"}],"wp:featuredmedia":[{"embeddable":true,"href":"https:\/\/lametro989.com\/index.php?rest_route=\/wp\/v2\/media\/2728"}],"wp:attachment":[{"href":"https:\/\/lametro989.com\/index.php?rest_route=%2Fwp%2Fv2%2Fmedia&parent=2727"}],"wp:term":[{"taxonomy":"category","embeddable":true,"href":"https:\/\/lametro989.com\/index.php?rest_route=%2Fwp%2Fv2%2Fcategories&post=2727"},{"taxonomy":"post_tag","embeddable":true,"href":"https:\/\/lametro989.com\/index.php?rest_route=%2Fwp%2Fv2%2Ftags&post=2727"}],"curies":[{"name":"wp","href":"https:\/\/api.w.org\/{rel}","templated":true}]}}