{"id":2733,"date":"2023-08-24T21:34:19","date_gmt":"2023-08-25T00:34:19","guid":{"rendered":"https:\/\/lametro989.com\/?p=2733"},"modified":"2023-08-24T21:34:19","modified_gmt":"2023-08-25T00:34:19","slug":"ronaldinho-podria-volver-a-prision-los-motivos","status":"publish","type":"post","link":"https:\/\/lametro989.com\/?p=2733","title":{"rendered":"Ronaldinho podr\u00eda volver a prisi\u00f3n: los motivos"},"content":{"rendered":"\n<p>El astro brasile\u00f1o ya hab\u00eda estado tras las rejas en 2020 en Paraguay por haber ingresado a dicho pa\u00eds con un pasaporte falso.<\/p>\n\n\n\n<figure class=\"wp-block-image size-large\"><img loading=\"lazy\" decoding=\"async\" width=\"1024\" height=\"610\" src=\"https:\/\/lametro989.com\/wp-content\/uploads\/2023\/08\/imagen-74-1024x610.png\" alt=\"\" class=\"wp-image-2734\" srcset=\"https:\/\/lametro989.com\/wp-content\/uploads\/2023\/08\/imagen-74-1024x610.png 1024w, https:\/\/lametro989.com\/wp-content\/uploads\/2023\/08\/imagen-74-300x179.png 300w, https:\/\/lametro989.com\/wp-content\/uploads\/2023\/08\/imagen-74-768x457.png 768w, https:\/\/lametro989.com\/wp-content\/uploads\/2023\/08\/imagen-74.png 1511w\" sizes=\"auto, (max-width: 1024px) 100vw, 1024px\" \/><\/figure>\n\n\n\n<p><a href=\"https:\/\/www.elgrafico.com.ar\/busqueda?termino=RONALDINHO\"><strong>RONALDINHO<\/strong><\/a>&nbsp;<strong>podr\u00eda regresar a prisi\u00f3n<\/strong> despu\u00e9s de haberse ausentado tras haber&nbsp;sido citado a declarar ante la Comisi\u00f3n Parlamentaria de Investigaci\u00f3n de <strong>Criptomonedas<\/strong> el martes 22 de agosto .&nbsp;<br><\/p>\n\n\n\n<p>El ex futbolista <strong>no compareci\u00f3 ante la comisi\u00f3n <\/strong>para aclarar sus actividades promoviendo supuestos esquemas financieros.<\/p>\n\n\n\n<p><strong>La defensa del jugador afirm\u00f3 que no fue debidamente notificado <\/strong>para comparecer ante la comisi\u00f3n. Sin embargo, la secretar\u00eda responsable del operativo explic\u00f3 que el jugado<strong>r fue notificado digitalmente dos veces<\/strong> en la \u00faltima semana.<\/p>\n\n\n\n<p>El ministro del Supremo Tribunal Federal, Edson Fachin, concedi\u00f3 el martes por la noche a Ronaldinho el derecho a guardar silencio durante la comisi\u00f3n. Sin embargo, deber\u00e1 asistir.<\/p>\n\n\n\n<p><strong>Si Ronaldinho no cumple con la solicitud, las fuerzas policiales podr\u00edan detenerlo coercitivamente<\/strong>.<\/p>\n\n\n\n<p>Ronaldinho Ga\u00facho est\u00e1 siendo intimidado para participar en el CPI para promover <strong>presuntos fraudes que involucran principalmente criptoactivos<\/strong>.<\/p>\n\n\n\n<p>La defensa del jugador argumenta que el nombre de Ronaldinho fue utilizado sin la debida autorizaci\u00f3n para promover inversiones.<\/p>\n","protected":false},"excerpt":{"rendered":"<p>El astro brasile\u00f1o ya hab\u00eda estado tras las rejas en 2020 en Paraguay por haber ingresado a dicho pa\u00eds con un pasaporte falso. RONALDINHO&nbsp;podr\u00eda regresar&hellip; <\/p>\n","protected":false},"author":2,"featured_media":2734,"comment_status":"open","ping_status":"open","sticky":false,"template":"","format":"standard","meta":{"footnotes":""},"categories":[10],"tags":[],"class_list":["post-2733","post","type-post","status-publish","format-standard","has-post-thumbnail","hentry","category-deportes"],"_links":{"self":[{"href":"https:\/\/lametro989.com\/index.php?rest_route=\/wp\/v2\/posts\/2733","targetHints":{"allow":["GET"]}}],"collection":[{"href":"https:\/\/lametro989.com\/index.php?rest_route=\/wp\/v2\/posts"}],"about":[{"href":"https:\/\/lametro989.com\/index.php?rest_route=\/wp\/v2\/types\/post"}],"author":[{"embeddable":true,"href":"https:\/\/lametro989.com\/index.php?rest_route=\/wp\/v2\/users\/2"}],"replies":[{"embeddable":true,"href":"https:\/\/lametro989.com\/index.php?rest_route=%2Fwp%2Fv2%2Fcomments&post=2733"}],"version-history":[{"count":1,"href":"https:\/\/lametro989.com\/index.php?rest_route=\/wp\/v2\/posts\/2733\/revisions"}],"predecessor-version":[{"id":2735,"href":"https:\/\/lametro989.com\/index.php?rest_route=\/wp\/v2\/posts\/2733\/revisions\/2735"}],"wp:featuredmedia":[{"embeddable":true,"href":"https:\/\/lametro989.com\/index.php?rest_route=\/wp\/v2\/media\/2734"}],"wp:attachment":[{"href":"https:\/\/lametro989.com\/index.php?rest_route=%2Fwp%2Fv2%2Fmedia&parent=2733"}],"wp:term":[{"taxonomy":"category","embeddable":true,"href":"https:\/\/lametro989.com\/index.php?rest_route=%2Fwp%2Fv2%2Fcategories&post=2733"},{"taxonomy":"post_tag","embeddable":true,"href":"https:\/\/lametro989.com\/index.php?rest_route=%2Fwp%2Fv2%2Ftags&post=2733"}],"curies":[{"name":"wp","href":"https:\/\/api.w.org\/{rel}","templated":true}]}}