{"id":2738,"date":"2023-08-25T18:53:26","date_gmt":"2023-08-25T21:53:26","guid":{"rendered":"https:\/\/lametro989.com\/?p=2738"},"modified":"2023-08-25T18:53:26","modified_gmt":"2023-08-25T21:53:26","slug":"mientras-planifica-su-boda-nicole-neumann-admitio-que-desea-volver-a-ser-madre","status":"publish","type":"post","link":"https:\/\/lametro989.com\/?p=2738","title":{"rendered":"Mientras planifica su boda, Nicole Neumann admiti\u00f3 que desea volver a ser madre"},"content":{"rendered":"\n<p><strong>Nicole Neumann<\/strong>\u00a0est\u00e1 preparando su casamiento con el piloto de automovilismo\u00a0<strong>Manu Urcera<\/strong>\u00a0y ya piensa en agrandar la familia. Seg\u00fan cont\u00f3 en\u00a0<em>Socios del Espect\u00e1culo<\/em>, tiene deseos de tener un hijo con su nueva pareja:\u00a0<strong>&#8220;Pienso en ser mam\u00e1, s\u00ed, claro&#8221;<\/strong>.<\/p>\n\n\n\n<figure class=\"wp-block-image size-full\"><img loading=\"lazy\" decoding=\"async\" width=\"696\" height=\"391\" src=\"https:\/\/lametro989.com\/wp-content\/uploads\/2023\/08\/imagen-75.png\" alt=\"\" class=\"wp-image-2740\" srcset=\"https:\/\/lametro989.com\/wp-content\/uploads\/2023\/08\/imagen-75.png 696w, https:\/\/lametro989.com\/wp-content\/uploads\/2023\/08\/imagen-75-300x169.png 300w\" sizes=\"auto, (max-width: 696px) 100vw, 696px\" \/><\/figure>\n\n\n\n<p>Adem\u00e1s, la modelo asegur\u00f3 que, a pesar de no ver seguido a su hija mayor, Indiana, las cosas estar\u00edan mejor entre ellas:<strong>&nbsp;&#8220;Todo b\u00e1rbaro con indiana, todo lindo, todo est\u00e1 en la Justicia, se ocupan los abogados, yo quiero poner mi energ\u00eda en lo lindo&#8221;.<\/strong><\/p>\n\n\n\n<p><strong>&#8220;Yo disfruto hacer tele, hacer una campa\u00f1a, una conducci\u00f3n&#8230; Lo que menos disfruto es la invasi\u00f3n de la vida personal&#8221;<\/strong>, coment\u00f3 la modelo, que estaba acompa\u00f1ada por su hermana Geraldine, con quien supo tener sus diferencias en el pasado.<\/p>\n\n\n\n<p>Nicole no quiso contar demasiado sobre su boda porque quiere que sus invitados se sorprendan:<strong>\u00a0&#8220;Quiero que sea todo sorpresa. Va a haber alternativa de donaci\u00f3n, el que quiere va a donar y el que quiere va a dar regalo&#8221;.<\/strong> <\/p>\n\n\n\n<p>Sobre su relaci\u00f3n con Urcera, declar\u00f3: &#8220;Es dif\u00edcil describir el amor, es algo que se siente, es un hombre que llega a tu vida que te provoca ese amor, su coraz\u00f3n, su familia, como adoptaron a mis hijas, son divinos, te hacen sentir uno m\u00e1s&#8221;.<\/p>\n\n\n\n<p>Neumann cont\u00f3 que est\u00e1 preparando &#8220;varios ajuares para la noche de bodas&#8221;, aunque no quiso contar mucho m\u00e1s para no develar ning\u00fan misterio. Para la modelo ser\u00e1 su tercer casamiento. Estuvo casada con Nacho Herrero y con Fabi\u00e1n Cubero, con quien tuvo a sus hijas: Indiana, Allegra y Sienna.<\/p>\n\n\n\n<figure class=\"wp-block-embed is-type-video is-provider-youtube wp-block-embed-youtube wp-embed-aspect-16-9 wp-has-aspect-ratio\"><div class=\"wp-block-embed__wrapper\">\n<iframe loading=\"lazy\" title=\"Nicole Neumann habl\u00f3 de su casamiento: &quot;Estoy a full, Manuel Urcera no se mete tanto&quot;\" width=\"790\" height=\"444\" src=\"https:\/\/www.youtube.com\/embed\/tMN8IwYiu44?feature=oembed\" frameborder=\"0\" allow=\"accelerometer; autoplay; clipboard-write; encrypted-media; gyroscope; picture-in-picture; web-share\" allowfullscreen><\/iframe>\n<\/div><\/figure>\n\n\n\n<h4 class=\"wp-block-heading\"><\/h4>\n","protected":false},"excerpt":{"rendered":"<p>Nicole Neumann\u00a0est\u00e1 preparando su casamiento con el piloto de automovilismo\u00a0Manu Urcera\u00a0y ya piensa en agrandar la familia. Seg\u00fan cont\u00f3 en\u00a0Socios del Espect\u00e1culo, tiene deseos de&hellip; <\/p>\n","protected":false},"author":2,"featured_media":2740,"comment_status":"open","ping_status":"open","sticky":false,"template":"","format":"standard","meta":{"footnotes":""},"categories":[13],"tags":[],"class_list":["post-2738","post","type-post","status-publish","format-standard","has-post-thumbnail","hentry","category-nacionales"],"_links":{"self":[{"href":"https:\/\/lametro989.com\/index.php?rest_route=\/wp\/v2\/posts\/2738","targetHints":{"allow":["GET"]}}],"collection":[{"href":"https:\/\/lametro989.com\/index.php?rest_route=\/wp\/v2\/posts"}],"about":[{"href":"https:\/\/lametro989.com\/index.php?rest_route=\/wp\/v2\/types\/post"}],"author":[{"embeddable":true,"href":"https:\/\/lametro989.com\/index.php?rest_route=\/wp\/v2\/users\/2"}],"replies":[{"embeddable":true,"href":"https:\/\/lametro989.com\/index.php?rest_route=%2Fwp%2Fv2%2Fcomments&post=2738"}],"version-history":[{"count":1,"href":"https:\/\/lametro989.com\/index.php?rest_route=\/wp\/v2\/posts\/2738\/revisions"}],"predecessor-version":[{"id":2741,"href":"https:\/\/lametro989.com\/index.php?rest_route=\/wp\/v2\/posts\/2738\/revisions\/2741"}],"wp:featuredmedia":[{"embeddable":true,"href":"https:\/\/lametro989.com\/index.php?rest_route=\/wp\/v2\/media\/2740"}],"wp:attachment":[{"href":"https:\/\/lametro989.com\/index.php?rest_route=%2Fwp%2Fv2%2Fmedia&parent=2738"}],"wp:term":[{"taxonomy":"category","embeddable":true,"href":"https:\/\/lametro989.com\/index.php?rest_route=%2Fwp%2Fv2%2Fcategories&post=2738"},{"taxonomy":"post_tag","embeddable":true,"href":"https:\/\/lametro989.com\/index.php?rest_route=%2Fwp%2Fv2%2Ftags&post=2738"}],"curies":[{"name":"wp","href":"https:\/\/api.w.org\/{rel}","templated":true}]}}