{"id":2742,"date":"2023-08-25T18:55:01","date_gmt":"2023-08-25T21:55:01","guid":{"rendered":"https:\/\/lametro989.com\/?p=2742"},"modified":"2023-08-25T18:55:01","modified_gmt":"2023-08-25T21:55:01","slug":"preocupacion-en-cordoba-ante-una-amenaza-narco-a-un-fiscal","status":"publish","type":"post","link":"https:\/\/lametro989.com\/?p=2742","title":{"rendered":"Preocupaci\u00f3n en C\u00f3rdoba ante una amenaza narco a un fiscal"},"content":{"rendered":"\n<p><strong>El fiscal de la ciudad cordobesa de San Francisco Bernardo Alberione, recibi\u00f3 varios mensajes amenazantes<\/strong>\u00a0provenientes de la localidad de Frontera, en la que ocurren varios<strong>\u00a0delitos vinculados al narcotr\u00e1fico.<\/strong><\/p>\n\n\n\n<figure class=\"wp-block-image size-full\"><img loading=\"lazy\" decoding=\"async\" width=\"696\" height=\"391\" src=\"https:\/\/lametro989.com\/wp-content\/uploads\/2023\/08\/imagen-76.png\" alt=\"\" class=\"wp-image-2743\" srcset=\"https:\/\/lametro989.com\/wp-content\/uploads\/2023\/08\/imagen-76.png 696w, https:\/\/lametro989.com\/wp-content\/uploads\/2023\/08\/imagen-76-300x169.png 300w\" sizes=\"auto, (max-width: 696px) 100vw, 696px\" \/><\/figure>\n\n\n\n<p><strong>&#8220;Ac\u00e1 no se vende Coca Cola, se vende coca\u00edna. Frontera es nuestra&#8221;, &#8220;Frontera es nuestra, el que avisa no traiciona&#8221;,<\/strong>&nbsp;&#8220;Alberione metete en tus cosas&#8221;, fueron los mensajes amenazantes que recibi\u00f3 el fiscal que investiga delitos complejos en San Francisco.<\/p>\n\n\n\n<p>Tras darse a conocer los mensajes escritos en cart\u00f3n,<strong>&nbsp;el Ministerio P\u00fablico Fiscal de C\u00f3rdoba y la Asociaci\u00f3n de Magistrados de la misma provincia emitieron un comunicado en el que expresaron su preocupaci\u00f3n y repudiaron las amenazas.<\/strong><\/p>\n\n\n\n<p>&#8220;Estoy inc\u00f3modo por la situaci\u00f3n&#8221;, reconoci\u00f3 el fiscal en di\u00e1logo con Cadena 3, e indic\u00f3 que<strong>\u00a0todav\u00eda no declara en la causa y asegur\u00f3 que no tiene m\u00e1s informaci\u00f3n que lo que se maneja p\u00fablicamente.<\/strong><\/p>\n\n\n\n<p>&#8220;Eso lo tiene que dilucidar la Justicia de Rafaela. Me comunicaron que hubo amenazas hacia m\u00ed y mi familia&#8221;, coment\u00f3 el fiscal que agreg\u00f3 que asistir\u00e1 a tribunales como todos los d\u00edas.<\/p>\n","protected":false},"excerpt":{"rendered":"<p>El fiscal de la ciudad cordobesa de San Francisco Bernardo Alberione, recibi\u00f3 varios mensajes amenazantes\u00a0provenientes de la localidad de Frontera, en la que ocurren varios\u00a0delitos&hellip; <\/p>\n","protected":false},"author":2,"featured_media":2743,"comment_status":"open","ping_status":"open","sticky":false,"template":"","format":"standard","meta":{"footnotes":""},"categories":[9,13],"tags":[],"class_list":["post-2742","post","type-post","status-publish","format-standard","has-post-thumbnail","hentry","category-destacadas","category-nacionales"],"_links":{"self":[{"href":"https:\/\/lametro989.com\/index.php?rest_route=\/wp\/v2\/posts\/2742","targetHints":{"allow":["GET"]}}],"collection":[{"href":"https:\/\/lametro989.com\/index.php?rest_route=\/wp\/v2\/posts"}],"about":[{"href":"https:\/\/lametro989.com\/index.php?rest_route=\/wp\/v2\/types\/post"}],"author":[{"embeddable":true,"href":"https:\/\/lametro989.com\/index.php?rest_route=\/wp\/v2\/users\/2"}],"replies":[{"embeddable":true,"href":"https:\/\/lametro989.com\/index.php?rest_route=%2Fwp%2Fv2%2Fcomments&post=2742"}],"version-history":[{"count":1,"href":"https:\/\/lametro989.com\/index.php?rest_route=\/wp\/v2\/posts\/2742\/revisions"}],"predecessor-version":[{"id":2744,"href":"https:\/\/lametro989.com\/index.php?rest_route=\/wp\/v2\/posts\/2742\/revisions\/2744"}],"wp:featuredmedia":[{"embeddable":true,"href":"https:\/\/lametro989.com\/index.php?rest_route=\/wp\/v2\/media\/2743"}],"wp:attachment":[{"href":"https:\/\/lametro989.com\/index.php?rest_route=%2Fwp%2Fv2%2Fmedia&parent=2742"}],"wp:term":[{"taxonomy":"category","embeddable":true,"href":"https:\/\/lametro989.com\/index.php?rest_route=%2Fwp%2Fv2%2Fcategories&post=2742"},{"taxonomy":"post_tag","embeddable":true,"href":"https:\/\/lametro989.com\/index.php?rest_route=%2Fwp%2Fv2%2Ftags&post=2742"}],"curies":[{"name":"wp","href":"https:\/\/api.w.org\/{rel}","templated":true}]}}