{"id":2748,"date":"2023-08-25T19:11:31","date_gmt":"2023-08-25T22:11:31","guid":{"rendered":"https:\/\/lametro989.com\/?p=2748"},"modified":"2023-08-25T19:11:31","modified_gmt":"2023-08-25T22:11:31","slug":"el-gobernador-visito-samuhu-e-inauguro-un-nuevo-sistema-de-provision-de-agua-potable","status":"publish","type":"post","link":"https:\/\/lametro989.com\/?p=2748","title":{"rendered":"El gobernador visit\u00f3 Samuh\u00fa e inaugur\u00f3 un nuevo sistema de provisi\u00f3n de agua potable"},"content":{"rendered":"\n<p>Ahora, el 96% de la localidad se encuentra conectada a la red. Para ello se construy\u00f3 una cisterna de hormig\u00f3n, una planta potabilizadora y 17 kil\u00f3metros de ca\u00f1er\u00edas.<\/p>\n\n\n\n<figure class=\"wp-block-image size-full\"><img loading=\"lazy\" decoding=\"async\" width=\"850\" height=\"563\" src=\"https:\/\/lametro989.com\/wp-content\/uploads\/2023\/08\/imagen-78.png\" alt=\"\" class=\"wp-image-2749\" srcset=\"https:\/\/lametro989.com\/wp-content\/uploads\/2023\/08\/imagen-78.png 850w, https:\/\/lametro989.com\/wp-content\/uploads\/2023\/08\/imagen-78-300x199.png 300w, https:\/\/lametro989.com\/wp-content\/uploads\/2023\/08\/imagen-78-768x509.png 768w\" sizes=\"auto, (max-width: 850px) 100vw, 850px\" \/><\/figure>\n\n\n\n<p>El gobernador <strong>Jorge Capitanich<\/strong> inaugur\u00f3 este viernes 17 kil\u00f3metros de <strong>red domiciliaria para la provisi\u00f3n de agua potable en Samuh\u00fa<\/strong>\u00a0. La obra, que requiri\u00f3 una inversi\u00f3n de $ 239.742.696, llegar\u00e1 a 3.200 habitantes entre zonas urbanas y rurales.<div class=\"wrapper\"><article id=\"item\" itemscope=\"itemscope\" itemtype=\"http:\/\/schema.org\/NewsArticle\"><section class=\"body\"><section class=\"content\"><div class=\"main-text\"><p>De esta manera, <span style=\"background-color: #fbeeb8;\"><strong>el 96% de la localidad ya cuenta con red de agua potable<\/strong>\u00a0<\/span>  que se distribuye a trav\u00e9s de 315 nuevas conexiones. Durante la  jornada, el gobernador entreg\u00f3 tambi\u00e9n una retroexcavadora que implic\u00f3  una inversi\u00f3n de $ 21.900.000, y destac\u00f3 la inauguraci\u00f3n teniendo en  cuenta la crisis h\u00eddrica que sufri\u00f3 la localidad. &#8220;Cuando  nosotros asumimos la primera administraci\u00f3n, Samuh\u00fa no ten\u00eda nada de lo  que hoy tiene. Todo lo que se hizo y todo lo que se hace aqu\u00ed tiene que  ver con la impronta y el trabajo conjunto que hemos hecho con Patricia  en todo este tiempo para garantizar derechos&#8221;, asegur\u00f3 Capitanich.<\/p><\/div><\/section><\/section><\/article><\/div>La obra consisti\u00f3 en la construcci\u00f3n de una cisterna de hormig\u00f3n con capacidad de 100.000 litros, una planta potabilizadora compacta de 13 toneladas con capacidad de tratamiento de 30.000 litros por hora y 17 kil\u00f3metros de ca\u00f1er\u00edas en total. Adem\u00e1s, tiene acoplado un tanque de ocho mil litros que distribuir\u00e1 el agua potable a parajes aleda\u00f1os que dependen del municipio.\u00a0<img loading=\"lazy\" decoding=\"async\" width=\"790\" height=\"523\" class=\"pic\" src=\"https:\/\/www.diariochaco.com\/content\/bucket\/2\/583562w790h523c.jpg.webp\" alt=\"\"><\/p>\n\n\n\n<p>Por su parte, el titular de la Administraci\u00f3n Provincial de Agua (APA), <strong>Daniel Pegoraro,<\/strong> record\u00f3 que su primer paso por la localidad fue para mejorar el ingreso de agua a las represas que hoy est\u00e1n a la par de la planta potabilizadora. &#8220;La obra est\u00e1 al 100% esperando por las lluvias, dado que venimos atravesando un per\u00edodo muy largo de sequ\u00edas que nos ha dejado, despu\u00e9s de 30 a\u00f1os, con los reservorios realmente sin una gota de agua&#8221;, se\u00f1al\u00f3.&nbsp;<\/p>\n\n\n\n<p>La intendenta <strong>Patricia Lezcano<\/strong> indic\u00f3 que la obra que llev\u00f3 adelante el Ente Nacional de Obras H\u00eddricas de Saneamiento (ENOHSA), &#8220;es una obra muy importante que se ha podido lograr en los peores tiempos econ\u00f3micos&#8221;. &#8220;Por eso es que la valoramos enormemente&#8221;, afirm\u00f3, acompa\u00f1ada adem\u00e1s por el intendente de Charadai, Eladio Aguirre.<ins><\/ins><\/p>\n\n\n\n<p>A ra\u00edz de la sequ\u00eda, Samuh\u00fa procesaba el agua con una planta port\u00e1til. &#8220;Estuvimos limpiando las represas, estuvimos acondicionando el acceso al canal, as\u00ed que una vez que tengamos agua en las represas, ah\u00ed estar\u00edamos poniendo en marcha la planta&#8221;, explic\u00f3 la jefa comunal.<\/p>\n","protected":false},"excerpt":{"rendered":"<p>Ahora, el 96% de la localidad se encuentra conectada a la red. Para ello se construy\u00f3 una cisterna de hormig\u00f3n, una planta potabilizadora y 17&hellip; <\/p>\n","protected":false},"author":2,"featured_media":2749,"comment_status":"open","ping_status":"open","sticky":false,"template":"","format":"standard","meta":{"footnotes":""},"categories":[2],"tags":[],"class_list":["post-2748","post","type-post","status-publish","format-standard","has-post-thumbnail","hentry","category-provinciales"],"_links":{"self":[{"href":"https:\/\/lametro989.com\/index.php?rest_route=\/wp\/v2\/posts\/2748","targetHints":{"allow":["GET"]}}],"collection":[{"href":"https:\/\/lametro989.com\/index.php?rest_route=\/wp\/v2\/posts"}],"about":[{"href":"https:\/\/lametro989.com\/index.php?rest_route=\/wp\/v2\/types\/post"}],"author":[{"embeddable":true,"href":"https:\/\/lametro989.com\/index.php?rest_route=\/wp\/v2\/users\/2"}],"replies":[{"embeddable":true,"href":"https:\/\/lametro989.com\/index.php?rest_route=%2Fwp%2Fv2%2Fcomments&post=2748"}],"version-history":[{"count":1,"href":"https:\/\/lametro989.com\/index.php?rest_route=\/wp\/v2\/posts\/2748\/revisions"}],"predecessor-version":[{"id":2750,"href":"https:\/\/lametro989.com\/index.php?rest_route=\/wp\/v2\/posts\/2748\/revisions\/2750"}],"wp:featuredmedia":[{"embeddable":true,"href":"https:\/\/lametro989.com\/index.php?rest_route=\/wp\/v2\/media\/2749"}],"wp:attachment":[{"href":"https:\/\/lametro989.com\/index.php?rest_route=%2Fwp%2Fv2%2Fmedia&parent=2748"}],"wp:term":[{"taxonomy":"category","embeddable":true,"href":"https:\/\/lametro989.com\/index.php?rest_route=%2Fwp%2Fv2%2Fcategories&post=2748"},{"taxonomy":"post_tag","embeddable":true,"href":"https:\/\/lametro989.com\/index.php?rest_route=%2Fwp%2Fv2%2Ftags&post=2748"}],"curies":[{"name":"wp","href":"https:\/\/api.w.org\/{rel}","templated":true}]}}