{"id":2751,"date":"2023-08-25T19:17:27","date_gmt":"2023-08-25T22:17:27","guid":{"rendered":"https:\/\/lametro989.com\/?p=2751"},"modified":"2023-08-25T19:17:27","modified_gmt":"2023-08-25T22:17:27","slug":"este-domingo-comienzan-los-debates-preelectorales-como-hacerle-preguntas-a-los-candidatos","status":"publish","type":"post","link":"https:\/\/lametro989.com\/?p=2751","title":{"rendered":"Este domingo comienzan los debates preelectorales: \u00bfc\u00f3mo hacerle preguntas a los candidatos?"},"content":{"rendered":"\n<p>Los candidatos a diputado y gobernador recibir\u00e1n las preguntas de la sociedad que previamente sean seleccionadas por el Tribunal Electoral del Chaco.<\/p>\n\n\n\n<figure class=\"wp-block-image size-full\"><img loading=\"lazy\" decoding=\"async\" width=\"850\" height=\"696\" src=\"https:\/\/lametro989.com\/wp-content\/uploads\/2023\/08\/imagen-79.png\" alt=\"\" class=\"wp-image-2752\" srcset=\"https:\/\/lametro989.com\/wp-content\/uploads\/2023\/08\/imagen-79.png 850w, https:\/\/lametro989.com\/wp-content\/uploads\/2023\/08\/imagen-79-300x246.png 300w, https:\/\/lametro989.com\/wp-content\/uploads\/2023\/08\/imagen-79-768x629.png 768w\" sizes=\"auto, (max-width: 850px) 100vw, 850px\" \/><\/figure>\n\n\n\n<p>Tal y como lo establece el reglamento de los Debates preelectorales en Chaco, <strong>la ciudadan\u00eda puede participar dejando sus consultas para ser transmitidas a los candidatos a gobernador y diputados.<\/strong> Se habilitar\u00e1 un bloque tem\u00e1tico donde los debatientes deber\u00e1n responder a las consultas.\u00a0<div class=\"wrapper\"><article id=\"item\" itemscope=\"itemscope\" itemtype=\"http:\/\/schema.org\/NewsArticle\"><section class=\"body\"><section class=\"content\"><div class=\"main-text\"><p>Conforme lo establece la Ley 2113-Q de los Debates preelectorales en  Chaco, la ciudadan\u00eda puede participar dejando sus preguntas para los  candidatos a diputados y\/o gobernadores.\u00a0<\/p><\/div><\/section><\/section><\/article><\/div><\/p>\n\n\n\n<p>Para participar, deber\u00e1n ingresar a instagram en la cuenta @debatepreelectoralchaco y dejar sus consultas. Las preguntas para los candidatos a diputados se habilitar\u00e1n a partir de las 20:00 horas del d\u00eda domingo 27 de agosto mientras que los interrogantes para los candidatos a gobernador se habilitar\u00e1n a partir de las 20:00 horas el d\u00eda lunes 28 de agosto.&nbsp;<\/p>\n\n\n\n<p><strong>Debate preelectoral Chaco&nbsp;<\/strong><\/p>\n\n\n\n<p>Los debates preelectorales tendr\u00e1n lugar en Charata los d\u00edas domingo 27 y lunes 8 de agosto. El segundo debate se desarrollar\u00e1 en Resistencia, los d\u00edas lunes 4 y martes 5 de septiembre. Con transmisi\u00f3n en vivo a trav\u00e9s de Canal 9 a partir de las 20:00 horas.&nbsp;<ins><\/ins><\/p>\n\n\n\n<p>Los candidatos a Diputados que debatir\u00e1n presentando sus propuestas para legislar son Santiago Perez Pons (Frente Chaque\u00f1o), Jaime Parra Moreno (Frente Integrador), Iv\u00e1n Gy\u00f6ker (Juntos por el Cambio) y Agust\u00edn Romero (Corriente de Expresi\u00f3n Renovada). Lo har\u00e1n los d\u00edas domingo 27 de agosto en Charata y el lunes 04 de septiembre en Resistencia. &nbsp;<\/p>\n\n\n\n<p>En el debate, presentar\u00e1n sus ideas y propuestas para gobernar, los candidatos al cargo en el poder ejecutivo provincial, Jorge Capitanich (Frente Chaque\u00f1o), Leandro Zdero (Juntos por el Cambio) y Gustavo Mart\u00ednez (Corriente de Expresi\u00f3n Renovada). Los debates ser\u00e1n los d\u00edas lunes 28 de agosto en Charata y martes 05 de septiembre en Resistencia.&nbsp;<\/p>\n\n\n\n<p><strong>Temas del primer debate: 27 y 28 de agosto en Charata&nbsp;<\/strong><\/p>\n\n\n\n<p>Desarrollo econ\u00f3mico: producci\u00f3n, industria y comercio.<br>Desarrollo humano: discapacidad, juventud y deportes, g\u00e9nero y diversidad, y pueblos ind\u00edgenas.<br>Seguridad y justicia: calidad institucional, pol\u00edtica anticorrupci\u00f3n.&nbsp;<br>Tem\u00e1tica abierta: tres preguntas de redes, tel\u00e9fonos y otros.&nbsp;<\/p>\n\n\n\n<p><strong>Temas del segundo debate: 04 y 05 de septiembre en Resistencia&nbsp;<\/strong><\/p>\n\n\n\n<p>Empleo y promoci\u00f3n social.<br>Educaci\u00f3n y salud.<br>Servicios p\u00fablicos e infraestructura, desarrollo urbano y vivienda.&nbsp;<br>Tem\u00e1tica abierta: tres preguntas de redes, tel\u00e9fonos y otros. &nbsp;<\/p>\n\n\n\n<p><strong>Transmisi\u00f3n del Debate&nbsp;<\/strong><\/p>\n\n\n\n<p>Conforme lo establece el Tribunal Electoral de la provincia del Chaco, los Debate preelectorales se transmitir\u00e1n por la pantalla de Canal 9, Imagen del Nordeste, TV de aire; como as\u00ed tambi\u00e9n por Radio Nordeste (95.7 y 102.7 Mhz.). La se\u00f1al estar\u00e1 disponible adem\u00e1s en 9 Link Satelital para que todos los medios de comunicaci\u00f3n del Chaco puedan acceder a la retransmisi\u00f3n.&nbsp;<\/p>\n\n\n\n<p><div class=\"wrapper\"><article id=\"item\" itemscope=\"itemscope\" itemtype=\"http:\/\/schema.org\/NewsArticle\"><section class=\"body\"><section class=\"content\"><div class=\"main-text\"><p> Al t\u00e9rmino del  desarrollo de los temas seleccionados en cada debate, se habilita una  tem\u00e1tica abierta con tres preguntas de la ciudadan\u00eda hacia los  candidatos. \u00c9stas preguntas deber\u00e1n elaborarse en las redes sociales de  difusi\u00f3n de El Gran Debate de donde ser\u00e1n seleccionadas por el Tribunal  Electoral de Chaco.\u00a0<\/p><\/div><\/section><\/section><\/article><\/div><\/p>\n","protected":false},"excerpt":{"rendered":"<p>Los candidatos a diputado y gobernador recibir\u00e1n las preguntas de la sociedad que previamente sean seleccionadas por el Tribunal Electoral del Chaco. Tal y como&hellip; <\/p>\n","protected":false},"author":2,"featured_media":2752,"comment_status":"open","ping_status":"open","sticky":false,"template":"","format":"standard","meta":{"footnotes":""},"categories":[9,2],"tags":[],"class_list":["post-2751","post","type-post","status-publish","format-standard","has-post-thumbnail","hentry","category-destacadas","category-provinciales"],"_links":{"self":[{"href":"https:\/\/lametro989.com\/index.php?rest_route=\/wp\/v2\/posts\/2751","targetHints":{"allow":["GET"]}}],"collection":[{"href":"https:\/\/lametro989.com\/index.php?rest_route=\/wp\/v2\/posts"}],"about":[{"href":"https:\/\/lametro989.com\/index.php?rest_route=\/wp\/v2\/types\/post"}],"author":[{"embeddable":true,"href":"https:\/\/lametro989.com\/index.php?rest_route=\/wp\/v2\/users\/2"}],"replies":[{"embeddable":true,"href":"https:\/\/lametro989.com\/index.php?rest_route=%2Fwp%2Fv2%2Fcomments&post=2751"}],"version-history":[{"count":1,"href":"https:\/\/lametro989.com\/index.php?rest_route=\/wp\/v2\/posts\/2751\/revisions"}],"predecessor-version":[{"id":2753,"href":"https:\/\/lametro989.com\/index.php?rest_route=\/wp\/v2\/posts\/2751\/revisions\/2753"}],"wp:featuredmedia":[{"embeddable":true,"href":"https:\/\/lametro989.com\/index.php?rest_route=\/wp\/v2\/media\/2752"}],"wp:attachment":[{"href":"https:\/\/lametro989.com\/index.php?rest_route=%2Fwp%2Fv2%2Fmedia&parent=2751"}],"wp:term":[{"taxonomy":"category","embeddable":true,"href":"https:\/\/lametro989.com\/index.php?rest_route=%2Fwp%2Fv2%2Fcategories&post=2751"},{"taxonomy":"post_tag","embeddable":true,"href":"https:\/\/lametro989.com\/index.php?rest_route=%2Fwp%2Fv2%2Ftags&post=2751"}],"curies":[{"name":"wp","href":"https:\/\/api.w.org\/{rel}","templated":true}]}}