{"id":2754,"date":"2023-08-25T19:31:51","date_gmt":"2023-08-25T22:31:51","guid":{"rendered":"https:\/\/lametro989.com\/?p=2754"},"modified":"2023-08-25T19:31:51","modified_gmt":"2023-08-25T22:31:51","slug":"mas-inversion-en-villa-berthet-edificio-de-la-escuela-secundaria-n202-pavimento-e-infraestructura-deportiva","status":"publish","type":"post","link":"https:\/\/lametro989.com\/?p=2754","title":{"rendered":"M\u00e1s inversi\u00f3n en Villa Berthet: edificio de la Escuela Secundaria N\u00b0202, pavimento e infraestructura deportiva"},"content":{"rendered":"\n<p>El gobierno invirti\u00f3 489 millones de pesos para ejecutar las tres obras. &#8220;La infraestructura es clave para garantizar la inclusi\u00f3n y la equidad social&#8221;, dijo el gobernador Capitanich.<\/p>\n\n\n\n<figure class=\"wp-block-image size-large\"><img loading=\"lazy\" decoding=\"async\" width=\"1024\" height=\"678\" src=\"https:\/\/lametro989.com\/wp-content\/uploads\/2023\/08\/imagen-80-1024x678.png\" alt=\"\" class=\"wp-image-2755\" srcset=\"https:\/\/lametro989.com\/wp-content\/uploads\/2023\/08\/imagen-80-1024x678.png 1024w, https:\/\/lametro989.com\/wp-content\/uploads\/2023\/08\/imagen-80-300x199.png 300w, https:\/\/lametro989.com\/wp-content\/uploads\/2023\/08\/imagen-80-768x509.png 768w, https:\/\/lametro989.com\/wp-content\/uploads\/2023\/08\/imagen-80.png 1280w\" sizes=\"auto, (max-width: 1024px) 100vw, 1024px\" \/><\/figure>\n\n\n\n<p>En Villa Berthet, el gobernador Jorge Capitanich inaugur\u00f3 este viernes el nuevo edificio de la Escuela Secundaria N\u00b0202, 20 cuadras de pavimento y un SUM en el Club Cooperativa, donde adem\u00e1s entreg\u00f3 elementos deportivos. \u201cSeguimos transformando la ciudad y mejorando la calidad de vida de vecinos y vecinas\u201d, asegur\u00f3.<\/p>\n\n\n\n<p>El edificio de la EES N\u00b0202, demand\u00f3 una inversi\u00f3n de $228.249.530 (obra $202.849.530,25 y mobiliario 25.400.000,00), a trav\u00e9s del Fondo 37 del Ministerio de Educaci\u00f3n, Cultura, Ciencia y Tecnolog\u00eda. \u201cEs una gran obra, infraestructura escolar de excelencia que albergar\u00e1 a m\u00e1s de 200 alumnos y alumnas\u201d, indic\u00f3 el mandatario.<\/p>\n\n\n\n<p>\u201cEn tres mandatos constitucionales construimos m\u00e1s de 820 escuelas y llevamos adelante 2.500 intervenciones de distinta \u00edndole\u201d, resalt\u00f3 Capitanich, y sostuvo: \u201cla infraestructura escolar es clave para la inclusi\u00f3n social educativa, para garantizar igualdad de oportunidades, pero el desaf\u00edo es generar una educaci\u00f3n con calidad, lo que implica gran compromiso y esfuerzo\u201d.<\/p>\n\n\n\n<figure class=\"wp-block-image\"><img decoding=\"async\" src=\"https:\/\/agenciafoco.com.ar\/media\/cache\/quality\/uploads\/noticias\/64e8f7505f01c615507585.jpg\" alt=\"\"\/><\/figure>\n\n\n\n<p>El intendente German Honcheruk dijo que se trata de una obra &#8220;que cost\u00f3 mucho, se paraliz\u00f3 en 2015 durante el gobierno de Macri pero la retomamos junto al gobernador&#8221;. &#8220;Va a generar mejor calidad de trabajo para los docentes y mejores condiciones de educaci\u00f3n para los ni\u00f1os\u201d, afirm\u00f3.<\/p>\n\n\n\n<p>El jefe comunal destac\u00f3 las distintas obras que se llevan adelante en la localidad, las inauguradas en la jornada adem\u00e1s del edificio escolar, el pavimento y el SUM, y otras como viviendas en ejecuci\u00f3n. \u201cSin el acompa\u00f1amiento y el trabajo incansable de nuestro gobernador esto no hubiera sido posible\u201d, asegur\u00f3.<\/p>\n\n\n\n<p>El ministro de Educaci\u00f3n, Aldo Lineras, coment\u00f3 que hasta fin de a\u00f1o todav\u00eda restan por inaugurarse aproximadamente 50 obras, gracias al plan que llevan en conjunto los ministerios de Planificaci\u00f3n, Econom\u00eda e Infraestructura y de Educaci\u00f3n. S\u00f3lo en esta tercera gesti\u00f3n del gobernador Capitanich se concretar\u00e1n 180 obras entre nuevas, ampliadas y refaccionadas.<\/p>\n\n\n\n<p>Tambi\u00e9n acompa\u00f1aron este acto el subsecretario de Infraestructura Escolar, Pablo Aguirre, el director Regional 9, Ram\u00f3n Alvarez, y el administrador de la DPV, Hugo Varela.<\/p>\n\n\n\n<h3 class=\"wp-block-heading\">M\u00e1s pavimento y nuevo SUM<\/h3>\n\n\n\n<figure class=\"wp-block-image\"><img decoding=\"async\" src=\"https:\/\/agenciafoco.com.ar\/media\/cache\/quality\/uploads\/noticias\/64e8f7505fd18503921226.jpg\" alt=\"\"\/><\/figure>\n\n\n\n<p>En la jornada, el gobernador inaugur\u00f3 20 cuadras de pavimento en la avenida Independencia. La obra demand\u00f3 una inversi\u00f3n de $197.267.952 a trav\u00e9s de un convenio entre el municipio y la Direcci\u00f3n de Vialidad Provincial.<\/p>\n\n\n\n<p>\u201cEn esta ciudad ya concretamos m\u00e1s de 300 cuadras de pavimento con distintas operatorias de financiamiento. M\u00e1s del 70% de las cuadras ya tienen pavimento y eso es un orgullo\u201d, resalt\u00f3 Capitanich.<\/p>\n\n\n\n<p>Mientras que en la inauguraci\u00f3n del SUM en el Club Cooperativa destac\u00f3 el papel de la instituci\u00f3n en la comunidad, al que asisten cerca de 400 ni\u00f1os, j\u00f3venes y adultos. La obra tuvo una inversi\u00f3n de $64.156.247. \u201cEn los \u00faltimos cuatro a\u00f1os, hemos invertido en cerca de 500 instituciones deportivas con m\u00e1s de 13 mil 500 millones de pesos\u201d, enfatiz\u00f3 el gobernador.<\/p>\n","protected":false},"excerpt":{"rendered":"<p>El gobierno invirti\u00f3 489 millones de pesos para ejecutar las tres obras. &#8220;La infraestructura es clave para garantizar la inclusi\u00f3n y la equidad social&#8221;, dijo&hellip; <\/p>\n","protected":false},"author":2,"featured_media":2755,"comment_status":"open","ping_status":"open","sticky":false,"template":"","format":"standard","meta":{"footnotes":""},"categories":[5],"tags":[],"class_list":["post-2754","post","type-post","status-publish","format-standard","has-post-thumbnail","hentry","category-politica"],"_links":{"self":[{"href":"https:\/\/lametro989.com\/index.php?rest_route=\/wp\/v2\/posts\/2754","targetHints":{"allow":["GET"]}}],"collection":[{"href":"https:\/\/lametro989.com\/index.php?rest_route=\/wp\/v2\/posts"}],"about":[{"href":"https:\/\/lametro989.com\/index.php?rest_route=\/wp\/v2\/types\/post"}],"author":[{"embeddable":true,"href":"https:\/\/lametro989.com\/index.php?rest_route=\/wp\/v2\/users\/2"}],"replies":[{"embeddable":true,"href":"https:\/\/lametro989.com\/index.php?rest_route=%2Fwp%2Fv2%2Fcomments&post=2754"}],"version-history":[{"count":1,"href":"https:\/\/lametro989.com\/index.php?rest_route=\/wp\/v2\/posts\/2754\/revisions"}],"predecessor-version":[{"id":2756,"href":"https:\/\/lametro989.com\/index.php?rest_route=\/wp\/v2\/posts\/2754\/revisions\/2756"}],"wp:featuredmedia":[{"embeddable":true,"href":"https:\/\/lametro989.com\/index.php?rest_route=\/wp\/v2\/media\/2755"}],"wp:attachment":[{"href":"https:\/\/lametro989.com\/index.php?rest_route=%2Fwp%2Fv2%2Fmedia&parent=2754"}],"wp:term":[{"taxonomy":"category","embeddable":true,"href":"https:\/\/lametro989.com\/index.php?rest_route=%2Fwp%2Fv2%2Fcategories&post=2754"},{"taxonomy":"post_tag","embeddable":true,"href":"https:\/\/lametro989.com\/index.php?rest_route=%2Fwp%2Fv2%2Ftags&post=2754"}],"curies":[{"name":"wp","href":"https:\/\/api.w.org\/{rel}","templated":true}]}}