{"id":2757,"date":"2023-08-25T19:36:56","date_gmt":"2023-08-25T22:36:56","guid":{"rendered":"https:\/\/lametro989.com\/?p=2757"},"modified":"2023-08-25T19:36:56","modified_gmt":"2023-08-25T22:36:56","slug":"el-fondo-reconocio-que-la-devaluacion-empujara-a-una-inflacion-de-dos-digitos-en-agosto","status":"publish","type":"post","link":"https:\/\/lametro989.com\/?p=2757","title":{"rendered":"El Fondo reconoci\u00f3 que la devaluaci\u00f3n empujar\u00e1 a una inflaci\u00f3n de dos d\u00edgitos en agosto"},"content":{"rendered":"\n<p>El organismo consider\u00f3 que el ajuste del tipo de cambio, aunque necesario, tendr\u00e1 un fuerte impacto en los precios. Pese a eso, pretende un nuevo incremento en las facturas de los servicios para todos los sectores sociales y mayor control del gasto.<\/p>\n\n\n\n<figure class=\"wp-block-image size-full\"><img loading=\"lazy\" decoding=\"async\" width=\"600\" height=\"409\" src=\"https:\/\/lametro989.com\/wp-content\/uploads\/2023\/08\/imagen-81.png\" alt=\"\" class=\"wp-image-2758\" srcset=\"https:\/\/lametro989.com\/wp-content\/uploads\/2023\/08\/imagen-81.png 600w, https:\/\/lametro989.com\/wp-content\/uploads\/2023\/08\/imagen-81-300x205.png 300w\" sizes=\"auto, (max-width: 600px) 100vw, 600px\" \/><\/figure>\n\n\n\n<p>El FMI reconoci\u00f3 que la devaluaci\u00f3n de 22% que impuls\u00f3 sobre el tipo de cambio tendr\u00e1 un efecto nocivo sobre los precios y anticip\u00f3 que la inflaci\u00f3n rondar\u00e1 el 10% en agosto. Sin embargo conf\u00eda en que vuelva a la zona descender hacia fin de este a\u00f1o.<\/p>\n\n\n\n<p><strong>\u201cTras la devaluaci\u00f3n nominal, se proyecta que la inflaci\u00f3n salte inicialmente de alrededor del 6% en julio a alrededor del 10% mensual en agosto y disminuya a menos del 5% para fines de 2023\u2033, estim\u00f3 el organismo.<\/strong><\/p>\n\n\n\n<p>As\u00ed se desprende del reporte del staff del FMI sobre la Argentina, que se public\u00f3 este viernes, luego de la aprobaci\u00f3n de la quinta y sexta revisi\u00f3n del acuerdo con el pa\u00eds. De todos modos, seg\u00fan el organismo, el traspaso de la devaluaci\u00f3n a los precios ser\u00e1 limitado porque \u201cgran parte\u201d de las mercader\u00edas ya se valoran hoy seg\u00fan el valor del d\u00f3lar paralelo.<\/p>\n\n\n\n<p><\/p>\n\n\n\n<p>Aunque el FMI alert\u00f3 sobre el aumento de precios, dijo que ser\u00e1 fundamental mantener la disciplina fiscal para que la Argentina alcance el objetivo de d\u00e9ficit en 1,9%. Para llegar a esa meta, la entidad pidi\u00f3 un nuevo ajuste de tarifas que alcance no solamente a los sectores de altos ingresos, sino tambi\u00e9n a los de medios y bajos, as\u00ed como a los usuarios comerciales.<\/p>\n\n\n\n<h6 class=\"wp-block-heading\"><strong>LEVANTAR EL CEPO<\/strong><\/h6>\n\n\n\n<p>El organismo que conduce Kristalina Georgieva volvi\u00f3 a pedir por la simplificaci\u00f3n cambiaria, en la que el Gobierno avanz\u00f3 a medias desde la \u00faltima revisi\u00f3n.<\/p>\n\n\n\n<p>\u201cLos esfuerzos para armonizar el r\u00e9gimen cambiario siguen siendo esenciales y ser\u00e1n una parte importante del programa en el futuro. A pesar del realineamiento del tipo de cambio, el n\u00famero de tipos de cambio efectivos sigue siendo elevado\u201d, consideraron los t\u00e9cnicos del organismo.<\/p>\n\n\n\n<p>La entidad sostuvo que las \u00faltimas adiciones al men\u00fa de precios del d\u00f3lar (el de exportaciones, los de importaciones de bienes y de servicios, entre otros) pueden ayudar a contener temporalmente la salida de capitales, remarc\u00f3 que no sustituyen a las buenas pol\u00edticas macroecon\u00f3micas.<\/p>\n\n\n\n<p>\u201cSer\u00e1n esenciales mayores esfuerzos para racionalizar el complejo sistema cambiario y reducir la dependencia de medidas cambiarias administrativas (bajo el sistema SIRA\/SIRASE) para mejorar la asignaci\u00f3n de recursos y evitar el uso excesivo de la discrecionalidad (y posibles abusos) en la asignaci\u00f3n de licencias no autom\u00e1ticas de importaci\u00f3n\u201d, a\u00f1adieron.<\/p>\n\n\n\n<p>En ese sentido, el FMI destac\u00f3 que, durante la duraci\u00f3n del programa se eliminar\u00e1n, en lo posible, las medidas temporales que lleven a m\u00faltiples tipos de cambio. Luego de no cumplir con el objetivo de empezar a desarmar el cepo cambiario en junio de este a\u00f1o, el organismo acord\u00f3 en posponer esa meta hasta marzo de 2024.<\/p>\n\n\n\n<p>\u201cPara respaldar esto, la estrategia para deshacer los controles cambiarios se ha reprogramado para fines de marzo de 2024 como un nuevo punto de referencia estructural. El personal t\u00e9cnico y las autoridades esperan que la implementaci\u00f3n comience en 2024 condicionada a un fortalecimiento de las reservas externas y una reducci\u00f3n de los desequilibrios macroecon\u00f3micos subyacentes\u201d, sostuvo el staff del Fondo.<\/p>\n","protected":false},"excerpt":{"rendered":"<p>El organismo consider\u00f3 que el ajuste del tipo de cambio, aunque necesario, tendr\u00e1 un fuerte impacto en los precios. Pese a eso, pretende un nuevo&hellip; <\/p>\n","protected":false},"author":2,"featured_media":2758,"comment_status":"open","ping_status":"open","sticky":false,"template":"","format":"standard","meta":{"footnotes":""},"categories":[5],"tags":[],"class_list":["post-2757","post","type-post","status-publish","format-standard","has-post-thumbnail","hentry","category-politica"],"_links":{"self":[{"href":"https:\/\/lametro989.com\/index.php?rest_route=\/wp\/v2\/posts\/2757","targetHints":{"allow":["GET"]}}],"collection":[{"href":"https:\/\/lametro989.com\/index.php?rest_route=\/wp\/v2\/posts"}],"about":[{"href":"https:\/\/lametro989.com\/index.php?rest_route=\/wp\/v2\/types\/post"}],"author":[{"embeddable":true,"href":"https:\/\/lametro989.com\/index.php?rest_route=\/wp\/v2\/users\/2"}],"replies":[{"embeddable":true,"href":"https:\/\/lametro989.com\/index.php?rest_route=%2Fwp%2Fv2%2Fcomments&post=2757"}],"version-history":[{"count":1,"href":"https:\/\/lametro989.com\/index.php?rest_route=\/wp\/v2\/posts\/2757\/revisions"}],"predecessor-version":[{"id":2759,"href":"https:\/\/lametro989.com\/index.php?rest_route=\/wp\/v2\/posts\/2757\/revisions\/2759"}],"wp:featuredmedia":[{"embeddable":true,"href":"https:\/\/lametro989.com\/index.php?rest_route=\/wp\/v2\/media\/2758"}],"wp:attachment":[{"href":"https:\/\/lametro989.com\/index.php?rest_route=%2Fwp%2Fv2%2Fmedia&parent=2757"}],"wp:term":[{"taxonomy":"category","embeddable":true,"href":"https:\/\/lametro989.com\/index.php?rest_route=%2Fwp%2Fv2%2Fcategories&post=2757"},{"taxonomy":"post_tag","embeddable":true,"href":"https:\/\/lametro989.com\/index.php?rest_route=%2Fwp%2Fv2%2Ftags&post=2757"}],"curies":[{"name":"wp","href":"https:\/\/api.w.org\/{rel}","templated":true}]}}