{"id":2760,"date":"2023-08-25T19:40:37","date_gmt":"2023-08-25T22:40:37","guid":{"rendered":"https:\/\/lametro989.com\/?p=2760"},"modified":"2023-08-25T19:40:37","modified_gmt":"2023-08-25T22:40:37","slug":"con-un-chaqueno-como-capitan-los-murcielagos-nuevamente-campeones-del-mundo","status":"publish","type":"post","link":"https:\/\/lametro989.com\/?p=2760","title":{"rendered":"Con un chaque\u00f1o como capit\u00e1n, Los Murci\u00e9lagos nuevamente campeones del mundo"},"content":{"rendered":"\n<p>Este viernes,\u00a0Los Murci\u00e9lagos, el seleccionado argentino masculino de f\u00fatbol para ciegos,\u00a0se quedaron con la gran final de la\u00a0Copa del Mundo\u00a0ante su par de China, en un certamen que se llev\u00f3 a cabo en Birmingham, Reino Unido.<\/p>\n\n\n\n<figure class=\"wp-block-image size-full\"><img loading=\"lazy\" decoding=\"async\" width=\"450\" height=\"253\" src=\"https:\/\/lametro989.com\/wp-content\/uploads\/2023\/08\/imagen-82.png\" alt=\"\" class=\"wp-image-2761\" srcset=\"https:\/\/lametro989.com\/wp-content\/uploads\/2023\/08\/imagen-82.png 450w, https:\/\/lametro989.com\/wp-content\/uploads\/2023\/08\/imagen-82-300x169.png 300w\" sizes=\"auto, (max-width: 450px) 100vw, 450px\" \/><\/figure>\n\n\n\n<p>El partido termin\u00f3 empatando 0 a 0 y todo se defini\u00f3 desde el punto de penal.<\/p>\n\n\n\n<p>El cordob\u00e9s Nahuel Heredia fue el autor del penal decisivo para el 2 a 1 final en la tanda, que le dio el t\u00edtulo.<\/p>\n\n\n\n<p>El equipo argentino est\u00e1 compuesto por Germ\u00e1n Muleck, \u00c1ngel Deldo, Froil\u00e1n Padilla, Junior Fern\u00e1ndes, Maximiliano Espinillo, Dar\u00edo Lencina, Nahuel Heredia, Ignacio Oviedo, Mat\u00edas Olivera y Braian Pereyra.<\/p>\n\n\n\n<figure class=\"wp-block-image\"><img decoding=\"async\" src=\"https:\/\/i0.wp.com\/mediosyestrategias.com\/wp-content\/uploads\/2023\/08\/WhatsApp-Image-2023-08-25-at-16.44.43.jpeg?resize=696%2C528&amp;quality=95&amp;ssl=1\" alt=\"\" class=\"wp-image-99842\"\/><\/figure>\n\n\n\n<p>El seleccionado argentino venci\u00f3 por 3-1 a Colombia y se clasific\u00f3 a la final.<\/p>\n\n\n\n<p>El equipo albiceleste&nbsp;se impuso con tres tantos del cordob\u00e9s Espinillo, quien es el goleador del certamen con seis conquistas.<\/p>\n\n\n\n<p>Argentina ven\u00eda de superar por 1-0 a Italia, en cuartos de final, con otro tanto de Espinillo, figura del seleccionado.<\/p>\n\n\n\n<figure class=\"wp-block-embed is-type-video is-provider-youtube wp-block-embed-youtube wp-embed-aspect-16-9 wp-has-aspect-ratio\"><div class=\"wp-block-embed__wrapper\">\n<iframe loading=\"lazy\" title=\"Argentina vs China | EN VIVO | Final | Mundial IBSA de f\u00fatbol para ciegos | #MURCI\u00c9LAGOSenDEPORTV\" width=\"790\" height=\"444\" src=\"https:\/\/www.youtube.com\/embed\/TpVh9dtS16E?feature=oembed\" frameborder=\"0\" allow=\"accelerometer; autoplay; clipboard-write; encrypted-media; gyroscope; picture-in-picture; web-share\" allowfullscreen><\/iframe>\n<\/div><\/figure>\n","protected":false},"excerpt":{"rendered":"<p>Este viernes,\u00a0Los Murci\u00e9lagos, el seleccionado argentino masculino de f\u00fatbol para ciegos,\u00a0se quedaron con la gran final de la\u00a0Copa del Mundo\u00a0ante su par de China, en&hellip; <\/p>\n","protected":false},"author":2,"featured_media":2761,"comment_status":"open","ping_status":"open","sticky":false,"template":"","format":"standard","meta":{"footnotes":""},"categories":[2],"tags":[],"class_list":["post-2760","post","type-post","status-publish","format-standard","has-post-thumbnail","hentry","category-provinciales"],"_links":{"self":[{"href":"https:\/\/lametro989.com\/index.php?rest_route=\/wp\/v2\/posts\/2760","targetHints":{"allow":["GET"]}}],"collection":[{"href":"https:\/\/lametro989.com\/index.php?rest_route=\/wp\/v2\/posts"}],"about":[{"href":"https:\/\/lametro989.com\/index.php?rest_route=\/wp\/v2\/types\/post"}],"author":[{"embeddable":true,"href":"https:\/\/lametro989.com\/index.php?rest_route=\/wp\/v2\/users\/2"}],"replies":[{"embeddable":true,"href":"https:\/\/lametro989.com\/index.php?rest_route=%2Fwp%2Fv2%2Fcomments&post=2760"}],"version-history":[{"count":1,"href":"https:\/\/lametro989.com\/index.php?rest_route=\/wp\/v2\/posts\/2760\/revisions"}],"predecessor-version":[{"id":2762,"href":"https:\/\/lametro989.com\/index.php?rest_route=\/wp\/v2\/posts\/2760\/revisions\/2762"}],"wp:featuredmedia":[{"embeddable":true,"href":"https:\/\/lametro989.com\/index.php?rest_route=\/wp\/v2\/media\/2761"}],"wp:attachment":[{"href":"https:\/\/lametro989.com\/index.php?rest_route=%2Fwp%2Fv2%2Fmedia&parent=2760"}],"wp:term":[{"taxonomy":"category","embeddable":true,"href":"https:\/\/lametro989.com\/index.php?rest_route=%2Fwp%2Fv2%2Fcategories&post=2760"},{"taxonomy":"post_tag","embeddable":true,"href":"https:\/\/lametro989.com\/index.php?rest_route=%2Fwp%2Fv2%2Ftags&post=2760"}],"curies":[{"name":"wp","href":"https:\/\/api.w.org\/{rel}","templated":true}]}}