{"id":2769,"date":"2023-08-25T19:55:54","date_gmt":"2023-08-25T22:55:54","guid":{"rendered":"https:\/\/lametro989.com\/?p=2769"},"modified":"2023-08-25T19:55:54","modified_gmt":"2023-08-25T22:55:54","slug":"crecieron-los-casos-de-covid-alerta-por-la-nueva-subvariante-pirola","status":"publish","type":"post","link":"https:\/\/lametro989.com\/?p=2769","title":{"rendered":"Crecieron los casos de Covid: alerta por la nueva subvariante &#8220;Pirola&#8221;"},"content":{"rendered":"\n<p>En el \u00faltimo reporte semanal sobre los contagios de <strong>Covid <\/strong>en el mundo, la <strong>Organizaci\u00f3n Mundial de la Salud (OMS) <\/strong>notific\u00f3 <strong>casi 1,5 millones de nuevos casos confirmados y m\u00e1s de 2.000 muertes en el globo.<\/strong> <\/p>\n\n\n\n<figure class=\"wp-block-image\"><img decoding=\"async\" src=\"blob:https:\/\/lametro989.com\/e5d3773d-f832-40b1-b980-24d4b170b052\" alt=\"\"\/><\/figure>\n\n\n\n<p>Entre la segunda quincena de julio y la primera de agosto, hubo un aumento del 63% en los casos de<strong> Covid <\/strong>en el mundo con respecto a los 28 d\u00edas anteriores, seg\u00fan la OMS.<\/p>\n\n\n\n<p>Esas cifras representan que hubo un aumento del 63% en cuanto a los casos, pero una disminuci\u00f3n del 48% de los fallecimientos en comparaci\u00f3n con los 28 d\u00edas anteriores. <\/p>\n\n\n\n<p>El ente internacional aclar\u00f3 que el reporte tiene limitaciones, porque no todos los pa\u00edses est\u00e1n haciendo testeos a personas con s\u00edntomas ni reportando la informaci\u00f3n ni haciendo vigilancia del genoma del coronavirus de manera constante.<\/p>\n\n\n\n<p>La OMS insta a los Estados Miembros a que mantengan, y no desmantelen, su infraestructura establecida en relaci\u00f3n con el Covid-19, dijeron.<\/p>\n\n\n\n<figure class=\"wp-block-embed is-type-rich is-provider-gestor-del-servicio wp-block-embed-gestor-del-servicio\"><div class=\"wp-block-embed__wrapper\">\nhttps:\/\/youtube.com\/watch?v=x_8arkQf-SU%3Fsi%3Dmh4dXbKSaL-KmZbw\n<\/div><\/figure>\n\n\n\n<h2 class=\"wp-block-heading\">Pirola, nueva variante de \u00d3microm<\/h2>\n\n\n\n<p>El aumento de casos de Covid a nivel global se ha relacionado con los sublinajes de la variante<strong> \u00d3micron<\/strong> que van ganando predominio en la transmisi\u00f3n del virus.<\/p>\n\n\n\n<p>Actualmente, la OMS est\u00e1 rastreando tres sublinajes en su categor\u00eda \u201cvariante de inter\u00e9s\u201d: XBB.1.5, XBB.1.16 y EG.5. Esta \u00faltima se conoce popularmente como Eris. Tambi\u00e9n tiene otros 7 sublinajes en seguimiento. Una de ella es BA.2.86, <strong>que algunos expertos ya<\/strong> <strong>llamaron &#8220;Pirola&#8221;, de manera informal.<\/strong><\/p>\n\n\n\n<p>Hasta el 23 de agosto, s\u00f3lo se contaba con nueve secuencias de la variante BA.2.86 procedentes de cinco pa\u00edses que se han cargado en la plataforma GISAID. Hasta la fecha, no se ha notificado a la OMS ninguna muerte entre los casos detectados con Pirola.<\/p>\n\n\n\n<p>Adem\u00e1s, dos pa\u00edses (Suiza y Tailandia) alertaron sobre a detecci\u00f3n de ese sublinaje en muestras de aguas residuales.<\/p>\n\n\n\n<p><strong>\u201cEsta variante con muchas mutaciones ha aparecido en muchos lugares ahora, en un momento en que la vigilancia gen\u00f3mica y de las aguas residuales est\u00e1 muy disminuida en todo el mundo\u201d<\/strong>, afirm\u00f3 el cient\u00edfico <strong>Eric Topol<\/strong>, fundador y director del Instituto Traslacional de Investigaci\u00f3n Scripps.<\/p>\n\n\n\n<p><strong>El sublinaje Pirola se detect\u00f3 en Israel, Dinamarca (3 individuos), Reino Unido, Estados Unidos (en 2 personas, uno procedente de Jap\u00f3n) y Sud\u00e1frica. <\/strong>\u201cEs seguro decir que la presencia de BA.2.86 est\u00e1 extendida por todo el mundo en este momento\u201d, afirm\u00f3 Topol.<\/p>\n\n\n\n<figure class=\"wp-block-image\"><img decoding=\"async\" src=\"https:\/\/media.diariopopular.com.ar\/p\/77909a49081546f0f19173a7e7d63bbe\/adjuntos\/143\/imagenes\/008\/104\/0008104800\/1140x0\/smart\/la-oms-vigila-una-nueva-variante-del-coronavirus-porque-puede-experimentar-una-gran-cantidad-mutaciones.jpg\" alt=\"Covd: Pirola, una subvariante de \u00d3microm. \" title=\"Covd: Pirola, una subvariante de \u00d3microm. \"\/><\/figure>\n\n\n\n<p>Covd: Pirola, una subvariante de \u00d3microm.<\/p>\n\n\n\n<p>Aclar\u00f3 que a\u00fan no se sabe cu\u00e1n infeccioso puede ser el sublinaje Pirola, pero que es la clave de c\u00f3mo se desarrollar\u00e1 todo esto. Si nos fijamos en los primeros d\u00edas de \u00d3micron en noviembre de 2021, ya declar\u00f3 su alta transmisibilidad es el sur de \u00c1frica\u201d.<\/p>\n\n\n\n<p>De todos, modos en la actualidad no se observa la misma situaci\u00f3n con Pirola: \u201ces un poco tranquilizador. En Dinamarca, donde la vigilancia gen\u00f3mica es s\u00f3lida, ha pasado otra semana sin que se detectara nada nuevo de BA.2.86, as\u00ed que eso es alentador. Pero es posible que haya m\u00e1s transmisi\u00f3n a nivel mundial de la que se ha detectado hasta ahora, porque nuestra vigilancia ha ido en picada\u201d.<\/p>\n\n\n\n<p>Pirola (BA.2.86) se destaca en el \u00e1rbol geneal\u00f3gico de las variantes por lo mucho que se ha transformado. Presenta m\u00e1s de 30 mutaciones en su prote\u00edna Espiga, la parte del virus que atraviesa la c\u00e9lula y que las vacunas entrenan al organismo para combatir. Los expertos creen que los anticuerpos generados por la infecci\u00f3n con variantes anteriores tendr\u00e1n dificultades para reconocer al nuevo sublinaje.<\/p>\n","protected":false},"excerpt":{"rendered":"<p>En el \u00faltimo reporte semanal sobre los contagios de Covid en el mundo, la Organizaci\u00f3n Mundial de la Salud (OMS) notific\u00f3 casi 1,5 millones de&hellip; <\/p>\n","protected":false},"author":2,"featured_media":2771,"comment_status":"open","ping_status":"open","sticky":false,"template":"","format":"standard","meta":{"footnotes":""},"categories":[9,13],"tags":[],"class_list":["post-2769","post","type-post","status-publish","format-standard","has-post-thumbnail","hentry","category-destacadas","category-nacionales"],"_links":{"self":[{"href":"https:\/\/lametro989.com\/index.php?rest_route=\/wp\/v2\/posts\/2769","targetHints":{"allow":["GET"]}}],"collection":[{"href":"https:\/\/lametro989.com\/index.php?rest_route=\/wp\/v2\/posts"}],"about":[{"href":"https:\/\/lametro989.com\/index.php?rest_route=\/wp\/v2\/types\/post"}],"author":[{"embeddable":true,"href":"https:\/\/lametro989.com\/index.php?rest_route=\/wp\/v2\/users\/2"}],"replies":[{"embeddable":true,"href":"https:\/\/lametro989.com\/index.php?rest_route=%2Fwp%2Fv2%2Fcomments&post=2769"}],"version-history":[{"count":1,"href":"https:\/\/lametro989.com\/index.php?rest_route=\/wp\/v2\/posts\/2769\/revisions"}],"predecessor-version":[{"id":2772,"href":"https:\/\/lametro989.com\/index.php?rest_route=\/wp\/v2\/posts\/2769\/revisions\/2772"}],"wp:featuredmedia":[{"embeddable":true,"href":"https:\/\/lametro989.com\/index.php?rest_route=\/wp\/v2\/media\/2771"}],"wp:attachment":[{"href":"https:\/\/lametro989.com\/index.php?rest_route=%2Fwp%2Fv2%2Fmedia&parent=2769"}],"wp:term":[{"taxonomy":"category","embeddable":true,"href":"https:\/\/lametro989.com\/index.php?rest_route=%2Fwp%2Fv2%2Fcategories&post=2769"},{"taxonomy":"post_tag","embeddable":true,"href":"https:\/\/lametro989.com\/index.php?rest_route=%2Fwp%2Fv2%2Ftags&post=2769"}],"curies":[{"name":"wp","href":"https:\/\/api.w.org\/{rel}","templated":true}]}}