{"id":2773,"date":"2023-08-25T20:03:49","date_gmt":"2023-08-25T23:03:49","guid":{"rendered":"https:\/\/lametro989.com\/?p=2773"},"modified":"2023-08-25T20:03:49","modified_gmt":"2023-08-25T23:03:49","slug":"alberto-fernandez-advirtio-sobre-las-trampas-del-discurso-libertario","status":"publish","type":"post","link":"https:\/\/lametro989.com\/?p=2773","title":{"rendered":"Alberto Fern\u00e1ndez advirti\u00f3 sobre las &#8220;trampas&#8221; del discurso libertario"},"content":{"rendered":"\n<p>&#8220;La \u00fanica casta que se est\u00e1 defendiendo con ese discurso es la de los poderosos, los que tienen dinero y recursos, de los que pueden pagar sus estudio y su salud&#8221;, asegur\u00f3 el presidente durante una inauguraci\u00f3n en el Centro Universitario de la Universidad Nacional de La Pampa.<\/p>\n\n\n\n<figure class=\"wp-block-image size-large\"><img loading=\"lazy\" decoding=\"async\" width=\"1024\" height=\"576\" src=\"https:\/\/lametro989.com\/wp-content\/uploads\/2023\/08\/imagen-86-1024x576.png\" alt=\"\" class=\"wp-image-2774\" srcset=\"https:\/\/lametro989.com\/wp-content\/uploads\/2023\/08\/imagen-86-1024x576.png 1024w, https:\/\/lametro989.com\/wp-content\/uploads\/2023\/08\/imagen-86-300x169.png 300w, https:\/\/lametro989.com\/wp-content\/uploads\/2023\/08\/imagen-86-768x432.png 768w, https:\/\/lametro989.com\/wp-content\/uploads\/2023\/08\/imagen-86.png 1200w\" sizes=\"auto, (max-width: 1024px) 100vw, 1024px\" \/><\/figure>\n\n\n\n<p>El presidente Alberto Fern\u00e1ndez replic\u00f3 este viernes consignas libertarias y sostuvo que <strong>&#8220;la \u00fanica casta que se est\u00e1 defendiendo con ese discurso es la de los poderosos, los que tienen dinero y recursos, de los que pueden pagar sus estudio y su salud&#8221;<\/strong>.<\/p>\n\n\n\n<p><strong>&#8220;El discurso de libertad es una enorme trampa que en realidad les va a quitar la libertad&#8221;<\/strong>, advirti\u00f3 el jefe del Estado, quien puso como ejemplo a las mujeres que &#8220;trabajaron mucho para conquistar sus derechos&#8221; y &#8220;no puede ser que alguien venga a borr\u00e1rselos de un plumazo&#8221;.<\/p>\n\n\n\n<figure class=\"wp-block-image\"><a href=\"javascript:void(0);\"><img decoding=\"async\" src=\"https:\/\/www.telam.com.ar\/thumbs\/bluesteel\/advf\/imagenes\/2023\/08\/64e8f37677815_1200.jpg\" alt=\"Foto Julin Varela\"\/><\/a><figcaption class=\"wp-element-caption\">Foto: Juli\u00e1n Varela.<\/figcaption><\/figure>\n\n\n\n<p>En clave electoral, el jefe de Estado pidi\u00f3 <strong>&#8220;no retroceder&#8221;<\/strong> en lo conquistado y apunt\u00f3 el\u00edpticamente contra el candidato presidencial por La Libertad Avanza (LLA), Javier Milei, a quien acus\u00f3 de defender a una &#8220;casta&#8221; de &#8220;poderosos&#8221; que pueden pagar la salud y la educaci\u00f3n.<\/p>\n\n\n\n<p>&#8220;D<strong>etr\u00e1s de todo ese mensaje de libertad hay una enorme trampa<\/strong>, porque la \u00fanica casta que se est\u00e1 defendiendo es la casta de los poderosos, de los que tiene dinero y recursos. De los que pueden pagar su salud y educaci\u00f3n. Y detr\u00e1s de ese discurso de libertad, les quitan la libertad a ustedes para estudiar\u201d, se\u00f1al\u00f3<br>El Presidente habl\u00f3 al encabezar el acto de inauguraci\u00f3n del edificio de aulas y auditorios del Centro Universitario de la Universidad Nacional de La Pampa (UNLPam) en la ciudad de Santa Rosa, junto al gobernador local, Sergio Ziliotto, y los ministros de Obras P\u00fablicas, Gabriel Katopodis, y de Educaci\u00f3n, Jaime Perczyk.<\/p>\n\n\n\n<p>Aunque buena parte de su discurso se hab\u00eda dirigido a defender la intervenci\u00f3n del Estado en educaci\u00f3n, salud, ciencia y tecnolog\u00eda, sobre el final de su intervenci\u00f3n Fern\u00e1ndez <strong>se dirigi\u00f3 especialmente a las mujeres presentes para pedirles que defiendan los derechos que &#8220;con trabajo han conquistado&#8221;.<\/strong><\/p>\n\n\n\n<p>Aunque sin hacer menci\u00f3n expl\u00edcita, Fern\u00e1ndez eligi\u00f3 como antagonista a las ideas &#8220;libertarias&#8221;, cuyo principal candidato propuso la eliminaci\u00f3n del Ministerio de las Mujeres y la convocatoria a un plebiscito para derogar la ley de aborto.<\/p>\n\n\n\n<h2 class=\"wp-block-heading\">Fern\u00e1ndez: &#8220;El Estado tiene que estar presente para garantizar la educaci\u00f3n y la salud p\u00fablica&#8221;<\/h2>\n\n\n\n<p>VER VIDEO<\/p>\n\n\n\n<p>&#8220;Quedan muchos m\u00e1s derechos para conquistar la igualdad de la mujer con el hombre&#8221;, dijo el jefe de Estado y puso como ejemplo la desigualdad salarial entre los g\u00e9neros, condici\u00f3n que calific\u00f3 de &#8220;insoportable&#8221;.<\/p>\n\n\n\n<p>Fern\u00e1ndez tambi\u00e9n confront\u00f3 con los principales argumentos de Milei en materia educativa, entre ellas la del adoctrinamiento, y dijo: &#8220;\u00bfA qui\u00e9n adoctrinamos?. Educamos&#8221;.<\/p>\n\n\n\n<p><strong>&#8220;Cuando dicen que quieren terminar con el Conicet, est\u00e1 diciendo terminemos con la ciencia y a tecnolog\u00eda&#8221;<\/strong>, se\u00f1al\u00f3.<\/p>\n\n\n\n<figure class=\"wp-block-image\"><a href=\"javascript:void(0);\"><img decoding=\"async\" src=\"https:\/\/www.telam.com.ar\/thumbs\/bluesteel\/advf\/imagenes\/2023\/08\/64e8f3764e679_1200.jpg\" alt=\"Foto Julin Varela\"\/><\/a><figcaption class=\"wp-element-caption\">Foto: Juli\u00e1n Varela.<\/figcaption><\/figure>\n\n\n\n<p>Tambi\u00e9n se refiri\u00f3 a quienes dicen que &#8220;educaci\u00f3n p\u00fablica la paga alguien&#8221; y manifest\u00f3: &#8220;S\u00ed se\u00f1or la pagan los impuestos de todos los argentinos. Somos una comunidad, y como comunidad que somos una patria, y la solidaridad es central y claramente, tenemos que ocuparnos de ser solidarios para que los que no puedan acceder a la educaci\u00f3n, puedan acceder&#8221;.<\/p>\n\n\n\n<p><strong>&#8220;Salta alguien y me dice que esa educaci\u00f3n se paga con el IVA que pagan los pobres. Es verdad que son recursos que se dedican a la educaci\u00f3n, pero esa gente, cuando se enferma, es atendida por la salud p\u00fablica, que est\u00e1 llena de m\u00e9dicos y de enfermeras, de t\u00e9cnicos que han salido de la educaci\u00f3n p\u00fablica&#8221;<\/strong>, agreg\u00f3.<\/p>\n\n\n\n<p>Despu\u00e9s apunt\u00f3 contra el plan para otorgar vouchers educativos y dijo que ese modelo solo llevo a &#8220;crisis y crisis en Chile&#8221;.<\/p>\n\n\n\n<figure class=\"wp-block-image\"><a href=\"javascript:void(0);\"><img decoding=\"async\" src=\"https:\/\/www.telam.com.ar\/thumbs\/bluesteel\/advf\/imagenes\/2023\/08\/64e8f3766339c_1200.jpg\" alt=\"Foto Julin Varela\"\/><\/a><figcaption class=\"wp-element-caption\">Foto: Juli\u00e1n Varela.<\/figcaption><\/figure>\n\n\n\n<p><strong>Ziliotto<\/strong>, por su parte, destac\u00f3 que en tiempos en los que se vive &#8220;una desvalorizaci\u00f3n de la trascendencia estrat\u00e9gica de la universidad p\u00fablica&#8221; hay que reivindicar &#8220;orgullosamente&#8221; que sea &#8220;gratuita, abierta para todos y todas&#8221;.<\/p>\n\n\n\n<p>&#8220;Se discute la presencia del Estado. El gobierno nacional que asumi\u00f3 en 2019 nos dio 129 obras, terminadas, en ejecuci\u00f3n, licitada. Una inversi\u00f3n de 263 mil millones de pesos&#8221;, a\u00f1adi\u00f3.<\/p>\n\n\n\n<p>M\u00e1s temprano, en di\u00e1logo con la prensa local, el primer mandatario hab\u00eda dicho que el ministro de Econom\u00eda y candidato a presidente de Uni\u00f3n por la Patria (UxP) , <strong>Sergio Massa<\/strong>, anunciar\u00e1 una serie de medidas &#8220;en favor de los sectores m\u00e1s vulnerables y de los trabajadores&#8221; y llam\u00f3 a &#8220;despu\u00e9s del ruido electoral, recuperar la tranquilidad, la paz social y la convivencia democr\u00e1tica&#8221;.<\/p>\n\n\n\n<p>&#8220;Hoy el ministro Massa va a comenzar a anunciar las medidas que dije que iba a tomar en favor de los sectores m\u00e1s vulnerables y que trabajan, y que han sufrido en desmedro en sus ingresos como consecuencia de la devaluaci\u00f3n y la inflaci\u00f3n&#8221;, afirm\u00f3 el Presidente en declaraciones a la prensa en La Pampa, donde detall\u00f3 que esas medidas <strong>&#8220;suponen una suma fija, una correcci\u00f3n en los ingresos de los jubilados, en la AUH y en la Tarjeta Alimentar, todos sectores que se han visto afectados con lo que ha pasado en la econom\u00eda&#8221;.<\/strong><\/p>\n\n\n\n<figure class=\"wp-block-image\"><a href=\"javascript:void(0);\"><img decoding=\"async\" src=\"https:\/\/www.telam.com.ar\/thumbs\/bluesteel\/advf\/imagenes\/2023\/08\/64e8f375ecb5b_1200.jpg\" alt=\"Foto Julin Varela\"\/><\/a><figcaption class=\"wp-element-caption\">Foto: Juli\u00e1n Varela.<\/figcaption><\/figure>\n\n\n\n<p>&#8220;<strong>Este Gobierno no se olvida de los que trabajan<\/strong>&#8220;, dijo Fern\u00e1ndez en sus declaraciones a la prensa local.<\/p>\n\n\n\n<p>Consultado sobre la posibilidad de un recorte en el Estado en caso de un triunfo opositor, el jefe de Estado se\u00f1al\u00f3 la obra que inaugur\u00f3 horas despu\u00e9s y subray\u00f3 que &#8220;la gente tiene que poner en valor esto&#8221;.<\/p>\n\n\n\n<p>&#8220;Para nosotros, conceptualmente, el Estado tiene que estar presente para garantizar la educaci\u00f3n, la salud p\u00fablica. Nuestro apoyo a la educaci\u00f3n p\u00fablica es contundente y hay que seguir apostando a eso&#8221;, expres\u00f3.<\/p>\n\n\n\n<p>Luego de destacar que su Gobierno lleva <strong>&#8220;6800 obras iniciadas de las cuales 3700 est\u00e1n terminadas&#8221;<\/strong>, a\u00f1adi\u00f3 que eso &#8220;est\u00e1 en riesgo porque <strong>hay quienes piensan que para venir a la universidad p\u00fablica van necesitar un voucher<\/strong>&#8220;, en referencia a la propuesta de Milei.<\/p>\n\n\n\n<p>&#8220;(Para la oposici\u00f3n) que estudie el que pueda pagar, que tenga salud el que pueda pagar. Nosotros no queremos eso, creemos en un Estado igualador, al lado del que lo necesita&#8221;, dijo en esa oportunidad.<\/p>\n\n\n\n<figure class=\"wp-block-image\"><a href=\"javascript:void(0);\"><img decoding=\"async\" src=\"https:\/\/www.telam.com.ar\/thumbs\/bluesteel\/advf\/imagenes\/2023\/08\/64e8f37623a0f_1200.jpg\" alt=\"Foto Julin Varela\"\/><\/a><figcaption class=\"wp-element-caption\">Foto: Juli\u00e1n Varela.<\/figcaption><\/figure>\n\n\n\n<p>El nuevo edificio de la UNLPam, construido como respuesta al aumento de la matr\u00edcula de carreras de las facultades de Agronom\u00eda y Ciencias Exactas y Naturales, requiri\u00f3 la inversi\u00f3n de 591 millones de pesos y beneficiar\u00e1 a m\u00e1s de mil estudiantes.<\/p>\n\n\n\n<p>Est\u00e1 ubicado en el campus a la altura del kil\u00f3metro 334 de la Ruta Nacional 35, el nuevo edificio tiene 2 plantas y cuenta con una superficie de 2.058 metros cuadrados.<\/p>\n\n\n\n<p>En la planta baja se ubican 2 aulas, 2 auditorios (con capacidad para 120 y 80 estudiantes), 2 salas de reuniones y 2 oficinas, mientras que en el primer piso funcionar\u00e1n 6 aulas y 1 oficina.<\/p>\n\n\n\n<p>En tanto, en la ciudad de General Pico ya se inici\u00f3 la obra de nuevas Aulas Audiovisuales, por 132 millones de pesos y se encuentra tambi\u00e9n en licitaci\u00f3n la Biblioteca en el Rectorado por 401 millones.<\/p>\n\n\n\n<p>Adem\u00e1s, se inform\u00f3 que en la sede de Santa Rosa se encuentra en evaluaci\u00f3n el proyecto de la Escuela Secundaria, por una inversi\u00f3n de 1.100 millones de pesos.<\/p>\n\n\n\n<p>Se construir\u00e1n tambi\u00e9n dos Escuelas T\u00e9cnicas de Formaci\u00f3n Profesional Secundaria en Santa Rosa y General Pico, por una inversi\u00f3n de 1.040 millones de pesos.<\/p>\n","protected":false},"excerpt":{"rendered":"<p>&#8220;La \u00fanica casta que se est\u00e1 defendiendo con ese discurso es la de los poderosos, los que tienen dinero y recursos, de los que pueden&hellip; <\/p>\n","protected":false},"author":2,"featured_media":2774,"comment_status":"open","ping_status":"open","sticky":false,"template":"","format":"standard","meta":{"footnotes":""},"categories":[5],"tags":[],"class_list":["post-2773","post","type-post","status-publish","format-standard","has-post-thumbnail","hentry","category-politica"],"_links":{"self":[{"href":"https:\/\/lametro989.com\/index.php?rest_route=\/wp\/v2\/posts\/2773","targetHints":{"allow":["GET"]}}],"collection":[{"href":"https:\/\/lametro989.com\/index.php?rest_route=\/wp\/v2\/posts"}],"about":[{"href":"https:\/\/lametro989.com\/index.php?rest_route=\/wp\/v2\/types\/post"}],"author":[{"embeddable":true,"href":"https:\/\/lametro989.com\/index.php?rest_route=\/wp\/v2\/users\/2"}],"replies":[{"embeddable":true,"href":"https:\/\/lametro989.com\/index.php?rest_route=%2Fwp%2Fv2%2Fcomments&post=2773"}],"version-history":[{"count":1,"href":"https:\/\/lametro989.com\/index.php?rest_route=\/wp\/v2\/posts\/2773\/revisions"}],"predecessor-version":[{"id":2775,"href":"https:\/\/lametro989.com\/index.php?rest_route=\/wp\/v2\/posts\/2773\/revisions\/2775"}],"wp:featuredmedia":[{"embeddable":true,"href":"https:\/\/lametro989.com\/index.php?rest_route=\/wp\/v2\/media\/2774"}],"wp:attachment":[{"href":"https:\/\/lametro989.com\/index.php?rest_route=%2Fwp%2Fv2%2Fmedia&parent=2773"}],"wp:term":[{"taxonomy":"category","embeddable":true,"href":"https:\/\/lametro989.com\/index.php?rest_route=%2Fwp%2Fv2%2Fcategories&post=2773"},{"taxonomy":"post_tag","embeddable":true,"href":"https:\/\/lametro989.com\/index.php?rest_route=%2Fwp%2Fv2%2Ftags&post=2773"}],"curies":[{"name":"wp","href":"https:\/\/api.w.org\/{rel}","templated":true}]}}