{"id":2776,"date":"2023-08-25T20:05:45","date_gmt":"2023-08-25T23:05:45","guid":{"rendered":"https:\/\/lametro989.com\/?p=2776"},"modified":"2023-08-25T20:05:45","modified_gmt":"2023-08-25T23:05:45","slug":"la-advertencia-de-riquelme-de-aca-a-diciembre-van-a-tratar-de-ensuciar-por-todos-lados","status":"publish","type":"post","link":"https:\/\/lametro989.com\/?p=2776","title":{"rendered":"La advertencia de Riquelme: &#8220;De ac\u00e1 a diciembre van a tratar de ensuciar por todos lados&#8221;"},"content":{"rendered":"\n<p>El vicepresidente del &#8220;Xeneize&#8221; cuestion\u00f3 los\u00a0allanamientos de la semana pasada en distintos lugares del club por parte de la justicia porte\u00f1a.\u00a0\u00a0&#8220;Esta se\u00f1ora tiene un problema con nuestra cancha y con los hinchas de Boca&#8221;, indic\u00f3 en referencia a la fiscal Celsa Ram\u00edrez.<\/p>\n\n\n\n<figure class=\"wp-block-image size-full\"><img loading=\"lazy\" decoding=\"async\" width=\"1004\" height=\"565\" src=\"https:\/\/lametro989.com\/wp-content\/uploads\/2023\/08\/imagen-87.png\" alt=\"\" class=\"wp-image-2777\" srcset=\"https:\/\/lametro989.com\/wp-content\/uploads\/2023\/08\/imagen-87.png 1004w, https:\/\/lametro989.com\/wp-content\/uploads\/2023\/08\/imagen-87-300x169.png 300w, https:\/\/lametro989.com\/wp-content\/uploads\/2023\/08\/imagen-87-768x432.png 768w\" sizes=\"auto, (max-width: 1004px) 100vw, 1004px\" \/><\/figure>\n\n\n\n<p>El vicepresidente de Boca Juniors, Juan Rom\u00e1n Riquelme, dijo que &#8220;de ac\u00e1 a diciembre van a tratar de ensuciar por todos lados&#8221;, en referencia a <a href=\"https:\/\/www.telam.com.ar\/notas\/202308\/637322-futbol-allanamiento-bombonera-casa-amarilla-reventa-entrada.html\" target=\"_blank\" rel=\"noreferrer noopener\">los allanamientos de la semana pasada en distintos lugares del club por parte de la justicia porte\u00f1a<\/a>.<\/p>\n\n\n\n<p>El procedimiento hab\u00eda sido ordenado por la Fiscal\u00eda Especializada en Eventos Masivos del Ministerio P\u00fablico Fiscal de la Ciudad de Buenos Aires, en la causa que investiga una presunta falsificaci\u00f3n de entradas.<\/p>\n\n\n\n<p><strong>&#8220;Mi sensaci\u00f3n es que la gente tiene claro lo que pasa. Todos los bosteros sabemos que esta se\u00f1ora (por la fiscal Celsa Ram\u00edrez) tiene un problema con los hinchas de Boca. Contra Platense fueron con armas largas, mand\u00f3 a declarar a mi hijo en la pandemia, no s\u00e9 si tiene un problema contra los Riquelme, ahora mand\u00f3 a allanar la casa de mi hermano (Cristian)&#8221;<\/strong>, dijo el \u00eddolo &#8220;xeneize&#8221;.<\/p>\n\n\n\n<p>Con respecto a ese allanamiento en la vivienda de su hermano, Riquelme pidi\u00f3 que <strong>&#8220;esta se\u00f1ora (por la fiscal Ram\u00edrez) devuelva la computadora que se llevaron porque es la que usa mi sobrina, de 3 a\u00f1os. Si ella tiene hijos, que la devuelva, la nena pobrecita ahora no tiene con qu\u00e9 jugar&#8221;<\/strong>, sostuvo Rom\u00e1n en una entrevista con TyC Sports.<\/p>\n\n\n\n<p>&#8220;No me extra\u00f1a, de ac\u00e1 a diciembre (cuando ser\u00e1n las elecciones en Boca) van a tratar de ensuciar por todos lados. Lo hicieron durante mi carrera y lo hacen ahora. Gracias a Dios no soy un borracho, ni drogadicto, ni timbero, con todo respeto por la gente que tiene esos problemas. Y por suerte no me pueden acusar de nada, pero tengo dos vicios muy grandes: tomar mate y comer asados&#8221;, se\u00f1al\u00f3.<\/p>\n\n\n\n<blockquote class=\"wp-block-quote is-layout-flow wp-block-quote-is-layout-flow\">\n<p>&#8220;Llevamos m\u00e1s de tres a\u00f1os y medio, un poquito m\u00e1s. Pensamos que \u00edbamos a ir cumpliendo con las cosas que ten\u00edamos claras. Nunca pensamos que en este tiempo \u00edbamos a tener tanta felicidad, somos el club que m\u00e1s t\u00edtulos gan\u00f3 en estos a\u00f1os&#8221;<\/p>\n<\/blockquote>\n\n\n\n<p>Y despu\u00e9s volvi\u00f3 a disparar contra la fiscal de eventos masivos Celsa Ram\u00edrez: &#8220;Esta se\u00f1ora tiene un problema con nuestra cancha y con los hinchas de Boca. Van a ensuciar por todos lados, como jugador me lo hicieron, me vendieron como un diablo, pero el tiempo pone las cosas en su lugar, soy una persona normal de Don Torcuato que defend\u00ed los colores de mi club de la mejor manera&#8221;.<\/p>\n\n\n\n<p>En cuanto a las elecciones de diciembre para elegir presidente de Boca Juniors, el hist\u00f3rico &#8220;10&#8221; boquense expres\u00f3: <strong>&#8220;Mejor que no haya elecciones, que esta gente no se presente y que vengan a alentar que el club est\u00e1 muy bien. Pero a ellos no les interesa el f\u00fatbol, a ellos les interesa el club por otro tema: el pol\u00edtico&#8221;<\/strong>.<\/p>\n\n\n\n<p>Despu\u00e9s se aboc\u00f3 a los futbol\u00edstico y al partido que su equipo igual\u00f3 sin goles contra Racing por el encuentro de ida de los cuartos de final de la Copa Libertadores de Am\u00e9rica.<\/p>\n\n\n\n<figure class=\"wp-block-image\"><a href=\"javascript:void(0);\"><img decoding=\"async\" src=\"https:\/\/www.telam.com.ar\/thumbs\/bluesteel\/advf\/imagenes\/2023\/08\/64de23ae9036a_1200.jpg\" alt=\"Foto archivo\"\/><\/a><figcaption class=\"wp-element-caption\">Foto: archivo.<\/figcaption><\/figure>\n\n\n\n<p>&#8220;Fue un lindo partido, siempre el partido de Copa Libertadores es especial. Es bueno que sean dos equipos argentinos porque quiere decir que uno va a estar en al semifinal. Vamos a enfrentar a un buen equipo, la cancha va a estar llena, ellos tienen mucha gente y son muy pasionales&#8221;.<\/p>\n\n\n\n<p>Consultado sobre el momento de Dar\u00edo Benedetto, dijo que &#8220;hace 60 d\u00edas dec\u00edan &#8216;Boca tiene que traer un delantero&#8217;, estando Benedetto&#8230; Los integrantes del Consejo de F\u00fatbol se re\u00edan, y ahora que est\u00e1 (Edinson) Cavani dicen que Dar\u00edo se tiene que ir. Yo no lo pod\u00eda creer&#8221;.<\/p>\n\n\n\n<p>Con respecto al nivel de juego del equipo que dirige Jorge Almir\u00f3n, indic\u00f3 que &#8220;el f\u00fatbol no tiene secretos, gana casi siempre el que juega mejor. Lo de los cambios deben preguntarle al t\u00e9cnico. Estamos con toda la ilusi\u00f3n del mundo de que el domingo contra Sarmiento lo haremos bien y despu\u00e9s pensaremos en el mi\u00e9rcoles&#8221;.<\/p>\n\n\n\n<p>&#8220;Cambi\u00f3 mucho el f\u00fatbol desde que en 1998-99 estuvimos 40 partidos sin perder (con Carlos Bianchi como entrenador) y jugaban casi siempre los mismos, no hay mucho secreto juegue quien juegue&#8221;, analiz\u00f3.<\/p>\n\n\n\n<p>Sobre la llegada del delantero uruguayo Cavani dijo: &#8220;Yo soy de vivir de una manera muy simple. Desde el primer momento que llegamos al club siempre tuvimos la ilusi\u00f3n de contar con \u00e9l. Lo de Cavani fue un sue\u00f1o&#8221;.<\/p>\n\n\n\n<p>&#8220;Para muchos era un locura, por ah\u00ed para nosotros tambi\u00e9n, y tenemos la suerte de tenerlo ac\u00e1. Es un placer muy grande verlo jugar. Verlo controlar, c\u00f3mo rebota la pelota, los movimientos que hace&#8230; Es perfecto. Es un lujo para nosotros y para el f\u00fatbol argentino&#8221;, a\u00f1adi\u00f3.<\/p>\n\n\n\n<p>Despu\u00e9s hizo un balance de sus tres a\u00f1os y medios de gesti\u00f3n en el f\u00fatbol del club: &#8220;Llevamos m\u00e1s de tres a\u00f1os y medio, un poquito m\u00e1s. Pensamos que \u00edbamos a ir cumpliendo con las cosas que ten\u00edamos claras. Nunca pensamos que en este tiempo \u00edbamos a tener tanta felicidad, somos el club que m\u00e1s t\u00edtulos gan\u00f3 en estos a\u00f1os y debutaron m\u00e1s de 30 chicos, nunca pas\u00f3 en la historia de Boca&#8221;.<\/p>\n\n\n\n<blockquote class=\"wp-block-quote is-layout-flow wp-block-quote-is-layout-flow\">\n<p>&#8220;Esta se\u00f1ora tiene un problema con nuestra cancha y con los hinchas de Boca. Van a ensuciar por todos lados, como jugador me lo hicieron, me vendieron como un diablo, pero el tiempo pone las cosas en su lugar, soy una persona normal de Don Torcuato que defend\u00ed los colores de mi club de la mejor manera&#8221;<\/p>\n<\/blockquote>\n\n\n\n<p><strong>&#8220;Hace 60 d\u00edas dec\u00edan que ten\u00edamos que romper el chanchito y no hay que olvidarse de que tuvimos dos a\u00f1os de pandemia. No s\u00f3lo el f\u00fatbol argentino, todos los clubes le reduc\u00edan el sueldo a los jugadores, y nosotros no lo hicimos nunca. Hicimos las cosas lo mejor posible para no sacarle nada a los jugadores&#8221;<\/strong>, explic\u00f3.<\/p>\n\n\n\n<p>Despu\u00e9s habl\u00f3 de los juveniles que se criaron en el Predio de Ezeiza: &#8220;(Valent\u00edn) Barco es un caradura. \u00c9l, (Exequiel) Zeballos, (Cristian) Medina, el &#8220;Equi&#8221; (Ezequiel) Fern\u00e1ndez&#8230; Estamos felices. (Alan) Varela, que es otro chico del club, tiene la suerte ahora de estar en Europa&#8221;.<\/p>\n\n\n\n<p>&#8220;Estamos para acompa\u00f1arlos y verlos crecer. Para ellos es un sue\u00f1o entrenar con &#8220;Chiquito&#8221; Romero, con Marcos (Rojo), con (Lucas) Janson, con (Frank) Fabra, con Benedetto&#8230; Tienen que estar pendientes de lo que hacen los m\u00e1s grandes&#8221;, a\u00f1adi\u00f3.<\/p>\n\n\n\n<p>Tambi\u00e9n destac\u00f3 Riquelme el mejoramiento del campo de juego: &#8220;El otro d\u00eda llovi\u00f3 mucho, torrencialmente el d\u00eda previo a jugar con Platense y al d\u00eda siguiente la Bombonera estaba impecable. Mando un beso grande a los cancheros. Los &#8216;maestros&#8217; (por la oposici\u00f3n), que estaban preparados, en 25 a\u00f1os no hicieron nada para que no se inundara&#8221;.<\/p>\n\n\n\n<p>Para el final, dej\u00f3 la renovaci\u00f3n hasta 2025 de Marcos Rojo: &#8220;Est\u00e1 contento. Estamos muy felices, se le renov\u00f3 a Medina hace poquito, ahora Marcos que es muy importante para el grupo. Y confiamos mucho en (Nicol\u00e1s) Valentini, cuando dec\u00edan que hab\u00eda que traer a otro. Que tengan las ganas de seguir todos ellos me pone muy contento&#8221;, cerr\u00f3 Juan Rom\u00e1n Riquelme.<\/p>\n","protected":false},"excerpt":{"rendered":"<p>El vicepresidente del &#8220;Xeneize&#8221; cuestion\u00f3 los\u00a0allanamientos de la semana pasada en distintos lugares del club por parte de la justicia porte\u00f1a.\u00a0\u00a0&#8220;Esta se\u00f1ora tiene un problema&hellip; <\/p>\n","protected":false},"author":2,"featured_media":2777,"comment_status":"open","ping_status":"open","sticky":false,"template":"","format":"standard","meta":{"footnotes":""},"categories":[10,9],"tags":[],"class_list":["post-2776","post","type-post","status-publish","format-standard","has-post-thumbnail","hentry","category-deportes","category-destacadas"],"_links":{"self":[{"href":"https:\/\/lametro989.com\/index.php?rest_route=\/wp\/v2\/posts\/2776","targetHints":{"allow":["GET"]}}],"collection":[{"href":"https:\/\/lametro989.com\/index.php?rest_route=\/wp\/v2\/posts"}],"about":[{"href":"https:\/\/lametro989.com\/index.php?rest_route=\/wp\/v2\/types\/post"}],"author":[{"embeddable":true,"href":"https:\/\/lametro989.com\/index.php?rest_route=\/wp\/v2\/users\/2"}],"replies":[{"embeddable":true,"href":"https:\/\/lametro989.com\/index.php?rest_route=%2Fwp%2Fv2%2Fcomments&post=2776"}],"version-history":[{"count":1,"href":"https:\/\/lametro989.com\/index.php?rest_route=\/wp\/v2\/posts\/2776\/revisions"}],"predecessor-version":[{"id":2778,"href":"https:\/\/lametro989.com\/index.php?rest_route=\/wp\/v2\/posts\/2776\/revisions\/2778"}],"wp:featuredmedia":[{"embeddable":true,"href":"https:\/\/lametro989.com\/index.php?rest_route=\/wp\/v2\/media\/2777"}],"wp:attachment":[{"href":"https:\/\/lametro989.com\/index.php?rest_route=%2Fwp%2Fv2%2Fmedia&parent=2776"}],"wp:term":[{"taxonomy":"category","embeddable":true,"href":"https:\/\/lametro989.com\/index.php?rest_route=%2Fwp%2Fv2%2Fcategories&post=2776"},{"taxonomy":"post_tag","embeddable":true,"href":"https:\/\/lametro989.com\/index.php?rest_route=%2Fwp%2Fv2%2Ftags&post=2776"}],"curies":[{"name":"wp","href":"https:\/\/api.w.org\/{rel}","templated":true}]}}