{"id":2780,"date":"2023-08-26T22:41:50","date_gmt":"2023-08-27T01:41:50","guid":{"rendered":"https:\/\/lametro989.com\/?p=2780"},"modified":"2023-08-26T22:41:50","modified_gmt":"2023-08-27T01:41:50","slug":"colonia-aborigen-celebracion-del-dia-del-veterano-y-los-caidos-indigenas-en-la-guerra-de-malvinas","status":"publish","type":"post","link":"https:\/\/lametro989.com\/?p=2780","title":{"rendered":"Colonia Aborigen: Celebraci\u00f3n del D\u00eda del Veterano y los Ca\u00eddos Ind\u00edgenas en la guerra de Malvinas"},"content":{"rendered":"\n<p>Tambi\u00e9n celebraron el mes de las infancias para que ni\u00f1os y ni\u00f1as, adem\u00e1s de recibir sus regalos, puedan conocer a los veteranos de guerra de Malvinas.<\/p>\n\n\n\n<figure class=\"wp-block-image size-large\"><img loading=\"lazy\" decoding=\"async\" width=\"1024\" height=\"682\" src=\"https:\/\/lametro989.com\/wp-content\/uploads\/2023\/08\/imagen-88-1024x682.png\" alt=\"\" class=\"wp-image-2781\" srcset=\"https:\/\/lametro989.com\/wp-content\/uploads\/2023\/08\/imagen-88-1024x682.png 1024w, https:\/\/lametro989.com\/wp-content\/uploads\/2023\/08\/imagen-88-300x200.png 300w, https:\/\/lametro989.com\/wp-content\/uploads\/2023\/08\/imagen-88-768x512.png 768w, https:\/\/lametro989.com\/wp-content\/uploads\/2023\/08\/imagen-88.png 1064w\" sizes=\"auto, (max-width: 1024px) 100vw, 1024px\" \/><\/figure>\n\n\n\n<p>En Colonia Aborigen, el gobernador Jorge Capitanich particip\u00f3 este s\u00e1bado de la celebraci\u00f3n por el d\u00eda del Veterano y los Ca\u00eddos Ind\u00edgenas en la guerra de Malvinas, oportunidad en la que festejaron tambi\u00e9n el mes de las infancias con los ni\u00f1os y ni\u00f1as de la comunidad.<\/p>\n\n\n\n<p>El mandatario puso en valor el crecimiento del flamante municipio, que el pr\u00f3ximo 17 de septiembre elegir\u00e1 por primera vez intendente: la pavimentaci\u00f3n de la ruta de acceso, la escuela Florencio Tenev, el jard\u00edn de infantes, el anexo de la escuela 87, el hospital, electrificaci\u00f3n rural, entre otros.<\/p>\n\n\n\n<p>\u201cTenemos que garantizar con el nuevo acueducto, la provisi\u00f3n de agua para la poblaci\u00f3n, que es el gran objetivo que tenemos en el pr\u00f3ximo mandato constitucional\u201d, dijo Capitanich, y asegur\u00f3: \u201ctodos ustedes saben que pueden contar conmigo, han contado siempre, lo contar\u00e1n ahora, lo contar\u00e1n en los pr\u00f3ximos mandatos, porque seguiremos construyendo desde Colonia Aborigen todas las reivindicaciones que sean necesarias\u201d.<\/p>\n\n\n\n<p>Samuel Ortega, hijo de un ex combatiente, expres\u00f3 que la idea de la jornada nace a partir de la iniciativa de que los ni\u00f1os y ni\u00f1as, adem\u00e1s de recibir sus regalos, tomen contacto con veteranos de guerra y puedan compartir con ellos. Como parte de las actividades hubo un especial homenaje a Juan Chico, quien fue el fundador de la Fundaci\u00f3n Napalp\u00ed, adem\u00e1s de historiador, escritor, investigador, productor de documentales y docente de la comunidad.<img decoding=\"async\" src=\"https:\/\/agenciafoco.com.ar\/media\/cache\/quality\/uploads\/noticias\/64ea3657b794a142808646.jpg\"><br><br><\/p>\n\n\n\n<ul class=\"wp-block-list\">\n<li><\/li>\n<\/ul>\n","protected":false},"excerpt":{"rendered":"<p>Tambi\u00e9n celebraron el mes de las infancias para que ni\u00f1os y ni\u00f1as, adem\u00e1s de recibir sus regalos, puedan conocer a los veteranos de guerra de&hellip; <\/p>\n","protected":false},"author":2,"featured_media":2781,"comment_status":"open","ping_status":"open","sticky":false,"template":"","format":"standard","meta":{"footnotes":""},"categories":[9,5],"tags":[],"class_list":["post-2780","post","type-post","status-publish","format-standard","has-post-thumbnail","hentry","category-destacadas","category-politica"],"_links":{"self":[{"href":"https:\/\/lametro989.com\/index.php?rest_route=\/wp\/v2\/posts\/2780","targetHints":{"allow":["GET"]}}],"collection":[{"href":"https:\/\/lametro989.com\/index.php?rest_route=\/wp\/v2\/posts"}],"about":[{"href":"https:\/\/lametro989.com\/index.php?rest_route=\/wp\/v2\/types\/post"}],"author":[{"embeddable":true,"href":"https:\/\/lametro989.com\/index.php?rest_route=\/wp\/v2\/users\/2"}],"replies":[{"embeddable":true,"href":"https:\/\/lametro989.com\/index.php?rest_route=%2Fwp%2Fv2%2Fcomments&post=2780"}],"version-history":[{"count":1,"href":"https:\/\/lametro989.com\/index.php?rest_route=\/wp\/v2\/posts\/2780\/revisions"}],"predecessor-version":[{"id":2782,"href":"https:\/\/lametro989.com\/index.php?rest_route=\/wp\/v2\/posts\/2780\/revisions\/2782"}],"wp:featuredmedia":[{"embeddable":true,"href":"https:\/\/lametro989.com\/index.php?rest_route=\/wp\/v2\/media\/2781"}],"wp:attachment":[{"href":"https:\/\/lametro989.com\/index.php?rest_route=%2Fwp%2Fv2%2Fmedia&parent=2780"}],"wp:term":[{"taxonomy":"category","embeddable":true,"href":"https:\/\/lametro989.com\/index.php?rest_route=%2Fwp%2Fv2%2Fcategories&post=2780"},{"taxonomy":"post_tag","embeddable":true,"href":"https:\/\/lametro989.com\/index.php?rest_route=%2Fwp%2Fv2%2Ftags&post=2780"}],"curies":[{"name":"wp","href":"https:\/\/api.w.org\/{rel}","templated":true}]}}