{"id":2790,"date":"2023-08-26T23:09:39","date_gmt":"2023-08-27T02:09:39","guid":{"rendered":"https:\/\/lametro989.com\/?p=2790"},"modified":"2023-08-26T23:09:39","modified_gmt":"2023-08-27T02:09:39","slug":"cruce-entre-dirigentes-en-santa-sylvina-termino-con-denuncias-contra-jxc","status":"publish","type":"post","link":"https:\/\/lametro989.com\/?p=2790","title":{"rendered":"Cruce entre dirigentes en Santa Sylvina termin\u00f3 con denuncias contra JxC"},"content":{"rendered":"\n<p>Varios dirigentes y militantes de Juntos por el Cambio fueron denunciados hoy por presuntas agresiones f\u00edsicas y agravios verbales durante una actividad oficial que tuvo lugar el viernes en Santa Sylvina.<\/p>\n\n\n\n<figure class=\"wp-block-image size-full\"><img loading=\"lazy\" decoding=\"async\" width=\"687\" height=\"382\" src=\"https:\/\/lametro989.com\/wp-content\/uploads\/2023\/08\/imagen-90.png\" alt=\"\" class=\"wp-image-2791\" srcset=\"https:\/\/lametro989.com\/wp-content\/uploads\/2023\/08\/imagen-90.png 687w, https:\/\/lametro989.com\/wp-content\/uploads\/2023\/08\/imagen-90-300x167.png 300w\" sizes=\"auto, (max-width: 687px) 100vw, 687px\" \/><\/figure>\n\n\n\n<p>La presentaci\u00f3n fue realizada por el candidato a intendente del Frente Chaque\u00f1o Hugo Adri\u00e1n \u201cBebo\u201d Gim\u00e9nez, quien result\u00f3 herido con excoriaciones en la zona dorsal y ambos antebrazos, situaci\u00f3n que fue comprobada por profesionales m\u00e9dicos. <em><strong>\u201cRealmente es inadmisible que sigan utilizando la violencia para generar operaciones pol\u00edticas; este tipo de accionar es repudiable y atenta contra nuestra democracia\u201d,<\/strong><\/em> sostuvo Gim\u00e9nez.<\/p>\n\n\n\n<figure class=\"wp-block-image\"><img decoding=\"async\" src=\"https:\/\/i0.wp.com\/mediosyestrategias.com\/wp-content\/uploads\/2023\/08\/denuncia.jpg?resize=576%2C768&amp;quality=95&amp;ssl=1\" alt=\"\" class=\"wp-image-99906\"\/><\/figure>\n\n\n\n<p>El candidato asever\u00f3 que las agresiones se dieron el viernes durante una actividad oficial encabezada por el gobernador Jorge Capitanich y la intendenta local Susana Maggio, y aleg\u00f3 que todo ello qued\u00f3 registrado en distintos videos que circulan en redes sociales.<\/p>\n\n\n\n<p>El candidato del Frente Chaque\u00f1o asegur\u00f3 en la denuncia presentada ante autoridades de la Comisar\u00eda de Santa Sylvina que \u201cvarias personas de Juntos por el Cambio trataron de entorpecer el acompa\u00f1amiento al gobernador\u201d y que durante la entrega de una vivienda en esa localidad lo agredieron f\u00edsica y verbalmente. \u201cHay constancia de lo que sucedi\u00f3 en distintos videos que fueron grabados en ese momento; el m\u00e9dico que me atendi\u00f3 constat\u00f3 lesiones en regi\u00f3n dorsal y ambos brazos\u201d, afirm\u00f3.<\/p>\n\n\n\n<p>Gim\u00e9nez tambi\u00e9n coment\u00f3 que solicit\u00f3 ante la fuerza de seguridad medidas cautelares de protecci\u00f3n e impedimento de acercamiento hacia su persona por parte de las y los agresores porque teme por su integridad f\u00edsica.<\/p>\n","protected":false},"excerpt":{"rendered":"<p>Varios dirigentes y militantes de Juntos por el Cambio fueron denunciados hoy por presuntas agresiones f\u00edsicas y agravios verbales durante una actividad oficial que tuvo&hellip; <\/p>\n","protected":false},"author":2,"featured_media":2791,"comment_status":"open","ping_status":"open","sticky":false,"template":"","format":"standard","meta":{"footnotes":""},"categories":[9,5],"tags":[],"class_list":["post-2790","post","type-post","status-publish","format-standard","has-post-thumbnail","hentry","category-destacadas","category-politica"],"_links":{"self":[{"href":"https:\/\/lametro989.com\/index.php?rest_route=\/wp\/v2\/posts\/2790","targetHints":{"allow":["GET"]}}],"collection":[{"href":"https:\/\/lametro989.com\/index.php?rest_route=\/wp\/v2\/posts"}],"about":[{"href":"https:\/\/lametro989.com\/index.php?rest_route=\/wp\/v2\/types\/post"}],"author":[{"embeddable":true,"href":"https:\/\/lametro989.com\/index.php?rest_route=\/wp\/v2\/users\/2"}],"replies":[{"embeddable":true,"href":"https:\/\/lametro989.com\/index.php?rest_route=%2Fwp%2Fv2%2Fcomments&post=2790"}],"version-history":[{"count":1,"href":"https:\/\/lametro989.com\/index.php?rest_route=\/wp\/v2\/posts\/2790\/revisions"}],"predecessor-version":[{"id":2792,"href":"https:\/\/lametro989.com\/index.php?rest_route=\/wp\/v2\/posts\/2790\/revisions\/2792"}],"wp:featuredmedia":[{"embeddable":true,"href":"https:\/\/lametro989.com\/index.php?rest_route=\/wp\/v2\/media\/2791"}],"wp:attachment":[{"href":"https:\/\/lametro989.com\/index.php?rest_route=%2Fwp%2Fv2%2Fmedia&parent=2790"}],"wp:term":[{"taxonomy":"category","embeddable":true,"href":"https:\/\/lametro989.com\/index.php?rest_route=%2Fwp%2Fv2%2Fcategories&post=2790"},{"taxonomy":"post_tag","embeddable":true,"href":"https:\/\/lametro989.com\/index.php?rest_route=%2Fwp%2Fv2%2Ftags&post=2790"}],"curies":[{"name":"wp","href":"https:\/\/api.w.org\/{rel}","templated":true}]}}