{"id":2796,"date":"2023-08-27T13:20:36","date_gmt":"2023-08-27T16:20:36","guid":{"rendered":"https:\/\/lametro989.com\/?p=2796"},"modified":"2023-08-27T13:32:34","modified_gmt":"2023-08-27T16:32:34","slug":"chapo-sabemos-que-el-chaco-no-es-disney-como-tambien-sabemos-que-la-plaza-25-de-mayo-a-pesar-de-su-costo-no-es-el-central-park","status":"publish","type":"post","link":"https:\/\/lametro989.com\/?p=2796","title":{"rendered":"El ministro Chapo le respondi\u00f3 a Gustavo Martinez \u201cSabemos que el Chaco no es Disney como tambi\u00e9n sabemos que la Plaza 25 de Mayo, a pesar de su costo, no es el Central Park\u201d"},"content":{"rendered":"\n<p>Tras las declaraciones del intendente de Resistencia acerca de la gesti\u00f3n provincial y la actualidad en el Chaco.<\/p>\n\n\n\n<figure class=\"wp-block-image size-full\"><img loading=\"lazy\" decoding=\"async\" width=\"583\" height=\"427\" src=\"https:\/\/lametro989.com\/wp-content\/uploads\/2023\/08\/imagen-92.png\" alt=\"\" class=\"wp-image-2797\" srcset=\"https:\/\/lametro989.com\/wp-content\/uploads\/2023\/08\/imagen-92.png 583w, https:\/\/lametro989.com\/wp-content\/uploads\/2023\/08\/imagen-92-300x220.png 300w\" sizes=\"auto, (max-width: 583px) 100vw, 583px\" \/><\/figure>\n\n\n\n<p>El ministro de Gobierno, Juan Manuel Chapo, le respondi\u00f3 este s\u00e1bado al intendente de Resistencia tras sus declaraciones acerca de la gesti\u00f3n provincial y la actualidad en el Chaco. \u201cEs cierto lo que dice el intendente: sabemos que el Chaco no es Disney, como tambi\u00e9n sabemos que Resistencia no es Toronto y que la Plaza 25 de Mayo, a pesar de lo que cost\u00f3 y el tiempo que estuvo en obras, no es el Central Park\u201d, dispar\u00f3 el funcionario.&nbsp;<\/p>\n\n\n\n<p>\u201cOjal\u00e1 la Laguna Arguello, el Parque 2 de Febrero o el Parque \u00c1valos, que son algunos de los espacios p\u00fablicos que est\u00e1n cerrados hace tanto tiempo, cuando en alg\u00fan momento se terminen, puedan parecerse al Central Park\u201d, agreg\u00f3.&nbsp;<\/p>\n\n\n\n<p>El ministro profundiz\u00f3 en las declaraciones del jefe comunal de Resistencia y marc\u00f3 varias contradicciones en su proceder. \u201cEl error de Gustavo est\u00e1 en creer que el gobernador Capitanich piense al Chaco como un parque de diversiones: no es Capitanich el que organiza un nuevo festival todas las semanas, Capitanich es el que inaugura obras todos los d\u00edas, muchas de ellas incluso en Resistencia\u201d, remat\u00f3.&nbsp;<\/p>\n\n\n\n<p>\u201cSin ir m\u00e1s lejos, en la \u00faltima semana se habilitaron dos avenidas estrat\u00e9gicas para nuestra ciudad como la Mac Lean y la Marconi, las que suman 3 kil\u00f3metros de pavimento para las y los vecinos\u201d, remarc\u00f3.&nbsp;<\/p>\n\n\n\n<p>\u201cTambi\u00e9n es Capitanich el que inaugura rutas, viviendas, escuelas, centros de salud, electrificaci\u00f3n rural, clubes deportivos, acueductos y parques industriales\u201d, se\u00f1al\u00f3 Chapo.&nbsp;<\/p>\n\n\n\n<p>\u201cEs el mismo gobernador que entrega t\u00edtulos de propiedad a peque\u00f1os y medianos productores. Nada de eso se hace para ser Disney, se hace para que tengamos una provincia que siente las bases de su desarrollo y podamos generar oportunidades de inversi\u00f3n que permitan crear empleo y oportunidades\u201d, finaliz\u00f3.<\/p>\n","protected":false},"excerpt":{"rendered":"<p>Tras las declaraciones del intendente de Resistencia acerca de la gesti\u00f3n provincial y la actualidad en el Chaco. El ministro de Gobierno, Juan Manuel Chapo,&hellip; <\/p>\n","protected":false},"author":2,"featured_media":2797,"comment_status":"open","ping_status":"open","sticky":false,"template":"","format":"standard","meta":{"footnotes":""},"categories":[9,2],"tags":[],"class_list":["post-2796","post","type-post","status-publish","format-standard","has-post-thumbnail","hentry","category-destacadas","category-provinciales"],"_links":{"self":[{"href":"https:\/\/lametro989.com\/index.php?rest_route=\/wp\/v2\/posts\/2796","targetHints":{"allow":["GET"]}}],"collection":[{"href":"https:\/\/lametro989.com\/index.php?rest_route=\/wp\/v2\/posts"}],"about":[{"href":"https:\/\/lametro989.com\/index.php?rest_route=\/wp\/v2\/types\/post"}],"author":[{"embeddable":true,"href":"https:\/\/lametro989.com\/index.php?rest_route=\/wp\/v2\/users\/2"}],"replies":[{"embeddable":true,"href":"https:\/\/lametro989.com\/index.php?rest_route=%2Fwp%2Fv2%2Fcomments&post=2796"}],"version-history":[{"count":3,"href":"https:\/\/lametro989.com\/index.php?rest_route=\/wp\/v2\/posts\/2796\/revisions"}],"predecessor-version":[{"id":2803,"href":"https:\/\/lametro989.com\/index.php?rest_route=\/wp\/v2\/posts\/2796\/revisions\/2803"}],"wp:featuredmedia":[{"embeddable":true,"href":"https:\/\/lametro989.com\/index.php?rest_route=\/wp\/v2\/media\/2797"}],"wp:attachment":[{"href":"https:\/\/lametro989.com\/index.php?rest_route=%2Fwp%2Fv2%2Fmedia&parent=2796"}],"wp:term":[{"taxonomy":"category","embeddable":true,"href":"https:\/\/lametro989.com\/index.php?rest_route=%2Fwp%2Fv2%2Fcategories&post=2796"},{"taxonomy":"post_tag","embeddable":true,"href":"https:\/\/lametro989.com\/index.php?rest_route=%2Fwp%2Fv2%2Ftags&post=2796"}],"curies":[{"name":"wp","href":"https:\/\/api.w.org\/{rel}","templated":true}]}}