{"id":2799,"date":"2023-08-27T13:30:35","date_gmt":"2023-08-27T16:30:35","guid":{"rendered":"https:\/\/lametro989.com\/?p=2799"},"modified":"2023-08-27T13:30:35","modified_gmt":"2023-08-27T16:30:35","slug":"chaco-murieron-dos-mujeres-y-un-joven-de-19-anos-en-un-accidente-de-transito-en-ruta-7","status":"publish","type":"post","link":"https:\/\/lametro989.com\/?p=2799","title":{"rendered":"CHACO | Murieron dos mujeres y un joven de 19 a\u00f1os en un accidente de tr\u00e1nsito en Ruta 7"},"content":{"rendered":"\n<p>Ocurri\u00f3 alrededor de las 19:40 del pasado s\u00e1bado.<\/p>\n\n\n\n<figure class=\"wp-block-image size-full\"><img loading=\"lazy\" decoding=\"async\" width=\"600\" height=\"450\" src=\"https:\/\/lametro989.com\/wp-content\/uploads\/2023\/08\/imagen-93.png\" alt=\"\" class=\"wp-image-2800\" srcset=\"https:\/\/lametro989.com\/wp-content\/uploads\/2023\/08\/imagen-93.png 600w, https:\/\/lametro989.com\/wp-content\/uploads\/2023\/08\/imagen-93-300x225.png 300w\" sizes=\"auto, (max-width: 600px) 100vw, 600px\" \/><\/figure>\n\n\n\n<p>Este s\u00e1bado, personal de la Comisar\u00eda Presidencia de la Plaza intervino en un siniestro vial por Ruta N\u00ba 7 donde tres personas fueron v\u00edctimas fatales.<\/p>\n\n\n\n<p>Agentes fueron hasta el lugar del siniestro y constataron un autom\u00f3vil Fiat Mobi Like. R\u00e1pidamente intervino ambulancia de la localidad Colonia Unidas que examin\u00f3 e inform\u00f3 el deceso de Sofia Marina Grance y Blanca Noemi Gorostegui. Adem\u00e1s trasladaron a dos personas de 19 y 27 a\u00f1os hasta el nosocomio.<\/p>\n\n\n\n<p>Luego, personal de la Divisi\u00f3n Criminal\u00edstica se aboco a sus tareas periciales. Como as\u00ed tambi\u00e9n se hizo presente M\u00e9dico Policial.<\/p>\n\n\n\n<p>Horas m\u00e1s tardes, los efectivos fueron informados que el joven Hugo Grance de 19 a\u00f1os ingreso sin signos vitales al Hospital 4 de Junio de la ciudad de S\u00e1enz Pe\u00f1a y la ciudadana de 27 a\u00f1os fue examinada y diagnosticada con \u201cPolitraumatismos, Traumatismo De Cr\u00e1neo Moderado Potencialmente Grave, Contusi\u00f3n Pulmonar, Traumatismo Tor\u00e1cico\u201d.<\/p>\n\n\n\n<p>Finalmente, las personas fallecidas fueron trasladadas en m\u00f3vil tanatol\u00f3gico por la Divisi\u00f3n Bombero hasta la localidad de San Martin por orden de la Fiscal\u00eda en Turno, para fines p\u00f3stumos.<\/p>\n","protected":false},"excerpt":{"rendered":"<p>Ocurri\u00f3 alrededor de las 19:40 del pasado s\u00e1bado. Este s\u00e1bado, personal de la Comisar\u00eda Presidencia de la Plaza intervino en un siniestro vial por Ruta&hellip; <\/p>\n","protected":false},"author":2,"featured_media":2800,"comment_status":"open","ping_status":"open","sticky":false,"template":"","format":"standard","meta":{"footnotes":""},"categories":[2],"tags":[],"class_list":["post-2799","post","type-post","status-publish","format-standard","has-post-thumbnail","hentry","category-provinciales"],"_links":{"self":[{"href":"https:\/\/lametro989.com\/index.php?rest_route=\/wp\/v2\/posts\/2799","targetHints":{"allow":["GET"]}}],"collection":[{"href":"https:\/\/lametro989.com\/index.php?rest_route=\/wp\/v2\/posts"}],"about":[{"href":"https:\/\/lametro989.com\/index.php?rest_route=\/wp\/v2\/types\/post"}],"author":[{"embeddable":true,"href":"https:\/\/lametro989.com\/index.php?rest_route=\/wp\/v2\/users\/2"}],"replies":[{"embeddable":true,"href":"https:\/\/lametro989.com\/index.php?rest_route=%2Fwp%2Fv2%2Fcomments&post=2799"}],"version-history":[{"count":1,"href":"https:\/\/lametro989.com\/index.php?rest_route=\/wp\/v2\/posts\/2799\/revisions"}],"predecessor-version":[{"id":2801,"href":"https:\/\/lametro989.com\/index.php?rest_route=\/wp\/v2\/posts\/2799\/revisions\/2801"}],"wp:featuredmedia":[{"embeddable":true,"href":"https:\/\/lametro989.com\/index.php?rest_route=\/wp\/v2\/media\/2800"}],"wp:attachment":[{"href":"https:\/\/lametro989.com\/index.php?rest_route=%2Fwp%2Fv2%2Fmedia&parent=2799"}],"wp:term":[{"taxonomy":"category","embeddable":true,"href":"https:\/\/lametro989.com\/index.php?rest_route=%2Fwp%2Fv2%2Fcategories&post=2799"},{"taxonomy":"post_tag","embeddable":true,"href":"https:\/\/lametro989.com\/index.php?rest_route=%2Fwp%2Fv2%2Ftags&post=2799"}],"curies":[{"name":"wp","href":"https:\/\/api.w.org\/{rel}","templated":true}]}}