{"id":3355,"date":"2023-09-08T22:19:17","date_gmt":"2023-09-09T01:19:17","guid":{"rendered":"https:\/\/lametro989.com\/?p=3355"},"modified":"2023-09-08T22:19:17","modified_gmt":"2023-09-09T01:19:17","slug":"un-senador-de-estados-unidos-reclamo-a-biden-que-sancione-a-cristina-kirchner-por-corrupcion","status":"publish","type":"post","link":"https:\/\/lametro989.com\/?p=3355","title":{"rendered":"Un senador de Estados Unidos reclam\u00f3 a Biden que sancione a Cristina Kirchner por corrupci\u00f3n"},"content":{"rendered":"\n<p>El republicano Ted Cruz cuestion\u00f3 el rol del responsable de Am\u00e9rica Latina en el Departamento de Estado por salvar a la expresidente de las sanciones que prev\u00e9 la ley de EEUU. \u00a0<\/p>\n\n\n\n<figure class=\"wp-block-image size-full\"><img loading=\"lazy\" decoding=\"async\" width=\"850\" height=\"477\" src=\"https:\/\/lametro989.com\/wp-content\/uploads\/2023\/09\/imagen-88.png\" alt=\"\" class=\"wp-image-3356\" srcset=\"https:\/\/lametro989.com\/wp-content\/uploads\/2023\/09\/imagen-88.png 850w, https:\/\/lametro989.com\/wp-content\/uploads\/2023\/09\/imagen-88-300x168.png 300w, https:\/\/lametro989.com\/wp-content\/uploads\/2023\/09\/imagen-88-768x431.png 768w\" sizes=\"auto, (max-width: 850px) 100vw, 850px\" \/><\/figure>\n\n\n\n<p>El senador republicano<strong> Ted Cruz<\/strong> reclam\u00f3 al Gobierno de Biden una sanci\u00f3n contra <strong>Cristina Fern\u00e1ndez de Kirchner<\/strong> por actos de corrupci\u00f3n en su mandato. Esto sucedi\u00f3 en la jornada de hoy, durante una audiencia del comit\u00e9 de Relaciones Exteriores del Senado de Estados Unidos.<\/p>\n\n\n\n<p>Cruz dirigi\u00f3 sus dichos principalmente contra Brian Nichols, subsecretario para las Am\u00e9ricas del Departamento de Estado, debido a la &#8220;<strong>demora del gobierno en sancionar a la vicepresidenta Argentina<\/strong>&#8220;, seg\u00fan indica Infobae.<\/p>\n\n\n\n<p>&#8220;<strong>El Departamento de Estado de Biden est\u00e1 salvando a Cristina Fern\u00e1ndez de sanciones por corrupci\u00f3n<\/strong>&#8220;, dijo el senador y agreg\u00f3: &#8220;Es una clept\u00f3crata convicta que ha sido acusada de obstruir investigaciones sobre el terrorismo iran\u00ed&#8221;.<\/p>\n\n\n\n<p>Luego, fue contundente al afirmar que &#8220;<strong>la familia criminal Kirchner ha saqueado las arcas de Argentina<\/strong>. Puede que tenga inmunidad en Argentina, pero eso no la exime de las leyes de sanciones aprobadas por el Congreso&#8221;.<\/p>\n\n\n\n<p>Cabe resaltar que, la misma sanci\u00f3n ya hab\u00eda sido pedida por Cruz hace m\u00e1s de un a\u00f1o y se da en concordancia con lo que sucedi\u00f3 con otros gobernantes de distintos territorios. <strong>Estas penalidades podr\u00edan impedir el ingreso al territorio norteamericano, la restricci\u00f3n para realizar operar financieramente en ese pa\u00eds o la incautaci\u00f3n de fondos que pudieran tener all\u00ed.<\/strong><\/p>\n\n\n\n<p>La Secci\u00f3n 7031(c) establece que, en los casos en que el Secretario de Estado tenga informaci\u00f3n cre\u00edble de que funcionarios extranjeros han estado involucrados en una grave violaci\u00f3n de los derechos humanos o en una corrupci\u00f3n significativa,<strong> esas personas y sus familiares inmediatos quedan designados p\u00fablica o privadamente y no son elegibles para entrar en los Estados Unidos.<\/strong><ins><\/ins><\/p>\n\n\n\n<p>&#8220;<strong>Nadie niega, e incluso la Corte argentina lo confirma, que Cristina Fern\u00e1ndez es una clept\u00f3crata, ella ha sido imputada por obstruir la investigaci\u00f3n sobre el terrorismo iran\u00ed \u00bfpor qu\u00e9 la administraci\u00f3n Biden no la sanciona?<\/strong>&#8220;, dijo el senador.<\/p>\n\n\n\n<p>&#8220;Esta administraci\u00f3n ha usado las herramientas de visas y sanciones financieras de manera repetida en numerosas instancias para sancionar a<strong> l\u00edderes de extrema izquierda ciertamente como en Nicaragua<\/strong>&#8220;, agreg\u00f3 Cruz.<\/p>\n\n\n\n<h2 class=\"wp-block-heading\">ANTECEDENTES&nbsp;<\/h2>\n\n\n\n<p>Esta es la segunda ocasi\u00f3n en la que el senador pide que la exmandataria sea sancionada, es m\u00e1s, hace poco m\u00e1s de un a\u00f1o, el republicano envi\u00f3 una carta al secretario de Estado donde exigi\u00f3 la sanci\u00f3n. &#8220;<strong>A m\u00ed lo que me preocupa es Argentina y por qu\u00e9 no han sancionado a Fern\u00e1ndez&#8221;, expuso.&nbsp;<\/strong><\/p>\n\n\n\n<p>Por su parte, CFK le respondi\u00f3 v\u00eda Twitter: &#8220;Para que nadie tenga dudas, desde el norte le llegan refuerzos al Partido Judicial y a Comodoro Py&#8221;, y luego cerr\u00f3: &#8220;<strong>Ted Cruz, el senador que m\u00e1s dinero recibi\u00f3 de las empresas de petr\u00f3leo y gas en 2018; y ac\u00e1 tenemos Vaca Muerta, segunda reserva de gas shale y cuarta de petr\u00f3leo shale a nivel mundial<\/strong>&#8220;.<\/p>\n","protected":false},"excerpt":{"rendered":"<p>El republicano Ted Cruz cuestion\u00f3 el rol del responsable de Am\u00e9rica Latina en el Departamento de Estado por salvar a la expresidente de las sanciones&hellip; <\/p>\n","protected":false},"author":2,"featured_media":3356,"comment_status":"open","ping_status":"open","sticky":false,"template":"","format":"standard","meta":{"footnotes":""},"categories":[9,5],"tags":[],"class_list":["post-3355","post","type-post","status-publish","format-standard","has-post-thumbnail","hentry","category-destacadas","category-politica"],"_links":{"self":[{"href":"https:\/\/lametro989.com\/index.php?rest_route=\/wp\/v2\/posts\/3355","targetHints":{"allow":["GET"]}}],"collection":[{"href":"https:\/\/lametro989.com\/index.php?rest_route=\/wp\/v2\/posts"}],"about":[{"href":"https:\/\/lametro989.com\/index.php?rest_route=\/wp\/v2\/types\/post"}],"author":[{"embeddable":true,"href":"https:\/\/lametro989.com\/index.php?rest_route=\/wp\/v2\/users\/2"}],"replies":[{"embeddable":true,"href":"https:\/\/lametro989.com\/index.php?rest_route=%2Fwp%2Fv2%2Fcomments&post=3355"}],"version-history":[{"count":1,"href":"https:\/\/lametro989.com\/index.php?rest_route=\/wp\/v2\/posts\/3355\/revisions"}],"predecessor-version":[{"id":3357,"href":"https:\/\/lametro989.com\/index.php?rest_route=\/wp\/v2\/posts\/3355\/revisions\/3357"}],"wp:featuredmedia":[{"embeddable":true,"href":"https:\/\/lametro989.com\/index.php?rest_route=\/wp\/v2\/media\/3356"}],"wp:attachment":[{"href":"https:\/\/lametro989.com\/index.php?rest_route=%2Fwp%2Fv2%2Fmedia&parent=3355"}],"wp:term":[{"taxonomy":"category","embeddable":true,"href":"https:\/\/lametro989.com\/index.php?rest_route=%2Fwp%2Fv2%2Fcategories&post=3355"},{"taxonomy":"post_tag","embeddable":true,"href":"https:\/\/lametro989.com\/index.php?rest_route=%2Fwp%2Fv2%2Ftags&post=3355"}],"curies":[{"name":"wp","href":"https:\/\/api.w.org\/{rel}","templated":true}]}}