{"id":3358,"date":"2023-09-08T22:22:38","date_gmt":"2023-09-09T01:22:38","guid":{"rendered":"https:\/\/lametro989.com\/?p=3358"},"modified":"2023-09-08T22:22:38","modified_gmt":"2023-09-09T01:22:38","slug":"intendentes-opositores-piden-mas-plata-a-kicillof-para-cubrir-el-bono-de-60-000","status":"publish","type":"post","link":"https:\/\/lametro989.com\/?p=3358","title":{"rendered":"Intendentes opositores piden m\u00e1s plata a Kicillof para cubrir el bono de $60.000"},"content":{"rendered":"\n<p>El gobernador bonaerense se comprometi\u00f3 a aportar la mitad de esa suma extraordinaria pero los jefes comunales de Juntos por el Cambio quieren que se haga cargo de todo.<\/p>\n\n\n\n<figure class=\"wp-block-image size-full\"><img loading=\"lazy\" decoding=\"async\" width=\"610\" height=\"366\" src=\"https:\/\/lametro989.com\/wp-content\/uploads\/2023\/09\/imagen-89.png\" alt=\"\" class=\"wp-image-3359\" srcset=\"https:\/\/lametro989.com\/wp-content\/uploads\/2023\/09\/imagen-89.png 610w, https:\/\/lametro989.com\/wp-content\/uploads\/2023\/09\/imagen-89-300x180.png 300w\" sizes=\"auto, (max-width: 610px) 100vw, 610px\" \/><\/figure>\n\n\n\n<p>El autodenominado <strong>Foro de Intendentes de Juntos por el Cambio (JxC) solicit\u00f3 al gobernador Axel Kicillof una reuni\u00f3n \u201ccon car\u00e1cter de urgencia\u201d<\/strong> ante la problem\u00e1tica que, seg\u00fan los jefes comunales bonaerenses de la oposici\u00f3n, acarrea a las finanzas de sus municipios del pago del bono de $60.000 decretado por el Gobierno Nacional.<\/p>\n\n\n\n<p>As\u00ed lo hicieron saber mediante una nota dirigida al mandatario provincial, donde \u201cel Foro de Intendentes de Juntos por el Cambio solicit\u00f3 con car\u00e1cter de urgencia una reuni\u00f3n al Gobernador Axel Kicillof para <strong>poder abordar la problem\u00e1tica del financiamiento de diversos programas y actividades de articulaci\u00f3n provincia-municipios<\/strong>, en el marco del complejo contexto econ\u00f3mico por el que atraviesa el pa\u00eds\u201d.<\/p>\n\n\n\n<p>El anuncio efectuado por el ministro Sergio Massa de una suma fija de $60.000 en dos cuotas, para todos los trabajadores que cobren hasta $400.000, <strong>\u201crequiere para su implementaci\u00f3n en los municipios de una herramienta distinta a la planteada por el gobierno provincial\u201d<\/strong>, a\u00f1aden.<\/p>\n\n\n\n<p>En concreto, <strong>Kicillof orden\u00f3 la creaci\u00f3n de un Fondo Especial de Asignaciones Extraordinarias Salariales para Municipios para \u201ccontribuir\u201d con el pago de la suma fija decretada por el Gobierno Nacional<\/strong>, que \u201cse distribuir\u00e1 a solicitud de cada municipio y tendr\u00e1 car\u00e1cter de reintegrable\u201d, alcanzado fondos por el 50% de los recursos que necesite cada distrito para cubrir esa suma extraordinaria.<\/p>\n\n\n\n<p>Sin embargo, los intendentes bonaerenses que responden a la oposici\u00f3n no est\u00e1n conformes: <strong>piden que la provincia les gire el total de los fondos necesarios y que ese aporte \u201cno deba reembolsarse durante el ejercicio\u201d<\/strong>.<\/p>\n\n\n\n<p>\u201c<strong>Necesitamos la ampliaci\u00f3n del Fondo Especial de Asignaciones Extraordinarias Salariales para Municipios<\/strong> que prev\u00e9 la cobertura s\u00f3lo del 50% del costo de la medida y que el mismo no deba reembolsarse durante el ejercicio\u201d, prosigue la nota.<\/p>\n\n\n\n<p>Adem\u00e1s se\u00f1alan que \u201cnuestros municipios <strong>necesitan respuestas frente a la deuda de IOMA, el env\u00edo de fondos necesario para hacer frente a la participaci\u00f3n de nuestras delegacione<\/strong>s en los Torneos Bonaerenses, la agilizaci\u00f3n y pago en relaci\u00f3n a los diferentes programas de obras, entre otros temas\u201d.<\/p>\n","protected":false},"excerpt":{"rendered":"<p>El gobernador bonaerense se comprometi\u00f3 a aportar la mitad de esa suma extraordinaria pero los jefes comunales de Juntos por el Cambio quieren que se&hellip; <\/p>\n","protected":false},"author":2,"featured_media":3359,"comment_status":"open","ping_status":"open","sticky":false,"template":"","format":"standard","meta":{"footnotes":""},"categories":[5],"tags":[],"class_list":["post-3358","post","type-post","status-publish","format-standard","has-post-thumbnail","hentry","category-politica"],"_links":{"self":[{"href":"https:\/\/lametro989.com\/index.php?rest_route=\/wp\/v2\/posts\/3358","targetHints":{"allow":["GET"]}}],"collection":[{"href":"https:\/\/lametro989.com\/index.php?rest_route=\/wp\/v2\/posts"}],"about":[{"href":"https:\/\/lametro989.com\/index.php?rest_route=\/wp\/v2\/types\/post"}],"author":[{"embeddable":true,"href":"https:\/\/lametro989.com\/index.php?rest_route=\/wp\/v2\/users\/2"}],"replies":[{"embeddable":true,"href":"https:\/\/lametro989.com\/index.php?rest_route=%2Fwp%2Fv2%2Fcomments&post=3358"}],"version-history":[{"count":1,"href":"https:\/\/lametro989.com\/index.php?rest_route=\/wp\/v2\/posts\/3358\/revisions"}],"predecessor-version":[{"id":3360,"href":"https:\/\/lametro989.com\/index.php?rest_route=\/wp\/v2\/posts\/3358\/revisions\/3360"}],"wp:featuredmedia":[{"embeddable":true,"href":"https:\/\/lametro989.com\/index.php?rest_route=\/wp\/v2\/media\/3359"}],"wp:attachment":[{"href":"https:\/\/lametro989.com\/index.php?rest_route=%2Fwp%2Fv2%2Fmedia&parent=3358"}],"wp:term":[{"taxonomy":"category","embeddable":true,"href":"https:\/\/lametro989.com\/index.php?rest_route=%2Fwp%2Fv2%2Fcategories&post=3358"},{"taxonomy":"post_tag","embeddable":true,"href":"https:\/\/lametro989.com\/index.php?rest_route=%2Fwp%2Fv2%2Ftags&post=3358"}],"curies":[{"name":"wp","href":"https:\/\/api.w.org\/{rel}","templated":true}]}}