{"id":3361,"date":"2023-09-08T22:25:56","date_gmt":"2023-09-09T01:25:56","guid":{"rendered":"https:\/\/lametro989.com\/?p=3361"},"modified":"2023-09-08T22:25:56","modified_gmt":"2023-09-09T01:25:56","slug":"sergio-massa-convoco-a-la-cgt-la-cta-y-autoridades-de-diputados-por-el-impuesto-a-las-ganancias","status":"publish","type":"post","link":"https:\/\/lametro989.com\/?p=3361","title":{"rendered":"Sergio Massa convoc\u00f3 a la CGT, la CTA y autoridades de Diputados por el Impuesto a las Ganancias"},"content":{"rendered":"\n<p>El ministro de Econom\u00eda y candidato a presidente por Uni\u00f3n por la Patria llam\u00f3 a una reuni\u00f3n para el pr\u00f3ximo lunes.<\/p>\n\n\n\n<figure class=\"wp-block-image size-full\"><img loading=\"lazy\" decoding=\"async\" width=\"610\" height=\"381\" src=\"https:\/\/lametro989.com\/wp-content\/uploads\/2023\/09\/imagen-90.png\" alt=\"\" class=\"wp-image-3362\" srcset=\"https:\/\/lametro989.com\/wp-content\/uploads\/2023\/09\/imagen-90.png 610w, https:\/\/lametro989.com\/wp-content\/uploads\/2023\/09\/imagen-90-300x187.png 300w\" sizes=\"auto, (max-width: 610px) 100vw, 610px\" \/><\/figure>\n\n\n\n<p>El ministro de Econom\u00eda, <strong>Sergio Massa,<\/strong> convoc\u00f3 para el pr\u00f3ximo lunes a las autoridades de la<strong> Confederaci\u00f3n General del Trabajo<\/strong> (CGT), de la <strong>CTA de los Trabajadores<\/strong> y a las autoridades de la <strong>C\u00e1mara de Diputados<\/strong> a una reuni\u00f3n vinculada con el <strong>Impuesto<\/strong> <strong>a las<\/strong> <strong>Ganancias,<\/strong> adelantaron fuentes del Palacio de Hacienda.<\/p>\n\n\n\n<p>Al encuentro, previsto para las <strong>17,<\/strong> fueron convocados <strong>H\u00e9ctor Daer, Hugo Moyano, Carlos Acu\u00f1a, Sergio Palazzo, Hugo Yaski<\/strong> y gremios que representan a petroleros y aeronavegantes, entre otros.<div class=\"row\"><div class=\"col-12 col-md-12 col-lg-8\"><section class=\"detail-body\"><section class=\"body-content note-body content-protected-false\"><p>Este viernes, m\u00e1s temprano, Massa hab\u00eda solicitado a sus  colaboradores que la eliminaci\u00f3n del pago del Impuesto a las Ganancias  alcance a la mayor cantidad de trabajadores y trabajadoras, quedando  limitado a un m\u00ednimo porcentaje de quienes tributan por cuarta  categor\u00eda.<\/p><p>Esta precisi\u00f3n fue encomendada concretamente al director de Aduanas,<strong> Guillermo Michel<\/strong>, que particip\u00f3 de la reuni\u00f3n de gabinete econ\u00f3mico que se realiz\u00f3 en el Palacio de Hacienda, informaron fuentes oficiales.<\/p><div class=\"embed_cont type_imagen\" id=\"7816415-Libre-1909074220_wrap\" contenteditable=\"false\">   <div id=\"7816415-Libre-1909074220_content\" class=\"embed_content\"><img decoding=\"async\" data-td-src-property=\"https:\/\/media.minutouno.com\/p\/73fbf3004379139ce4c756a54a08792d\/adjuntos\/150\/imagenes\/040\/836\/0040836414\/610x0\/smart\/sergio-massa-cgtjpg.jpg\" title=\"\" id=\"7816415-Libre-1909074220_embed\" width=\"610\" height=\"\" src=\"https:\/\/media.minutouno.com\/p\/73fbf3004379139ce4c756a54a08792d\/adjuntos\/150\/imagenes\/040\/836\/0040836414\/610x0\/smart\/sergio-massa-cgtjpg.jpg\" alt=\"\"><\/div>     <\/div><p><strong>&#8220;Cuando  termine esa reuni\u00f3n tendremos los escenarios posibles para saber si es  posible, pero el 11 de diciembre mando un proyecto para eliminar el  impuesto a las Ganancias para los trabajadores&#8221;<\/strong>, hab\u00eda anticipado el ministro.<\/p><p>Hace  menos de un mes, el Gobierno oficializ\u00f3 el tercer aumento en el a\u00f1o del  m\u00ednimo no imponible del impuesto a las Ganancias para la cuarta  categor\u00eda en 700.875 pesos brutos mensuales y el incremento de las  escalas del gravamen en un 35%, medidas que en conjunto representan un  alivio fiscal para m\u00e1s de 1 mill\u00f3n de trabajadores, a trav\u00e9s de dos  decretos, 414\/2023 y 415\/2023<\/p><p>El decreto 414 increment\u00f3 el piso  de Ganancias a 700.875 pesos brutos mensuales para trabajadores en  relaci\u00f3n de dependencia a partir del 1 de agosto \u00faltimo, y estableci\u00f3  que cuando el haber bruto supere el nuevo m\u00ednimo no imponible, pero no  exceda los 808.341 pesos mensuales, la Administraci\u00f3n Federal de  Ingresos P\u00fablicos (AFIP) ser\u00e1 la encargada de establecer el monto  deducible adicional pertinente.<\/p><p>El decreto 415 encomend\u00f3 a la  AFIP aumentar en un 35% los importes de la escala progresiva de  Ganancias, y precis\u00f3 que la medida abarca todo el per\u00edodo fiscal 2023.<\/p><p>Fue  la tercera vez en el a\u00f1o que el Ministerio de Econom\u00eda aument\u00f3 el  m\u00ednimo no imponible, ya que en enero dejaron de pagar las remuneraciones  brutas mensuales que no superaban los 404.062 pesos; en mayo se subi\u00f3 a  506.230 pesos y el mes pasado volvi\u00f3 a incrementarse hasta los 700.875  pesos.<\/p><\/section><\/section><\/div><\/div>       <\/p>\n","protected":false},"excerpt":{"rendered":"<p>El ministro de Econom\u00eda y candidato a presidente por Uni\u00f3n por la Patria llam\u00f3 a una reuni\u00f3n para el pr\u00f3ximo lunes. El ministro de Econom\u00eda,&hellip; <\/p>\n","protected":false},"author":2,"featured_media":3362,"comment_status":"open","ping_status":"open","sticky":false,"template":"","format":"standard","meta":{"footnotes":""},"categories":[13],"tags":[],"class_list":["post-3361","post","type-post","status-publish","format-standard","has-post-thumbnail","hentry","category-nacionales"],"_links":{"self":[{"href":"https:\/\/lametro989.com\/index.php?rest_route=\/wp\/v2\/posts\/3361","targetHints":{"allow":["GET"]}}],"collection":[{"href":"https:\/\/lametro989.com\/index.php?rest_route=\/wp\/v2\/posts"}],"about":[{"href":"https:\/\/lametro989.com\/index.php?rest_route=\/wp\/v2\/types\/post"}],"author":[{"embeddable":true,"href":"https:\/\/lametro989.com\/index.php?rest_route=\/wp\/v2\/users\/2"}],"replies":[{"embeddable":true,"href":"https:\/\/lametro989.com\/index.php?rest_route=%2Fwp%2Fv2%2Fcomments&post=3361"}],"version-history":[{"count":1,"href":"https:\/\/lametro989.com\/index.php?rest_route=\/wp\/v2\/posts\/3361\/revisions"}],"predecessor-version":[{"id":3363,"href":"https:\/\/lametro989.com\/index.php?rest_route=\/wp\/v2\/posts\/3361\/revisions\/3363"}],"wp:featuredmedia":[{"embeddable":true,"href":"https:\/\/lametro989.com\/index.php?rest_route=\/wp\/v2\/media\/3362"}],"wp:attachment":[{"href":"https:\/\/lametro989.com\/index.php?rest_route=%2Fwp%2Fv2%2Fmedia&parent=3361"}],"wp:term":[{"taxonomy":"category","embeddable":true,"href":"https:\/\/lametro989.com\/index.php?rest_route=%2Fwp%2Fv2%2Fcategories&post=3361"},{"taxonomy":"post_tag","embeddable":true,"href":"https:\/\/lametro989.com\/index.php?rest_route=%2Fwp%2Fv2%2Ftags&post=3361"}],"curies":[{"name":"wp","href":"https:\/\/api.w.org\/{rel}","templated":true}]}}