{"id":3368,"date":"2023-09-08T22:36:54","date_gmt":"2023-09-09T01:36:54","guid":{"rendered":"https:\/\/lametro989.com\/?p=3368"},"modified":"2023-09-08T22:36:54","modified_gmt":"2023-09-09T01:36:54","slug":"amenazan-a-dos-funcionarios-de-la-carcel-de-ezeiza-donde-estan-presos-los-monos","status":"publish","type":"post","link":"https:\/\/lametro989.com\/?p=3368","title":{"rendered":"Amenazan a dos funcionarios de la c\u00e1rcel de Ezeiza donde est\u00e1n presos &#8220;Los Monos&#8221;"},"content":{"rendered":"\n<p>La Justicia Federal investiga ataques intimidatorios dirigidos a importantes oficiales del penal de m\u00e1xima seguridad bonaerense en el que est\u00e1n detenidos integrantes de la peligrosa banda narco rosarina.<\/p>\n\n\n\n<figure class=\"wp-block-image\"><img decoding=\"async\" src=\"blob:https:\/\/lametro989.com\/fba63b7a-25f5-4156-a105-4a321687664d\" alt=\"\"\/><\/figure>\n\n\n\n<p>En la madrugada de este viernes, desconocidos que circulaban a bordo de una moto efectuaron disparos al aire y dejaron una nota con un mensaje intimidatorio en la puerta de la casa de un alto funcionario del <strong>complejo penitenciario de Ezeiza<\/strong>. que reside en ese municipio.<\/p>\n\n\n\n<p><strong>&#8220;Dej\u00e1 de hacerte el pillo. Atte: La Mafia&#8221;<\/strong>, dice el mensaje junto con el nombre de a quien iba dirigido el mismo y el dibujo de una persona ahorcada; por estas horas se investiga si la amenaza guarda relaci\u00f3n con la banda narco <strong>&#8220;Los Monos&#8221;<\/strong>, ya que varios de sus integrantes est\u00e1n detenidos en ese penal de m\u00e1xima seguridad, incluido su l\u00edder, <strong>Ariel &#8220;Guille&#8221; Cantero.<\/strong><\/p>\n\n\n\n<p>De acuerdo a sus dichos, el funcionario penitenciario que reside en ese domicilio hab\u00eda recibido anteriormente un mensaje intimidatorio en su tel\u00e9fono celular, a la vez que se investigan amenazas a otro alto funcionario del penal de Ezeiza.<\/p>\n\n\n\n<p>A ra\u00edz de esto se le dio intervenci\u00f3n a la Justicia provincial pero horas despu\u00e9s el caso qued\u00f3 en manos de la Justicia Federal, debido al cargo que ostenta quien es el destinatario de las amenazas.<\/p>\n\n\n\n<p>El juez federal de Lomas de Zamora, <strong>Federico Villena<\/strong>, a cargo de la investigaci\u00f3n, dispuso medidas de seguridad para los funcionarios y sus familiares. Y orden\u00f3 una serie de medidas en busca de determinar qui\u00e9nes fueron que ya se pusieron en marcha y que se mantienen bajo reserva. Se descuenta que se incluye el rastrillaje con las c\u00e1maras de seguridad de la zona para identificar a los ocupantes de la moto.<\/p>\n\n\n\n<p>Ya<strong> la semana pasada hab\u00eda sido amenazado el director del m\u00f3dulo de la c\u00e1rcel de Ezeiza donde est\u00e1n alojados &#8220;Los Monos&#8221;<\/strong>. Se trat\u00f3 de un episodio de \u201ccaracter\u00edsticas similares\u201d, indicaron.<\/p>\n\n\n\n<p>Por eso, se cree que detr\u00e1s de estas amenazas estar\u00edan los responsables de la sanguinaria banda de narcotraficantes que se hizo famosa por su violencia en la ciudad de Rosario. <strong>\u201cEst\u00e1 firmado: La Mafia. El mensaje es claro\u201d<\/strong>, dijeron fuentes de la investigaci\u00f3n, quienes a\u00f1adieron que podr\u00eda guardar relaci\u00f3n con &#8220;el r\u00e9gimen de condici\u00f3n que est\u00e1n teniendo\u201d en el penal.<\/p>\n\n\n\n<p>La amenaza se da en medio de la escalada de tensi\u00f3n en ese penal federal por los controles y restricciones que desde hace semanas se les aplican a 25 presos rosarinos de alto perfil que tienen vinculaci\u00f3n con Los Monos, entre ellos Jorge \u201cEma\u201d Chamorro y Cristian \u201cPupi\u201d Avalle, quienes debieron ser hospitalizados una semana atr\u00e1s luego de un incendio intencional.<\/p>\n\n\n\n<p>En el mismo penal est\u00e1n alojados otros c\u00e9lebres integrantes de &#8220;Los Monos&#8221;: Carlos Dami\u00e1n \u201cToro\u201d Escobar y Leandro \u201cPollo\u201d Vinardi, quienes gerencian la barra brava de Newell\u2019s Old Boys de Rosario, por orden de &#8220;Guille&#8221; Cantero.<\/p>\n","protected":false},"excerpt":{"rendered":"<p>La Justicia Federal investiga ataques intimidatorios dirigidos a importantes oficiales del penal de m\u00e1xima seguridad bonaerense en el que est\u00e1n detenidos integrantes de la peligrosa&hellip; <\/p>\n","protected":false},"author":2,"featured_media":3369,"comment_status":"open","ping_status":"open","sticky":false,"template":"","format":"standard","meta":{"footnotes":""},"categories":[9,13],"tags":[],"class_list":["post-3368","post","type-post","status-publish","format-standard","has-post-thumbnail","hentry","category-destacadas","category-nacionales"],"_links":{"self":[{"href":"https:\/\/lametro989.com\/index.php?rest_route=\/wp\/v2\/posts\/3368","targetHints":{"allow":["GET"]}}],"collection":[{"href":"https:\/\/lametro989.com\/index.php?rest_route=\/wp\/v2\/posts"}],"about":[{"href":"https:\/\/lametro989.com\/index.php?rest_route=\/wp\/v2\/types\/post"}],"author":[{"embeddable":true,"href":"https:\/\/lametro989.com\/index.php?rest_route=\/wp\/v2\/users\/2"}],"replies":[{"embeddable":true,"href":"https:\/\/lametro989.com\/index.php?rest_route=%2Fwp%2Fv2%2Fcomments&post=3368"}],"version-history":[{"count":2,"href":"https:\/\/lametro989.com\/index.php?rest_route=\/wp\/v2\/posts\/3368\/revisions"}],"predecessor-version":[{"id":3371,"href":"https:\/\/lametro989.com\/index.php?rest_route=\/wp\/v2\/posts\/3368\/revisions\/3371"}],"wp:featuredmedia":[{"embeddable":true,"href":"https:\/\/lametro989.com\/index.php?rest_route=\/wp\/v2\/media\/3369"}],"wp:attachment":[{"href":"https:\/\/lametro989.com\/index.php?rest_route=%2Fwp%2Fv2%2Fmedia&parent=3368"}],"wp:term":[{"taxonomy":"category","embeddable":true,"href":"https:\/\/lametro989.com\/index.php?rest_route=%2Fwp%2Fv2%2Fcategories&post=3368"},{"taxonomy":"post_tag","embeddable":true,"href":"https:\/\/lametro989.com\/index.php?rest_route=%2Fwp%2Fv2%2Ftags&post=3368"}],"curies":[{"name":"wp","href":"https:\/\/api.w.org\/{rel}","templated":true}]}}