{"id":3376,"date":"2023-09-08T22:45:16","date_gmt":"2023-09-09T01:45:16","guid":{"rendered":"https:\/\/lametro989.com\/?p=3376"},"modified":"2023-09-08T22:45:16","modified_gmt":"2023-09-09T01:45:16","slug":"nico-de-la-cruz-doblete-y-gran-actuacion-en-el-debut-triunfal-de-bielsa","status":"publish","type":"post","link":"https:\/\/lametro989.com\/?p=3376","title":{"rendered":"Nico De la Cruz: doblete y gran actuaci\u00f3n en el debut triunfal de Bielsa"},"content":{"rendered":"\n<p><strong><a href=\"https:\/\/www.google.com\/url?sa=t&amp;rct=j&amp;q=&amp;esrc=s&amp;source=web&amp;cd=&amp;cad=rja&amp;uact=8&amp;ved=2ahUKEwj9_uX8m5yBAxUZnpUCHax2D3EQFnoECB8QAQ&amp;url=https%3A%2F%2Fwww.elgrafico.com.ar%2Fetiqueta%2FNicolas%2520de%2520La%2520Cruz&amp;usg=AOvVaw1pyx7vT24qjpFBmEwAKAU4&amp;opi=89978449\">NICOL\u00c1S DE LA CRUZ<\/a>\u00a0<\/strong>demuestra su enorme jerarqu\u00eda fecha tras fecha en el f\u00fatbol argentino con la casaca de\u00a0<strong>River Plate. <\/strong>Por esta raz\u00f3n, se gan\u00f3 un lugar no solo en la convocatoria, si no tambi\u00e9n en el equipo titular de<strong> Uruguay <\/strong>para enfrentar a <strong>Chile<\/strong>.<\/p>\n\n\n\n<figure class=\"wp-block-image size-large\"><img loading=\"lazy\" decoding=\"async\" width=\"1024\" height=\"683\" src=\"https:\/\/lametro989.com\/wp-content\/uploads\/2023\/09\/imagen-94-1024x683.png\" alt=\"\" class=\"wp-image-3377\" srcset=\"https:\/\/lametro989.com\/wp-content\/uploads\/2023\/09\/imagen-94-1024x683.png 1024w, https:\/\/lametro989.com\/wp-content\/uploads\/2023\/09\/imagen-94-300x200.png 300w, https:\/\/lametro989.com\/wp-content\/uploads\/2023\/09\/imagen-94-768x512.png 768w, https:\/\/lametro989.com\/wp-content\/uploads\/2023\/09\/imagen-94.png 1350w\" sizes=\"auto, (max-width: 1024px) 100vw, 1024px\" \/><\/figure>\n\n\n\n<p><br><\/p>\n\n\n\n<p>Y decir que el futbolista le devolvi\u00f3 la confianza a<strong> Marcelo Bielsa<\/strong> es poco. No s\u00f3lo jug\u00f3 un extraordinario primer tiempo, si no que tambi\u00e9n <strong>marc\u00f3 un lindo tanto&nbsp;<\/strong>que le dio el primer festejo&nbsp;a la Celeste ante la Roja.<\/p>\n\n\n\n<p>Es que\u00a0un ataque comandado por <strong>Joaqu\u00edn Piquer\u00e9z<\/strong> deriv\u00f3 en un pase hacia el medio del \u00e1rea. All\u00ed, <strong>De la Cruz dej\u00f3 pasar la pelota con un amague, continu\u00f3 su carrera, recibi\u00f3 una pared de Darwin N\u00fa\u00f1ez y defini\u00f3 cruzado<\/strong> para marcar un verdadero golazo.Como si esto fuese poco, el mediocampista no se conform\u00f3 y en el minuto 71<strong> convirti\u00f3 un doblete<\/strong>. La jugada fue colectiva al igual que el primer tanto, y nuevamente, <strong>Nu\u00f1ez lo asisit\u00f3 con un excelente pase para que Nico, entrando como nueve, empuje la pelota y ponga el 3-0 parcial.<\/strong><\/p>\n","protected":false},"excerpt":{"rendered":"<p>NICOL\u00c1S DE LA CRUZ\u00a0demuestra su enorme jerarqu\u00eda fecha tras fecha en el f\u00fatbol argentino con la casaca de\u00a0River Plate. Por esta raz\u00f3n, se gan\u00f3 un&hellip; <\/p>\n","protected":false},"author":2,"featured_media":3377,"comment_status":"open","ping_status":"open","sticky":false,"template":"","format":"standard","meta":{"footnotes":""},"categories":[10],"tags":[],"class_list":["post-3376","post","type-post","status-publish","format-standard","has-post-thumbnail","hentry","category-deportes"],"_links":{"self":[{"href":"https:\/\/lametro989.com\/index.php?rest_route=\/wp\/v2\/posts\/3376","targetHints":{"allow":["GET"]}}],"collection":[{"href":"https:\/\/lametro989.com\/index.php?rest_route=\/wp\/v2\/posts"}],"about":[{"href":"https:\/\/lametro989.com\/index.php?rest_route=\/wp\/v2\/types\/post"}],"author":[{"embeddable":true,"href":"https:\/\/lametro989.com\/index.php?rest_route=\/wp\/v2\/users\/2"}],"replies":[{"embeddable":true,"href":"https:\/\/lametro989.com\/index.php?rest_route=%2Fwp%2Fv2%2Fcomments&post=3376"}],"version-history":[{"count":1,"href":"https:\/\/lametro989.com\/index.php?rest_route=\/wp\/v2\/posts\/3376\/revisions"}],"predecessor-version":[{"id":3378,"href":"https:\/\/lametro989.com\/index.php?rest_route=\/wp\/v2\/posts\/3376\/revisions\/3378"}],"wp:featuredmedia":[{"embeddable":true,"href":"https:\/\/lametro989.com\/index.php?rest_route=\/wp\/v2\/media\/3377"}],"wp:attachment":[{"href":"https:\/\/lametro989.com\/index.php?rest_route=%2Fwp%2Fv2%2Fmedia&parent=3376"}],"wp:term":[{"taxonomy":"category","embeddable":true,"href":"https:\/\/lametro989.com\/index.php?rest_route=%2Fwp%2Fv2%2Fcategories&post=3376"},{"taxonomy":"post_tag","embeddable":true,"href":"https:\/\/lametro989.com\/index.php?rest_route=%2Fwp%2Fv2%2Ftags&post=3376"}],"curies":[{"name":"wp","href":"https:\/\/api.w.org\/{rel}","templated":true}]}}