{"id":3383,"date":"2023-09-09T15:49:52","date_gmt":"2023-09-09T18:49:52","guid":{"rendered":"https:\/\/lametro989.com\/?p=3383"},"modified":"2023-09-09T15:49:52","modified_gmt":"2023-09-09T18:49:52","slug":"el-gobierno-entrego-titulos-de-propiedad-inauguro-pavimento-y-recorrio-obras-en-hermoso-campo","status":"publish","type":"post","link":"https:\/\/lametro989.com\/?p=3383","title":{"rendered":"El gobierno entreg\u00f3 t\u00edtulos de propiedad, inaugur\u00f3 pavimento y recorri\u00f3 obras en Hermoso Campo"},"content":{"rendered":"\n<p>Adem\u00e1s los emprendedores recibieron herramientas de trabajo y se habilit\u00f3 el plan de reactivaci\u00f3n de la planta industrial &#8220;La Campi\u00f1a&#8221;. Entre las obras visitadas est\u00e1n cuatro escuelas, una plaza y el edificio del hospital local<\/p>\n\n\n\n<figure class=\"wp-block-image size-large is-resized\"><img loading=\"lazy\" decoding=\"async\" src=\"https:\/\/lametro989.com\/wp-content\/uploads\/2023\/09\/image-8-1024x683.png\" alt=\"\" class=\"wp-image-3385\" style=\"width:30px;height:20px\" width=\"30\" height=\"20\" srcset=\"https:\/\/lametro989.com\/wp-content\/uploads\/2023\/09\/image-8-1024x683.png 1024w, https:\/\/lametro989.com\/wp-content\/uploads\/2023\/09\/image-8-300x200.png 300w, https:\/\/lametro989.com\/wp-content\/uploads\/2023\/09\/image-8-768x512.png 768w, https:\/\/lametro989.com\/wp-content\/uploads\/2023\/09\/image-8-1536x1024.png 1536w, https:\/\/lametro989.com\/wp-content\/uploads\/2023\/09\/image-8-700x496.png 700w, https:\/\/lametro989.com\/wp-content\/uploads\/2023\/09\/image-8.png 1600w\" sizes=\"auto, (max-width: 30px) 100vw, 30px\" \/><\/figure>\n\n\n\n<p>Avanzando con su agenda de trabajo e inauguraciones, este s\u00e1bado, en Hermoso Campo, el gobernador Jorge Capitanich entreg\u00f3 130 t\u00edtulos de propiedad, inaugur\u00f3 19 cuadras de pavimento y habilit\u00f3 los trabajos de reactivaci\u00f3n de la planta industrial \u201cLa Campi\u00f1a\u201d. Adem\u00e1s, acompa\u00f1ado del intendente Di\u00f3genes Requena, entreg\u00f3 herramientas a microemprendedores y elementos deportivos; y visit\u00f3 las obras de cuatros establecimientos educativos y la del hospital \u201cArtemio Zeno\u201d.<\/p>\n\n\n\n<p>\u201cTransformamos Hermoso Campo y queremos hacer mucho m\u00e1s, porque juntos somos capaces de hacerlo. Porque demostramos que concretamos todo lo que prometimos, pero, sobre todo, porque demostramos capacidad de gobernar en tiempos dif\u00edciles; donde era necesario estar, estuvimos\u201d, asever\u00f3 el gobernador.<\/p>\n\n\n\n<p>Los 130 t\u00edtulos de propiedad fueron entregados a familias de los barrios Itat\u00ed Sur e Itat\u00ed Norte. De la totalidad de las escrituras, el 76% fueron a favor de mujeres, garantizando as\u00ed, el derecho a la inclusi\u00f3n y las garant\u00edas sociales y como medida precautoria ante las situaciones de conflicto. La actual gesti\u00f3n entreg\u00f3 un total de 2.182 t\u00edtulos, otorgando seguridad jur\u00eddica a m\u00e1s familias chaque\u00f1as.<\/p>\n\n\n\n<p>Al respecto, el gobernador explic\u00f3 que Chaco necesita de regularizaci\u00f3n dominial de 649 barrios, lo que implica un total de 50.000 t\u00edtulos de propiedad urbana. \u201cEsto da lugar a nuestro plan de gobierno para los pr\u00f3ximos 4 a\u00f1os que es invertir 840.000 millones de pesos, lo que equivale al 84% del presupuesto actual para lograr que m\u00e1s las familias chaque\u00f1as alcancen la tan ansiada seguridad jur\u00eddica que pasa de generaci\u00f3n en generaci\u00f3n\u201d, dijo.<\/p>\n\n\n\n<p>En los pr\u00f3ximos cuatro a\u00f1os, \u201cvamos a garantizar m\u00e1s t\u00edtulos de propiedad, as\u00ed como acceso a viviendas, construcci\u00f3n de veredas y acceso a todos los servicios b\u00e1sicos\u201d, destac\u00f3 el mandatario chaque\u00f1o.&nbsp;<img decoding=\"async\" src=\"https:\/\/agenciafoco.com.ar\/media\/cache\/quality\/uploads\/noticias\/64fca58717d4f528949245.jpg\"><\/p>\n\n\n\n<h3 class=\"wp-block-heading\">M\u00e1s cuadras de pavimento<\/h3>\n\n\n\n<p>Las cuadras de pavimento inauguradas por Capitanich corresponden a la avenida 1\u00b0 de Mayo que, aparte de ser doble mano, cuenta con una importante obra de desag\u00fce pluvial. A estas 14 cuadras se suman tres de la avenida Gin\u00e9s S\u00e1nchez, y las restantes de las calles L\u00f3pez, Amaya, Barrios y la avenida Graff. Para dicha obra se destin\u00f3 una inversi\u00f3n de $273.370.918, monto financiado por el programa Jurisdicci\u00f3n 23.<\/p>\n\n\n\n<p>Es una obra de gran impacto para Hermoso Campo, donde se ejecutaron un total de 150 cuadras en las tres gestiones de Capitanich. \u201cEs un r\u00e9cord hist\u00f3rico\u201d, subray\u00f3 el gobernador para luego comprometerse a suscribir un convenio el lunes para la ejecuci\u00f3n de 100 nuevas cuadras de pavimento para los pr\u00f3ximos 4 a\u00f1os y la construcci\u00f3n de un polideportivo.&nbsp;<\/p>\n\n\n\n<h3 class=\"wp-block-heading\">Apoyo a emprendedores<\/h3>\n\n\n\n<p>La entrega de herramientas de trabajo fue recibida por emprendedores que se suman al total 18.000 trabajadoras y trabajadores de toda la provincia que fueron beneficiarios de los aportes de la Fundaci\u00f3n Chaco Solidario. \u201cTodo ello corresponde a una pol\u00edtica p\u00fablica que tiene como objetivo la defensa del trabajo de todas las personas que con su esfuerzo diario llevan a su hogar un plato de comida\u201d, dijo el gobernador tras recibir el agradecimiento de las y los emprendedores presentes.<\/p>\n\n\n\n<p>Capitanich tambi\u00e9n visit\u00f3 las instalaciones de la reactivada planta industrial La Campi\u00f1a, tambi\u00e9n conocida como la Ex La Hermose\u00f1a, que es emblem\u00e1tica para la localidad. La f\u00e1brica, que se encuentra en el ingreso de la ciudad, produce fiambres como jam\u00f3n, paleta, mortadela, adem\u00e1s de chacinados y embutidos.<\/p>\n\n\n\n<p>Su recuperaci\u00f3n y puesta en marcha demand\u00f3 una inversi\u00f3n de 30 millones de pesos, financiado de forma conjunta entre el Gobierno y el sector privado. Comenzaron a trabajar con 10 operarios directos y se proyecta incorporar 30 operarios hasta alcanzar su punto \u00f3ptimo de producci\u00f3n. Actualmente tiene una producci\u00f3n de 2.000 kilogramos por mes y para fin de a\u00f1o se busca incrementar hasta alcanzar los 10.000 kilogramos. Adicionalmente se encuentran en desarrollo productos como la cracovia, salchichas, burzot y morcillas.<\/p>\n\n\n\n<p>Acompa\u00f1\u00f3 a Capitanich, el ministro de Industria, Producci\u00f3n y Empleo Sebasti\u00e1n Lifton; quien destac\u00f3 la importancia del trabajo de La Campi\u00f1a en el agregado de valor en la producci\u00f3n primaria. \u201cGenerar puestos de trabajo desde Hermoso Campo es muy importante para la zona. Es una planta emblem\u00e1tica y es un \u00edcono para la regi\u00f3n\u201d, coment\u00f3.<\/p>\n\n\n\n<p>El funcionario detall\u00f3 que las instalaciones de la planta, sumado al r\u00e9gimen de promociones industriales, reintegro de inversiones, el programa M\u00e1s Empleo son los aportes del Estado en esta importante puesta en marcha.<\/p>\n\n\n\n<p>Por su parte, el empresario Ignacio Oribe explic\u00f3 que el gobernador desde un comienzo transmiti\u00f3 a su equipo de trabajo que la planta industrial era una obra que deb\u00eda realizarse. \u201cNo hubo ning\u00fan momento en que Capitanich no se haya ocupado de saber en la situaci\u00f3n en la que se encontraba la obra\u201d, asever\u00f3.&nbsp;<img decoding=\"async\" src=\"https:\/\/agenciafoco.com.ar\/media\/cache\/quality\/uploads\/noticias\/64fca58718a26323488573.jpg\"><\/p>\n\n\n\n<p>En la localidad, el primer mandatario supervis\u00f3 las refacciones de las escuelas de Educaci\u00f3n Primaria N\u00b0863 y N\u00b0230 y la Escuela de Educaci\u00f3n Secundaria N\u00b022. En los tres edificios se realizaron obras de intervenciones que van desde sistemas el\u00e9ctricos, instalaciones sanitarias hasta estructuras de cielorraso, pinturas y trabajos de carpinter\u00edas. Todo ello con una inversi\u00f3n de $72.923.274, monto financiado por el Ministerio de Planificaci\u00f3n, Econom\u00eda e Infraestructura.<\/p>\n\n\n\n<p>Adem\u00e1s, Capitanich visit\u00f3 la obra de refacci\u00f3n integral de la Escuela de Educaci\u00f3n Especial N\u00b038. El edificio alberga a un total de 42 estudiantes, quienes est\u00e1n a cargo de la directora Liliana Comanni que explic\u00f3 que esperan con muchas ansias comenzar en el nuevo edificio.<\/p>\n\n\n\n<p>Visit\u00f3 tambi\u00e9n el hospital \u201cArtemio Zeno\u201d donde se ejecutan obras de ampliaci\u00f3n y refacci\u00f3n integral que demandan una inversi\u00f3n de $168.940.679. La obra contempla la modificaci\u00f3n del acceso principal y su ampliaci\u00f3n, lo que posibilitar\u00e1 la ampliaci\u00f3n de consultorios externos, vacunatorio y la sala de atenci\u00f3n a ni\u00f1as y ni\u00f1os, todo ello con conexi\u00f3n a los sectores de estad\u00edstica, farmacia, laboratorio y kinesiolog\u00eda que son tambi\u00e9n refaccionados.<\/p>\n\n\n\n<p>Se intervino, adem\u00e1s, en la Guardia, salas de observaci\u00f3n y procedimientos, estar m\u00e9dico, sala de partos y atenci\u00f3n al reci\u00e9n nacido, las salas de internaci\u00f3n, de reuniones y de m\u00e1quinas, cocina, lavadero, oficinas y m\u00f3dulos sanitarios.<\/p>\n\n\n\n<p>Capitanich recorri\u00f3 la plaza Independencia donde se est\u00e1n ejecutando m\u00faltiples trabajos de refacci\u00f3n y ampliaci\u00f3n del lugar, entre los que se incluyen: instalaci\u00f3n el\u00e9ctrica completa, sustituci\u00f3n de jirafas de iluminaci\u00f3n, colocaci\u00f3n de luminarias LED, sector de juegos infantiles, solado antideslizante y parquizado y jardiner\u00eda en general. Esta obra cuenta con una inversi\u00f3n de $75.195.339,83 financiados por el Ministerio de Planificaci\u00f3n, Econom\u00eda e Infraestructura.<\/p>\n\n\n\n<p>\u201cLa obra de la plaza forma parte del fortalecimiento de \u00e1reas verdes y de recreaci\u00f3n que son parte de la cultura del encuentro, donde ni\u00f1as, ni\u00f1os, j\u00f3venes y adultos se re\u00fanen a compartir momentos, a jugar, a hacer deportes. Todo ello como construcci\u00f3n de una sociedad m\u00e1s fraterna\u201d, se\u00f1al\u00f3 Capitanich<\/p>\n\n\n\n<p>A su turno, el intendente de Hermoso Campo, Di\u00f3genes Requena, se refiri\u00f3 a las cuadras de pavimento inauguradas que, con los desag\u00fces pluviales \u201cser\u00e1n la soluci\u00f3n definitiva para la transitabilidad y mejora de la calidad de vida de vecinas y vecinos de todo el pueblo\u201d, dijo. Tambi\u00e9n, se refiri\u00f3 a los t\u00edtulos de propiedad entregados, que previa realizaci\u00f3n de tr\u00e1mites, mensuras de tierras, \u201choy 130 familias pasan a ser propietarias de los terrenos\u201d.<\/p>\n\n\n\n<p>Luego, el jefe comunal repas\u00f3 las m\u00faltiples obras ejecutadas a trav\u00e9s del Gobierno Provincial, que lograron \u201cla transformaci\u00f3n total del pueblo\u201d en materia de salud, pavimento urbano, infraestructura escolar, entre otras. \u201cGracias al Gobierno Provincial y municipal, hemos encarado todas estas transformaciones para la localidad, obras que son fundamentales para cada uno de nosotros y para futuras generaciones\u201d, finaliz\u00f3 el intendente.&nbsp;<\/p>\n","protected":false},"excerpt":{"rendered":"<p>Adem\u00e1s los emprendedores recibieron herramientas de trabajo y se habilit\u00f3 el plan de reactivaci\u00f3n de la planta industrial &#8220;La Campi\u00f1a&#8221;. Entre las obras visitadas est\u00e1n&hellip; <\/p>\n","protected":false},"author":2,"featured_media":3386,"comment_status":"open","ping_status":"open","sticky":false,"template":"","format":"standard","meta":{"footnotes":""},"categories":[9,5],"tags":[],"class_list":["post-3383","post","type-post","status-publish","format-standard","has-post-thumbnail","hentry","category-destacadas","category-politica"],"_links":{"self":[{"href":"https:\/\/lametro989.com\/index.php?rest_route=\/wp\/v2\/posts\/3383","targetHints":{"allow":["GET"]}}],"collection":[{"href":"https:\/\/lametro989.com\/index.php?rest_route=\/wp\/v2\/posts"}],"about":[{"href":"https:\/\/lametro989.com\/index.php?rest_route=\/wp\/v2\/types\/post"}],"author":[{"embeddable":true,"href":"https:\/\/lametro989.com\/index.php?rest_route=\/wp\/v2\/users\/2"}],"replies":[{"embeddable":true,"href":"https:\/\/lametro989.com\/index.php?rest_route=%2Fwp%2Fv2%2Fcomments&post=3383"}],"version-history":[{"count":1,"href":"https:\/\/lametro989.com\/index.php?rest_route=\/wp\/v2\/posts\/3383\/revisions"}],"predecessor-version":[{"id":3387,"href":"https:\/\/lametro989.com\/index.php?rest_route=\/wp\/v2\/posts\/3383\/revisions\/3387"}],"wp:featuredmedia":[{"embeddable":true,"href":"https:\/\/lametro989.com\/index.php?rest_route=\/wp\/v2\/media\/3386"}],"wp:attachment":[{"href":"https:\/\/lametro989.com\/index.php?rest_route=%2Fwp%2Fv2%2Fmedia&parent=3383"}],"wp:term":[{"taxonomy":"category","embeddable":true,"href":"https:\/\/lametro989.com\/index.php?rest_route=%2Fwp%2Fv2%2Fcategories&post=3383"},{"taxonomy":"post_tag","embeddable":true,"href":"https:\/\/lametro989.com\/index.php?rest_route=%2Fwp%2Fv2%2Ftags&post=3383"}],"curies":[{"name":"wp","href":"https:\/\/api.w.org\/{rel}","templated":true}]}}