{"id":3391,"date":"2023-09-10T08:57:15","date_gmt":"2023-09-10T11:57:15","guid":{"rendered":"https:\/\/lametro989.com\/?p=3391"},"modified":"2023-09-10T08:57:15","modified_gmt":"2023-09-10T11:57:15","slug":"capitanich-inauguro-el-hospital-de-gancedo-una-obra-anhelada-por-la-comunidad","status":"publish","type":"post","link":"https:\/\/lametro989.com\/?p=3391","title":{"rendered":"Capitanich inaugur\u00f3 el hospital de Gancedo, una obra anhelada por la comunidad"},"content":{"rendered":"\n<p>Por primera vez, la comunidad de Gancedo y zonas aleda\u00f1as contar\u00e1 con un hospital de nivel III. En la misma jornada, se inauguraron el portal de acceso a la localidad, refacciones en la comisar\u00eda, un centro de monitoreo y un centro de ex combatientes de Malvinas.<\/p>\n\n\n\n<figure class=\"wp-block-image size-large\"><img loading=\"lazy\" decoding=\"async\" width=\"1024\" height=\"682\" src=\"https:\/\/lametro989.com\/wp-content\/uploads\/2023\/09\/image-10-1024x682.png\" alt=\"\" class=\"wp-image-3392\" srcset=\"https:\/\/lametro989.com\/wp-content\/uploads\/2023\/09\/image-10-1024x682.png 1024w, https:\/\/lametro989.com\/wp-content\/uploads\/2023\/09\/image-10-300x200.png 300w, https:\/\/lametro989.com\/wp-content\/uploads\/2023\/09\/image-10-768x512.png 768w, https:\/\/lametro989.com\/wp-content\/uploads\/2023\/09\/image-10-1536x1023.png 1536w, https:\/\/lametro989.com\/wp-content\/uploads\/2023\/09\/image-10.png 1600w\" sizes=\"auto, (max-width: 1024px) 100vw, 1024px\" \/><\/figure>\n\n\n\n<p>En el marco de una jornada de trabajo en el sudoeste chaque\u00f1o, en Gancedo, el gobernador Jorge Capitanich junto a la intendenta Adriana Stachiotti, inaugur\u00f3 en la ma\u00f1ana de este s\u00e1bado, la hist\u00f3rica obra del hospital de la localidad, clave para seguir mejorando la atenci\u00f3n sanitaria en toda la zona. Adem\u00e1s, habilit\u00f3 refacciones integrales en la comisar\u00eda y sala de monitoreo, el portal de acceso a la comuna y un centro de ex combatientes de Malvinas.<\/p>\n\n\n\n<p>\u201cEste hospital fue un gran compromiso que asumimos el 7 de septiembre de 2019 en campa\u00f1a electoral. Y esa es una gran diferencia con cualquier otro candidato: cada uno de los compromisos que nosotros pudimos hacer, lo cumplimos\u201d, resalt\u00f3 el gobernador, quien estuvo acompa\u00f1ado de las ministras Carolina Centeno (Salud P\u00fablica) y Gloria Zalazar (Seguridad y Justicia); el ministro Juan Manuel Chapo (Gobierno y Trabajo); el vocal de Secheep, Sa\u00fal Medero; diputados y diputadas provinciales; e intendentes vecinos.<\/p>\n\n\n\n<p><strong>Tras 40 a\u00f1os de contar s\u00f3lo con un centro de salud<\/strong>, Gancedo tiene desde&nbsp;<strong>hoy un hospital de nivel III de complejidad<\/strong>, clave para la atenci\u00f3n sanitaria en la localidad y zonas aleda\u00f1as, que llevar\u00e1 el nombre \u201cenfermero Adolfo Maidana\u201d, en honor a un trabajador de la salud de enorme trayectoria en la ciudad.<\/p>\n\n\n\n<p>\u201cNosotros podemos tener virtudes y defectos, errores humanos como cualquiera. Pero somos los \u00fanicos capaces garantizar la salud, seguridad, educaci\u00f3n y cada derecho al pueblo chaque\u00f1o\u201d, manifest\u00f3 Capitanich, quien tambi\u00e9n habilit\u00f3 la obra del portal de acceso, un nuevo Centro de Ex Combatientes y la refacci\u00f3n integral de la comisar\u00eda.<\/p>\n\n\n\n<p>\u201cEl Centro de Excombatientes significa un merecido y justo homenaje a aquellos h\u00e9roes de nuestra patria. Ya hemos participado en obras en Resistencia, Castelli, Las Garcitas, Corzuela, Las Bre\u00f1as, Villa \u00c1ngela y en muchas otras localidades. Nuestra provincia en base a un reconocimiento extraordinario para nuestros excombatientes ha equiparado la pensi\u00f3n provincial con la nacional, \u00fanica provincia argentina que lo ha hecho junto a Tierra del Fuego\u201d, rememor\u00f3.<\/p>\n\n\n\n<p>Respecto a la comisar\u00eda, record\u00f3 que, durante la actual gesti\u00f3n, \u201chemos refaccionados cerca del 76% de todas las comisar\u00edas nuevas, ampliadas o refaccionadas a nuevas. Tambi\u00e9n intervenimos en el fortalecimiento del personal policial para llegar a 7.700 agentes en esta tanda, pero queremos seguir en el a\u00f1o 2024 con el objeto de combatir la inseguridad\u201d, resalt\u00f3 el gobernador.<\/p>\n\n\n\n<p>A su turno, la intendenta Stachiotto manifest\u00f3 la importancia de la jornada para la localidad. \u201cEstoy muy emocionada desde hace varios d\u00edas. Hoy es un d\u00eda hist\u00f3rico y de gran importancia para Gancedo. La obra del hospital es muy anhelada y so\u00f1ada por toda la comunidad de la localidad, y hoy, despu\u00e9s de 40 a\u00f1os de contar con un centro de salud para la atenci\u00f3n primaria de la salud, finalmente es una realidad, un hecho concreto un hospital de nivel 3 para todo Gancedo y para zonas cercanas a nuestra localidad\u201d, destac\u00f3.<\/p>\n\n\n\n<p>En esa l\u00ednea, record\u00f3 al ex intendente (fallecido) Alberto Carlos Korovaichuk. &#8220;Uno de los \u00faltimos viajes con \u00e9l a Resistencia fue cuando se iba a licitar esta obra. Manej\u00e9 de ida y vuelta porque \u00e9l ya estaba mal de salud. En aquel momento pensamos en honrar a nuestro querido \u201cAdolfo Maidana\u201d proponiendo su nombre para ese sue\u00f1o que hoy es una realidad\u201d, resalt\u00f3.<\/p>\n\n\n\n<p>Asimismo, celebr\u00f3 las obras de la comisar\u00eda, el centro de monitoreo y el portal de acceso. \u201cSon de gran importancia para nuestra comunidad del mismo modo que las decenas de obras que se ejecutaron y que se siguen haciendo\u201d, resalt\u00f3 Stachiotti, quien adelant\u00f3 que el lunes, junto al gobernador, se iniciar\u00e1n las reuniones \u201cpara seguir avanzando con un plan de obras para el a\u00f1o 2024, entre ellas las que se encuentran pr\u00f3ximas a inaugurarse como la terminal de \u00f3mnibus y el centro de desarrollo infantil\u201d, resalt\u00f3.&nbsp;<img decoding=\"async\" src=\"https:\/\/agenciafoco.com.ar\/media\/cache\/quality\/uploads\/noticias\/64fc81607963b981828760.jpg\"><\/p>\n\n\n\n<h3 class=\"wp-block-heading\">El hospital, un sue\u00f1o hecho realidad<\/h3>\n\n\n\n<p>Con una&nbsp;<strong>inversi\u00f3n superior a los 214 millones de pesos&nbsp;<\/strong>a trav\u00e9s del Ministerio de Planificaci\u00f3n, Econom\u00eda e Infraestructura, la obra del hospital de Gancedo se construy\u00f3 desde cero en un terreno cedido por el Municipio.<\/p>\n\n\n\n<p>\u201cEste hospital contar\u00e1 con todos los espacios destinado a la correcta asistencia m\u00e9dica de los sujetos de atenci\u00f3n: consultorios m\u00e9dicos, \u00e1reas destinadas a internaci\u00f3n, a la realizaci\u00f3n de distintos tipos de estudios m\u00e9dicos (sala de rayos, laboratorio, salas de extracci\u00f3n, etc\u00e9tera), a la atenci\u00f3n de urgencias, como ser enfermer\u00eda, salas de procedimientos y por \u00faltimo, \u00e1reas destinadas a los propios servicios del hospital (dep\u00f3sitos, n\u00facleos de ba\u00f1os, salas de lavado y salas de permanencia de personal m\u00e9dico)\u201d, se\u00f1al\u00f3 la ministra Centeno. Tambi\u00e9n tendr\u00e1 las \u00e1reas administrativas como oficinas, \u00e1reas contables y recepci\u00f3n, contando con atenci\u00f3n de m\u00e9dico general y odontol\u00f3gico en forma peri\u00f3dica.&nbsp;<img decoding=\"async\" src=\"https:\/\/agenciafoco.com.ar\/media\/cache\/quality\/uploads\/noticias\/64fc81607a54f124060437.jpg\"><\/p>\n\n\n\n<h3 class=\"wp-block-heading\">Acceso, comisar\u00eda y centro de monitoreo<\/h3>\n\n\n\n<p>En la jornada, tambi\u00e9n&nbsp;<strong>se inaugur\u00f3 el portal de acceso a la localidad<\/strong>. La obra consta de una estructura de 8 metros de alto, colocados r\u00edtmicamente cada cinco metros en dos filas, que est\u00e1n compuestas por estructuras reticuladas que se encuentran revestidas por materiales met\u00e1licos como cerramiento y terminaci\u00f3n para la estructura. Los trabajos se ejecutaron con mano de obra local, debidamente capacitada con lo cual se gener\u00f3 trabajo genuino en la localidad.<\/p>\n\n\n\n<p>Seguidamente, en la&nbsp;<strong>comisar\u00eda, con una inversi\u00f3n de casi 41 millones de pesos<\/strong>, la obra consisti\u00f3 en la readecuaci\u00f3n y refacci\u00f3n del edificio existente, con sector de administraci\u00f3n, acceso diferenciado de visitas del sector de celdas, vivienda de servicio, con equipamiento y mobiliario. Cuenta con la ampliaci\u00f3n de 2 celdas en la comisar\u00eda, las cuales fueron construidas nuevas, con todas las caracter\u00edsticas constructivas \u00f3ptimas y, adem\u00e1s todas instalaciones necesarias para su funcionamiento, dicha mejora de la comisar\u00eda actual est\u00e1 vinculada al edificio mediante un patio para los internos, el cual tambi\u00e9n cuenta con todas las medidas de seguridad necesaria para la correcta reclusi\u00f3n de los mismos, como ser rejas laterales y superiores. Adem\u00e1s, cuenta con acceso diferenciado de visitas del sector de celdas, viviendas de servicio, con equipamiento y mobiliario.<\/p>\n\n\n\n<p>\u201cEstamos cumpliendo con nuestro plan de renovaci\u00f3n edilicia de las comisar\u00edas de provincia. En este caso, se trat\u00f3 de una refacci\u00f3n integral, con el fin de vecinas y los vecinos puedan venir a un sitio digno cuando necesiten una soluci\u00f3n y del servicio de la fuerza, pero, adem\u00e1s, para que nuestra Polic\u00eda pueda trabajar de la mejor manera posible custodiando, patrullando y cumpliendo con el servicio de cuidar a su comunidad\u201d, se\u00f1al\u00f3 la ministra Zalazar.<\/p>\n\n\n\n<p>En el lugar tambi\u00e9n se habilit\u00f3 lo que ser\u00e1 el&nbsp;<strong>centro de monitoreo de la localidad<\/strong>, para elevar la seguridad y el bienestar de toda la comunidad, y que en principio contar\u00e1 con 15 dispositivos distribuidos en toda la ciudad.<\/p>\n\n\n\n<h3 class=\"wp-block-heading\">Centro de ex combatientes \u201cBernardino Almaraz\u201d<\/h3>\n\n\n\n<p>Por \u00faltimo, se inaugur\u00f3 la&nbsp;<strong>sede de Ex Combatientes de Malvinas de Gancedo<\/strong>. Se trata de un espacio para albergar a quienes fueron h\u00e9roes de la patria durante el conflicto b\u00e9lico de 1982.<\/p>\n\n\n\n<p>El lugar lleva el&nbsp;<strong>nombre de \u201cBernardino Almaraz\u201d<\/strong>, un hijo de Gancedo que falleci\u00f3 durante la guerra en 1982. La construcci\u00f3n que viene a suplir la necesidad de los h\u00e9roes de Malvinas, con el fin de poder efectuar reuniones de camarader\u00eda mutua y participativa para las familias y comunidad en general.<\/p>\n\n\n\n<p>La obra abarc\u00f3 un edificio con un frente simple, institucional y representativo. B\u00e1sicamente, la descripci\u00f3n del inmueble cuenta con hall de acceso, sal\u00f3n de usos m\u00faltiples, parrilla y quincho, galer\u00eda posterior, ba\u00f1o integrado para personas con capacidades diferentes, cocina, etc\u00e9tera.&nbsp;<\/p>\n","protected":false},"excerpt":{"rendered":"<p>Por primera vez, la comunidad de Gancedo y zonas aleda\u00f1as contar\u00e1 con un hospital de nivel III. En la misma jornada, se inauguraron el portal&hellip; <\/p>\n","protected":false},"author":2,"featured_media":3392,"comment_status":"open","ping_status":"open","sticky":false,"template":"","format":"standard","meta":{"footnotes":""},"categories":[9,2],"tags":[],"class_list":["post-3391","post","type-post","status-publish","format-standard","has-post-thumbnail","hentry","category-destacadas","category-provinciales"],"_links":{"self":[{"href":"https:\/\/lametro989.com\/index.php?rest_route=\/wp\/v2\/posts\/3391","targetHints":{"allow":["GET"]}}],"collection":[{"href":"https:\/\/lametro989.com\/index.php?rest_route=\/wp\/v2\/posts"}],"about":[{"href":"https:\/\/lametro989.com\/index.php?rest_route=\/wp\/v2\/types\/post"}],"author":[{"embeddable":true,"href":"https:\/\/lametro989.com\/index.php?rest_route=\/wp\/v2\/users\/2"}],"replies":[{"embeddable":true,"href":"https:\/\/lametro989.com\/index.php?rest_route=%2Fwp%2Fv2%2Fcomments&post=3391"}],"version-history":[{"count":1,"href":"https:\/\/lametro989.com\/index.php?rest_route=\/wp\/v2\/posts\/3391\/revisions"}],"predecessor-version":[{"id":3393,"href":"https:\/\/lametro989.com\/index.php?rest_route=\/wp\/v2\/posts\/3391\/revisions\/3393"}],"wp:featuredmedia":[{"embeddable":true,"href":"https:\/\/lametro989.com\/index.php?rest_route=\/wp\/v2\/media\/3392"}],"wp:attachment":[{"href":"https:\/\/lametro989.com\/index.php?rest_route=%2Fwp%2Fv2%2Fmedia&parent=3391"}],"wp:term":[{"taxonomy":"category","embeddable":true,"href":"https:\/\/lametro989.com\/index.php?rest_route=%2Fwp%2Fv2%2Fcategories&post=3391"},{"taxonomy":"post_tag","embeddable":true,"href":"https:\/\/lametro989.com\/index.php?rest_route=%2Fwp%2Fv2%2Ftags&post=3391"}],"curies":[{"name":"wp","href":"https:\/\/api.w.org\/{rel}","templated":true}]}}