{"id":3406,"date":"2023-09-10T09:18:14","date_gmt":"2023-09-10T12:18:14","guid":{"rendered":"https:\/\/lametro989.com\/?p=3406"},"modified":"2023-09-10T09:18:14","modified_gmt":"2023-09-10T12:18:14","slug":"gral-san-martin-dos-motocicletas-recuperadas","status":"publish","type":"post","link":"https:\/\/lametro989.com\/?p=3406","title":{"rendered":"Gral San Mart\u00edn: DOS MOTOCICLETAS RECUPERADAS"},"content":{"rendered":"\n<p><strong>Una de ellas fue denunciada en la Comisar\u00eda local, la restante pose\u00eda pedido de secuestro desde la provincia de Formosa.<\/strong><\/p>\n\n\n\n<figure class=\"wp-block-image size-full\"><img loading=\"lazy\" decoding=\"async\" width=\"739\" height=\"995\" src=\"https:\/\/lametro989.com\/wp-content\/uploads\/2023\/09\/image-15.png\" alt=\"\" class=\"wp-image-3407\" srcset=\"https:\/\/lametro989.com\/wp-content\/uploads\/2023\/09\/image-15.png 739w, https:\/\/lametro989.com\/wp-content\/uploads\/2023\/09\/image-15-223x300.png 223w\" sizes=\"auto, (max-width: 739px) 100vw, 739px\" \/><\/figure>\n\n\n\n<p>El pasado viernes en horas de la madrugada, se hizo presente a la comisar\u00eda local, un ciudadano de 20 a\u00f1os quien adujo que sufri\u00f3 la sustracci\u00f3n de su motocicleta de 110 cilindradas, cuando dos personas lo amenazaron con un arma de fuego. Por el hecho, pasado el mediod\u00eda los agentes recorriendo el barrio Paniagua lograron el secuestro del rodado que se encontraba abandonado en la v\u00eda p\u00fablica.<br>Por otro lado, los de la Divisi\u00f3n Investigaciones Complejas, secuestraron desde las calles internas del barrio La Picada, una Honda Biz que fue abandonada por un ciudadano quien la intentaba comercializar y logr\u00f3 huir. Tras verificar las numeraciones del motor, se anoticiaron que era solicitada por parte de la Polic\u00eda de Formosa, en hecho suscitado en la zona rural de la Ruta Provincial N\u00b0 3. Conforme lo dispuesto por la Fiscal\u00eda en turno, el bien fue entregado a la dependencia policial vecina para posterior restituci\u00f3n a su propietario.<\/p>\n","protected":false},"excerpt":{"rendered":"<p>Una de ellas fue denunciada en la Comisar\u00eda local, la restante pose\u00eda pedido de secuestro desde la provincia de Formosa. El pasado viernes en horas&hellip; <\/p>\n","protected":false},"author":2,"featured_media":3407,"comment_status":"open","ping_status":"open","sticky":false,"template":"","format":"standard","meta":{"footnotes":""},"categories":[9,5],"tags":[],"class_list":["post-3406","post","type-post","status-publish","format-standard","has-post-thumbnail","hentry","category-destacadas","category-politica"],"_links":{"self":[{"href":"https:\/\/lametro989.com\/index.php?rest_route=\/wp\/v2\/posts\/3406","targetHints":{"allow":["GET"]}}],"collection":[{"href":"https:\/\/lametro989.com\/index.php?rest_route=\/wp\/v2\/posts"}],"about":[{"href":"https:\/\/lametro989.com\/index.php?rest_route=\/wp\/v2\/types\/post"}],"author":[{"embeddable":true,"href":"https:\/\/lametro989.com\/index.php?rest_route=\/wp\/v2\/users\/2"}],"replies":[{"embeddable":true,"href":"https:\/\/lametro989.com\/index.php?rest_route=%2Fwp%2Fv2%2Fcomments&post=3406"}],"version-history":[{"count":1,"href":"https:\/\/lametro989.com\/index.php?rest_route=\/wp\/v2\/posts\/3406\/revisions"}],"predecessor-version":[{"id":3408,"href":"https:\/\/lametro989.com\/index.php?rest_route=\/wp\/v2\/posts\/3406\/revisions\/3408"}],"wp:featuredmedia":[{"embeddable":true,"href":"https:\/\/lametro989.com\/index.php?rest_route=\/wp\/v2\/media\/3407"}],"wp:attachment":[{"href":"https:\/\/lametro989.com\/index.php?rest_route=%2Fwp%2Fv2%2Fmedia&parent=3406"}],"wp:term":[{"taxonomy":"category","embeddable":true,"href":"https:\/\/lametro989.com\/index.php?rest_route=%2Fwp%2Fv2%2Fcategories&post=3406"},{"taxonomy":"post_tag","embeddable":true,"href":"https:\/\/lametro989.com\/index.php?rest_route=%2Fwp%2Fv2%2Ftags&post=3406"}],"curies":[{"name":"wp","href":"https:\/\/api.w.org\/{rel}","templated":true}]}}