{"id":34078,"date":"2025-11-29T13:11:48","date_gmt":"2025-11-29T16:11:48","guid":{"rendered":"https:\/\/lametro989.com\/?p=34078"},"modified":"2025-11-29T13:11:48","modified_gmt":"2025-11-29T16:11:48","slug":"ingreso-a-la-casa-de-su-ex-pareja-y-se-llevo-electrodomesticos","status":"publish","type":"post","link":"https:\/\/lametro989.com\/?p=34078","title":{"rendered":"INGRES\u00d3 A LA CASA DE SU EX PAREJA Y SE LLEV\u00d3 ELECTRODOM\u00c9STICOS"},"content":{"rendered":"\n<p><strong>El ciudadano se encuentra alojado en la comisar\u00eda por una \u201cSupuesta Infracci\u00f3n a la Ley 850-J del C\u00f3digo de Faltas\u201d.<\/strong><\/p>\n\n\n\n<figure class=\"wp-block-image size-large\"><img loading=\"lazy\" decoding=\"async\" width=\"576\" height=\"1024\" src=\"https:\/\/lametro989.com\/wp-content\/uploads\/2025\/11\/imagen-3-576x1024.png\" alt=\"\" class=\"wp-image-34079\" srcset=\"https:\/\/lametro989.com\/wp-content\/uploads\/2025\/11\/imagen-3-576x1024.png 576w, https:\/\/lametro989.com\/wp-content\/uploads\/2025\/11\/imagen-3-169x300.png 169w, https:\/\/lametro989.com\/wp-content\/uploads\/2025\/11\/imagen-3-768x1365.png 768w, https:\/\/lametro989.com\/wp-content\/uploads\/2025\/11\/imagen-3-864x1536.png 864w, https:\/\/lametro989.com\/wp-content\/uploads\/2025\/11\/imagen-3.png 900w\" sizes=\"auto, (max-width: 576px) 100vw, 576px\" \/><\/figure>\n\n\n\n<p>Este s\u00e1bado por la ma\u00f1ana, una mujer de 26 a\u00f1os denunci\u00f3 que su expareja ingres\u00f3 a su vivienda en el barrio San Juan y se llev\u00f3 varios electrodom\u00e9sticos. Seg\u00fan lo informado, alrededor de las 10 de la ma\u00f1ana del d\u00eda anterior ella se encontraba fuera del inmueble y fue en ese momento cuando el ciudadano sustrajo un secarropas, un horno el\u00e9ctrico, una cocina y un lavarropas semiautom\u00e1tico, adem\u00e1s de provocar da\u00f1os en un inodoro.<br>En paralelo, los efectivos hab\u00edan demorado al ciudadano y lo alojaron en la unidad por una causa contravencional de \u201cSupuesta Infracci\u00f3n a la Ley 850-J del C\u00f3digo de Faltas\u201d. Durante el procedimiento, el personal logr\u00f3 recuperar los objetos denunciados, los cuales fueron entregados de manera voluntaria por el hermano del demorado.<br>Finalmente la fiscal\u00eda dispuso la restituci\u00f3n de los electrodom\u00e9sticos.<\/p>\n\n\n\n<p><\/p>\n","protected":false},"excerpt":{"rendered":"<p>El ciudadano se encuentra alojado en la comisar\u00eda por una \u201cSupuesta Infracci\u00f3n a la Ley 850-J del C\u00f3digo de Faltas\u201d. Este s\u00e1bado por la ma\u00f1ana,&hellip; <\/p>\n","protected":false},"author":2,"featured_media":34079,"comment_status":"open","ping_status":"open","sticky":false,"template":"","format":"standard","meta":{"footnotes":""},"categories":[9,2],"tags":[],"class_list":["post-34078","post","type-post","status-publish","format-standard","has-post-thumbnail","hentry","category-destacadas","category-provinciales"],"_links":{"self":[{"href":"https:\/\/lametro989.com\/index.php?rest_route=\/wp\/v2\/posts\/34078","targetHints":{"allow":["GET"]}}],"collection":[{"href":"https:\/\/lametro989.com\/index.php?rest_route=\/wp\/v2\/posts"}],"about":[{"href":"https:\/\/lametro989.com\/index.php?rest_route=\/wp\/v2\/types\/post"}],"author":[{"embeddable":true,"href":"https:\/\/lametro989.com\/index.php?rest_route=\/wp\/v2\/users\/2"}],"replies":[{"embeddable":true,"href":"https:\/\/lametro989.com\/index.php?rest_route=%2Fwp%2Fv2%2Fcomments&post=34078"}],"version-history":[{"count":1,"href":"https:\/\/lametro989.com\/index.php?rest_route=\/wp\/v2\/posts\/34078\/revisions"}],"predecessor-version":[{"id":34080,"href":"https:\/\/lametro989.com\/index.php?rest_route=\/wp\/v2\/posts\/34078\/revisions\/34080"}],"wp:featuredmedia":[{"embeddable":true,"href":"https:\/\/lametro989.com\/index.php?rest_route=\/wp\/v2\/media\/34079"}],"wp:attachment":[{"href":"https:\/\/lametro989.com\/index.php?rest_route=%2Fwp%2Fv2%2Fmedia&parent=34078"}],"wp:term":[{"taxonomy":"category","embeddable":true,"href":"https:\/\/lametro989.com\/index.php?rest_route=%2Fwp%2Fv2%2Fcategories&post=34078"},{"taxonomy":"post_tag","embeddable":true,"href":"https:\/\/lametro989.com\/index.php?rest_route=%2Fwp%2Fv2%2Ftags&post=34078"}],"curies":[{"name":"wp","href":"https:\/\/api.w.org\/{rel}","templated":true}]}}