{"id":34084,"date":"2025-11-29T13:26:27","date_gmt":"2025-11-29T16:26:27","guid":{"rendered":"https:\/\/lametro989.com\/?p=34084"},"modified":"2025-11-29T13:26:27","modified_gmt":"2025-11-29T16:26:27","slug":"se-presese-presento-como-victima-de-vacunas-contra-el-covid-en-el-congreso-pero-fue-entrevistado-en-2013-como-record-guinnes","status":"publish","type":"post","link":"https:\/\/lametro989.com\/?p=34084","title":{"rendered":"Se preseSe present\u00f3 como v\u00edctima de vacunas contra el Covid en el Congreso, pero fue entrevistado en 2013 como &#8220;r\u00e9cord Guinnes&#8221;"},"content":{"rendered":"\n<p>Se conoci\u00f3 la verdad de lo que pas\u00f3 en el encuentro que se realiz\u00f3 en el Anexo de Diputados, por iniciativa de la diputada chaque\u00f1a del PRO Maril\u00fa Quiroz.<\/p>\n\n\n\n<figure class=\"wp-block-image size-full\"><img loading=\"lazy\" decoding=\"async\" width=\"610\" height=\"322\" src=\"https:\/\/lametro989.com\/wp-content\/uploads\/2025\/11\/imagen-5.png\" alt=\"\" class=\"wp-image-34085\" srcset=\"https:\/\/lametro989.com\/wp-content\/uploads\/2025\/11\/imagen-5.png 610w, https:\/\/lametro989.com\/wp-content\/uploads\/2025\/11\/imagen-5-300x158.png 300w\" sizes=\"auto, (max-width: 610px) 100vw, 610px\" \/><\/figure>\n\n\n\n<p>El pasado jueves, Maril\u00fa Quiroz, diputada nacional por la provincia del Chaco, elegida en 2021 en la lista del PRO. A principios de este mes, present\u00f3 un proyecto de declaraci\u00f3n para que <strong><a href=\"https:\/\/www.minutouno.com\/politica\/insolito-acto-antivacunas-realizado-el-congreso-y-organizado-diputada-del-pro-n6218541\" target=\"_blank\" rel=\"noreferrer noopener\">se revise \u201cel car\u00e1cter obligatorio y compulsivo establecido por la Ley N.\u00ba 27.491 de Control de Enfermedades Prevenibles por Vacunaci\u00f3n\u201d.<\/a><\/strong><\/p>\n\n\n\n<p>Y en el marco de su <strong>f\u00e9rrea oposici\u00f3n a las pol\u00edticas de vacunaci\u00f3n obligatoria instrumentadas por el Estado, encabez\u00f3 este jueves un acto titulado \u201c\u00bfQu\u00e9 contienen realmente las vacunas?\u201d<\/strong>, que se desarroll\u00f3 en la C\u00e1mara de Diputados. Durante su presentaci\u00f3n, se present\u00f3 a un tal \u201cJos\u00e9 Daniel Fabi\u00e1n\u201d y las <strong>\u201csecuelas\u201d que sufre luego de la aplicaci\u00f3n de dos dosis de la vacuna elaborada por AstraZeneca, sin pruebas a la vista. Como la \u201cmagnetizaci\u00f3n\u201d<\/strong>, seg\u00fan indic\u00f3 la licenciada en Biotecnolog\u00eda Lorena Diblasi.<\/p>\n\n\n\n<p>\u201c<strong>Esto no es grasa en la piel, se\u00f1oras y se\u00f1ores. Esto le provoc\u00f3 la vacuna. A \u00e9l no le suced\u00eda esto. Y de esto no se habla<\/strong>. Se r\u00eden a veces. Me gustar\u00eda saber qu\u00e9 tienen para decir los m\u00e9dicos\u201d, afirm\u00f3 la oradora frente a la atenta mirada de los asistentes.<\/p>\n\n\n\n<p>Sin embargo, horas despu\u00e9s, sali\u00f3 a luz la verdadera identidad del hombre que asegur\u00f3 que se le pegaban metales.<strong> \u00c1ngel Argentino Cabral descubri\u00f3 hace unos a\u00f1os una habilidad \u00fanica: los metales se pegan a su cuerpo.<\/strong> <strong>&#8220;El hombre im\u00e1n&#8221;<\/strong> tiene 46 a\u00f1os y es jubilado. <strong>&#8220;Me tiraron un cubierto y se me peg\u00f3&#8221;<\/strong> explic\u00f3 <strong>\u00c1ngel en una entrevista que brind\u00f3 en el programa el Diario de Mariana el 24 de mayo de 2013.<\/strong><\/p>\n\n\n\n<p>Este asombroso caso de R\u00e9cord Guiness reconoce que <strong>Cabral <\/strong>puede soportar diez kilos pegados en su cuerpo y ni el agua detiene su poder magn\u00e9tico.<\/p>\n\n\n\n<p>Los videos de la charla en el ciclo de Mariana Fabbiani, que en ese momento estaba en El Trece, no tard\u00f3 en viralizarse y los usuarios comenzaron a dejar todo tipo de comentarios, desactivando r\u00e1pidamente la teor\u00eda que present\u00f3 la diputada.<\/p>\n","protected":false},"excerpt":{"rendered":"<p>Se conoci\u00f3 la verdad de lo que pas\u00f3 en el encuentro que se realiz\u00f3 en el Anexo de Diputados, por iniciativa de la diputada chaque\u00f1a&hellip; <\/p>\n","protected":false},"author":2,"featured_media":34085,"comment_status":"open","ping_status":"open","sticky":false,"template":"","format":"standard","meta":{"footnotes":""},"categories":[9,5],"tags":[],"class_list":["post-34084","post","type-post","status-publish","format-standard","has-post-thumbnail","hentry","category-destacadas","category-politica"],"_links":{"self":[{"href":"https:\/\/lametro989.com\/index.php?rest_route=\/wp\/v2\/posts\/34084","targetHints":{"allow":["GET"]}}],"collection":[{"href":"https:\/\/lametro989.com\/index.php?rest_route=\/wp\/v2\/posts"}],"about":[{"href":"https:\/\/lametro989.com\/index.php?rest_route=\/wp\/v2\/types\/post"}],"author":[{"embeddable":true,"href":"https:\/\/lametro989.com\/index.php?rest_route=\/wp\/v2\/users\/2"}],"replies":[{"embeddable":true,"href":"https:\/\/lametro989.com\/index.php?rest_route=%2Fwp%2Fv2%2Fcomments&post=34084"}],"version-history":[{"count":1,"href":"https:\/\/lametro989.com\/index.php?rest_route=\/wp\/v2\/posts\/34084\/revisions"}],"predecessor-version":[{"id":34086,"href":"https:\/\/lametro989.com\/index.php?rest_route=\/wp\/v2\/posts\/34084\/revisions\/34086"}],"wp:featuredmedia":[{"embeddable":true,"href":"https:\/\/lametro989.com\/index.php?rest_route=\/wp\/v2\/media\/34085"}],"wp:attachment":[{"href":"https:\/\/lametro989.com\/index.php?rest_route=%2Fwp%2Fv2%2Fmedia&parent=34084"}],"wp:term":[{"taxonomy":"category","embeddable":true,"href":"https:\/\/lametro989.com\/index.php?rest_route=%2Fwp%2Fv2%2Fcategories&post=34084"},{"taxonomy":"post_tag","embeddable":true,"href":"https:\/\/lametro989.com\/index.php?rest_route=%2Fwp%2Fv2%2Ftags&post=34084"}],"curies":[{"name":"wp","href":"https:\/\/api.w.org\/{rel}","templated":true}]}}