{"id":34087,"date":"2025-11-30T21:51:03","date_gmt":"2025-12-01T00:51:03","guid":{"rendered":"https:\/\/lametro989.com\/?p=34087"},"modified":"2025-11-30T21:51:03","modified_gmt":"2025-12-01T00:51:03","slug":"santilli-continua-con-su-gira-y-viajara-a-corrientes-para-reunirse-con-gustavo-valdes","status":"publish","type":"post","link":"https:\/\/lametro989.com\/?p=34087","title":{"rendered":"Santilli contin\u00faa con su gira y viajar\u00e1 a Corrientes para reunirse con Gustavo Vald\u00e9s"},"content":{"rendered":"\n<p>El ministro del Interior se reunir\u00e1 con el gobernador correntino en el marco de la serie de encuentros que mantiene con los mandatarios provinciales.<\/p>\n\n\n\n<figure class=\"wp-block-image size-large\"><img loading=\"lazy\" decoding=\"async\" width=\"1024\" height=\"576\" src=\"https:\/\/lametro989.com\/wp-content\/uploads\/2025\/11\/imagen-6-1024x576.png\" alt=\"\" class=\"wp-image-34089\" srcset=\"https:\/\/lametro989.com\/wp-content\/uploads\/2025\/11\/imagen-6-1024x576.png 1024w, https:\/\/lametro989.com\/wp-content\/uploads\/2025\/11\/imagen-6-300x169.png 300w, https:\/\/lametro989.com\/wp-content\/uploads\/2025\/11\/imagen-6-768x432.png 768w, https:\/\/lametro989.com\/wp-content\/uploads\/2025\/11\/imagen-6.png 1280w\" sizes=\"auto, (max-width: 1024px) 100vw, 1024px\" \/><\/figure>\n\n\n\n<p>El ministro del Interior, <strong>Diego Santilli, <\/strong>contin\u00faa con su gira, en el marco de la serie de encuentros que mantiene con los mandatarios provinciales, y viajar\u00e1 a Corrientes para reunirse con el <strong>gobernador Gustavo Vald\u00e9s.<\/strong><\/p>\n\n\n\n<p>https:\/\/googleads.g.doubleclick.net\/pagead\/ads?client=ca-pub-2641729990047391&#038;output=html&#038;h=280&#038;adk=2630423331&#038;adf=1134857671&#038;w=581&#038;fwrn=4&#038;fwrnh=100&#038;lmt=1764550126&#038;rafmt=1&#038;armr=3&#038;sem=mc&#038;pwprc=3863578610&#038;ad_type=text_image&#038;format=581&#215;280&#038;url=https%3A%2F%2Fwww.libertaddigital.com.ar%2FNotas%2FNota%2F1251867710-santilli-continua-con-su-gira-y-viajara-a-corrientes-para-reunirse-con-gustavo-valdes&#038;fwr=0&#038;pra=3&#038;rh=145&#038;rw=580&#038;rpe=1&#038;resp_fmts=3&#038;wgl=1&#038;aieuf=1&#038;aicrs=1&#038;fa=27&#038;abgtt=9&#038;dt=1764550147788&#038;bpp=2&#038;bdt=4792&#038;idt=5&#038;shv=r20251118&#038;mjsv=m202511120101&#038;ptt=9&#038;saldr=aa&#038;abxe=1&#038;cookie=ID%3Dfddf9d66cf126ef7%3AT%3D1757208351%3ART%3D1764550074%3AS%3DALNI_MarDeCSgM2d0ZEHks_hLjz62th4rQ&#038;gpic=UID%3D0000127fe9b80e57%3AT%3D1757208351%3ART%3D1764550074%3AS%3DALNI_MYzBNgn2iIFyPWPqt1Yu7uSIvjFHg&#038;eo_id_str=ID%3D131e164e67b7da3f%3AT%3D1757208351%3ART%3D1764550074%3AS%3DAA-AfjbSdfNRD_DdR7CbjC&#8211;lBaO&#038;prev_fmts=0x0%2C300x100%2C300x100%2C300x250%2C300x100%2C300x250%2C300x600&#038;nras=2&#038;correlator=5172054017829&#038;frm=20&#038;pv=1&#038;u_tz=-180&#038;u_his=4&#038;u_h=768&#038;u_w=1366&#038;u_ah=718&#038;u_aw=1366&#038;u_cd=24&#038;u_sd=1&#038;adx=66&#038;ady=1244&#038;biw=1366&#038;bih=632&#038;scr_x=0&#038;scr_y=0&#038;eid=31095752%2C31095810%2C31095813%2C95376707%2C95377335%2C95376118&#038;oid=2&#038;pvsid=8886306252860299&#038;tmod=1116880806&#038;uas=0&#038;nvt=1&#038;ref=https%3A%2F%2Fwww.libertaddigital.com.ar%2F&#038;fc=1408&#038;brdim=0%2C26%2C0%2C26%2C1366%2C26%2C1365%2C717%2C1366%2C632&#038;vis=1&#038;rsz=%7C%7Cs%7C&#038;abl=NS&#038;fu=128&#038;bc=31&#038;bz=1&#038;num_ads=1&#038;ifi=8&#038;uci=a!8&#038;btvi=6&#038;fsb=1&#038;dtd=56<\/p>\n\n\n\n<p>Seg\u00fan supo la <strong>Agencia Noticias Argentinas<\/strong><a href=\"https:\/\/es.wikipedia.org\/wiki\/Noticias_Argentinas\" target=\"_blank\" rel=\"noreferrer noopener\">,<\/a>&nbsp;estas reuniones que p<strong>idi\u00f3 expresamente el presidente de Javier Milei, <\/strong>tiene como objetivo que Santilli logre el respaldo necesario para <strong>\u201c<\/strong><em><strong>aprobar<\/strong><\/em><strong>\u201d el Presupuesto del a\u00f1o pr\u00f3ximo<\/strong> sin alterar el plan de gesti\u00f3n que tiene el Gobierno Nacional y <strong>priorizar el equilibrio fiscal<\/strong> y poner el foco en la concreci\u00f3n de los proyectos de ley vinculados con las reformas laboral, penal y tributaria.<\/p>\n\n\n\n<p>En la agenda del ministro se resalta la idea de <strong>dialogar con los mandatarios provinciales<\/strong>sobre temas fiscales, obras p\u00fablicas y el avance de <strong>las leyes que impulsa el Ejecutivo Nacional<\/strong>, una vez que asuman en diciembre los diputados y senadores electos.<\/p>\n\n\n\n<p>Seg\u00fan declaraciones de Santilli, todo el equipo de trabajo de <strong>Milei <\/strong>contin\u00faa enfocado en conseguir las <strong>mayor\u00edas necesarias en el Congreso<\/strong>, para obtener la aprobaci\u00f3n de reformas estructurales que plantean desde el <strong>La Libertad Avanza <\/strong>(LLA).<\/p>\n\n\n\n<p>Desde que asumi\u00f3 como Ministro del Interior, ya se reuni\u00f3 con Mart\u00edn Llaryora (C\u00f3rdoba), Marcelo Orrego (San Juan), Ignacio Torres (Chubut), Gustavo S\u00e1enz (Salta), Osvaldo Jaldo (Tucum\u00e1n), Rolando Figueroa (Neuqu\u00e9n), Alfredo Cornejo (Mendoza), Carlos Sadir (Jujuy), Ra\u00fal Jalil (Catamarca), Rogelio Frigerio (Entre R\u00edos), Leandro Zdero (Chaco), Alberto Weretilneck (Rio Negro), Hugo Passalacqua (Misiones) y Gerardo Zamora (Santiago del Estero).<\/p>\n\n\n\n<p>Para finalizar, Santilli sostuvo que el Presidente pretende mejorar el v\u00ednculo con el interior del pa\u00eds y mantener un di\u00e1logo abierto para acordar y trabajar en conjunto.<\/p>\n\n\n\n<p>Fuente: Noticias Argentinas<\/p>\n","protected":false},"excerpt":{"rendered":"<p>El ministro del Interior se reunir\u00e1 con el gobernador correntino en el marco de la serie de encuentros que mantiene con los mandatarios provinciales. El&hellip; <\/p>\n","protected":false},"author":2,"featured_media":34089,"comment_status":"open","ping_status":"open","sticky":false,"template":"","format":"standard","meta":{"footnotes":""},"categories":[9,5],"tags":[],"class_list":["post-34087","post","type-post","status-publish","format-standard","has-post-thumbnail","hentry","category-destacadas","category-politica"],"_links":{"self":[{"href":"https:\/\/lametro989.com\/index.php?rest_route=\/wp\/v2\/posts\/34087","targetHints":{"allow":["GET"]}}],"collection":[{"href":"https:\/\/lametro989.com\/index.php?rest_route=\/wp\/v2\/posts"}],"about":[{"href":"https:\/\/lametro989.com\/index.php?rest_route=\/wp\/v2\/types\/post"}],"author":[{"embeddable":true,"href":"https:\/\/lametro989.com\/index.php?rest_route=\/wp\/v2\/users\/2"}],"replies":[{"embeddable":true,"href":"https:\/\/lametro989.com\/index.php?rest_route=%2Fwp%2Fv2%2Fcomments&post=34087"}],"version-history":[{"count":1,"href":"https:\/\/lametro989.com\/index.php?rest_route=\/wp\/v2\/posts\/34087\/revisions"}],"predecessor-version":[{"id":34090,"href":"https:\/\/lametro989.com\/index.php?rest_route=\/wp\/v2\/posts\/34087\/revisions\/34090"}],"wp:featuredmedia":[{"embeddable":true,"href":"https:\/\/lametro989.com\/index.php?rest_route=\/wp\/v2\/media\/34089"}],"wp:attachment":[{"href":"https:\/\/lametro989.com\/index.php?rest_route=%2Fwp%2Fv2%2Fmedia&parent=34087"}],"wp:term":[{"taxonomy":"category","embeddable":true,"href":"https:\/\/lametro989.com\/index.php?rest_route=%2Fwp%2Fv2%2Fcategories&post=34087"},{"taxonomy":"post_tag","embeddable":true,"href":"https:\/\/lametro989.com\/index.php?rest_route=%2Fwp%2Fv2%2Ftags&post=34087"}],"curies":[{"name":"wp","href":"https:\/\/api.w.org\/{rel}","templated":true}]}}