{"id":34091,"date":"2025-11-30T21:54:48","date_gmt":"2025-12-01T00:54:48","guid":{"rendered":"https:\/\/lametro989.com\/?p=34091"},"modified":"2025-11-30T21:54:48","modified_gmt":"2025-12-01T00:54:48","slug":"karina-milei-lidero-un-congreso-libertario-en-mar-del-plata-para-definir-la-estrategia-legislativa-del-oficialismo","status":"publish","type":"post","link":"https:\/\/lametro989.com\/?p=34091","title":{"rendered":"Karina Milei lider\u00f3 un congreso libertario en Mar del Plata para definir la estrategia legislativa del oficialismo"},"content":{"rendered":"\n<p>Del evento, que se desarroll\u00f3 desde las 10:30 hasta poco antes de las 17 en el Gran Hotel Provincial, participaron diputados y senadores electos y en funciones, entre unos 1.000 dirigentes de todo el territorio bonaerense.<\/p>\n\n\n\n<figure class=\"wp-block-image size-full\"><img loading=\"lazy\" decoding=\"async\" width=\"854\" height=\"480\" src=\"https:\/\/lametro989.com\/wp-content\/uploads\/2025\/11\/imagen-7.png\" alt=\"\" class=\"wp-image-34092\" srcset=\"https:\/\/lametro989.com\/wp-content\/uploads\/2025\/11\/imagen-7.png 854w, https:\/\/lametro989.com\/wp-content\/uploads\/2025\/11\/imagen-7-300x169.png 300w, https:\/\/lametro989.com\/wp-content\/uploads\/2025\/11\/imagen-7-768x432.png 768w\" sizes=\"auto, (max-width: 854px) 100vw, 854px\" \/><\/figure>\n\n\n\n<p>La secretaria general de la Presidencia, <strong>Karina Milei<\/strong>, <strong>lider\u00f3<\/strong> este domingo <strong>en Mar del Plata<\/strong> un <strong>congreso de La Libertad Avanza<\/strong> con el objetivo de llevar adelante una capacitaci\u00f3n y definir la <strong>estrategia legislativa<\/strong> del oficialismo de cara a la <a href=\"https:\/\/elcanciller.com\/politica\/juran-el-miercoles-los-127-diputados-electos-en-octubre--martin-menem-continuara-como-presidente-de-la-camara-baja_a692aec5f076944017d7ec108\" target=\"_blank\" rel=\"noreferrer noopener\"><mark>nueva conformaci\u00f3n del Parlamento<\/mark><\/a>.<\/p>\n\n\n\n<p>https:\/\/googleads.g.doubleclick.net\/pagead\/ads?client=ca-pub-2641729990047391&#038;output=html&#038;h=280&#038;adk=2630423331&#038;adf=2192468923&#038;w=581&#038;fwrn=4&#038;fwrnh=100&#038;lmt=1764550405&#038;rafmt=1&#038;armr=3&#038;sem=mc&#038;pwprc=3863578610&#038;ad_type=text_image&#038;format=581&#215;280&#038;url=https%3A%2F%2Fwww.libertaddigital.com.ar%2FNotas%2FNota%2F695700908-karina-milei-lidero-un-congreso-libertario-en-mar-del-plata-para-definir-la-estrategia-legislativa-del-oficialismo&#038;fwr=0&#038;pra=3&#038;rh=145&#038;rw=580&#038;rpe=1&#038;resp_fmts=3&#038;wgl=1&#038;aieuf=1&#038;aicrs=1&#038;fa=27&#038;abgtt=9&#038;dt=1764550409649&#038;bpp=2&#038;bdt=3118&#038;idt=2&#038;shv=r20251118&#038;mjsv=m202511120101&#038;ptt=9&#038;saldr=aa&#038;abxe=1&#038;cookie=ID%3Dfddf9d66cf126ef7%3AT%3D1757208351%3ART%3D1764550074%3AS%3DALNI_MarDeCSgM2d0ZEHks_hLjz62th4rQ&#038;gpic=UID%3D0000127fe9b80e57%3AT%3D1757208351%3ART%3D1764550074%3AS%3DALNI_MYzBNgn2iIFyPWPqt1Yu7uSIvjFHg&#038;eo_id_str=ID%3D131e164e67b7da3f%3AT%3D1757208351%3ART%3D1764550074%3AS%3DAA-AfjbSdfNRD_DdR7CbjC&#8211;lBaO&#038;prev_fmts=0x0%2C300x100%2C300x100%2C910x280%2C728x90&#038;nras=4&#038;correlator=2081375805202&#038;frm=20&#038;pv=1&#038;u_tz=-180&#038;u_his=4&#038;u_h=768&#038;u_w=1366&#038;u_ah=718&#038;u_aw=1366&#038;u_cd=24&#038;u_sd=1&#038;adx=66&#038;ady=1568&#038;biw=1366&#038;bih=632&#038;scr_x=0&#038;scr_y=0&#038;eid=31095752%2C31095809%2C31095814%2C95376242%2C95376582%2C95376707%2C95377335%2C95377922%2C95344789%2C95376118&#038;oid=2&#038;pvsid=2474051619827233&#038;tmod=1116880806&#038;uas=0&#038;nvt=1&#038;ref=https%3A%2F%2Fwww.libertaddigital.com.ar%2F&#038;fc=1408&#038;brdim=0%2C26%2C0%2C26%2C1366%2C26%2C1365%2C717%2C1366%2C632&#038;vis=1&#038;rsz=%7C%7Cs%7C&#038;abl=NS&#038;fu=128&#038;bc=31&#038;bz=1&#038;num_ads=1&#038;ifi=7&#038;uci=a!7&#038;btvi=4&#038;fsb=1&#038;dtd=40<\/p>\n\n\n\n<p>El evento, convocado por la hermana del Jefe de Estado y coordinado por el titular de la fuerza violeta en la provincia de Buenos Aires, <strong>Sebasti\u00e1n Pareja<\/strong>, se desarroll\u00f3 desde las 10:30 y hasta poco antes de las 17<strong> en el Gran Hotel Provincial<\/strong> y se estima que participan de \u00e9l alrededor de <strong>1.000 dirigentes de todo el territorio bonaerense<\/strong>.<\/p>\n\n\n\n<p>Entre ellos se contaron <strong>diputados y senadores<\/strong>nacionales y provinciales, adem\u00e1s de <strong>concejales y consejeros escolares<\/strong>, tanto aquellos que fueron electos en los comicios de octubre como quienes se encuentran en funciones.&nbsp;<\/p>\n\n\n\n<p>Los organizadores del encuentro precisaron que se trat\u00f3 de &#8220;un <strong>espacio de formaci\u00f3n y debates sobre los ejes legislativos<\/strong> de cara al ciclo parlamentario que comienza el 10 de diciembre&#8221;.<\/p>\n\n\n\n<p>En ese sentido, durante la jornada <strong>se realizaron distintos talleres<\/strong>, que estuvieron <strong>a cargo de Pareja<\/strong>, del presidente de la c\u00e1mara de Diputados, <strong>Mart\u00edn Menem<\/strong>, y del subsecretario de Gesti\u00f3n Institucional, <strong>Eduardo &#8220;Lule&#8221; Menem<\/strong>.<\/p>\n\n\n\n<p>Seg\u00fan trascendi\u00f3, la idea central fue la de <strong>unificar posturas y perspectivas<\/strong> para la discusi\u00f3n del <strong>Presupuesto 2026<\/strong> y <strong>capacitar a los miembros del partido violeta<\/strong> para la segunda mitad del mandato de <strong>Javier Milei<\/strong>, en la que el Gobierno impulsar\u00e1 las &#8220;reformas de segunda generaci\u00f3n&#8221;. Esas iniciativas incluyen modificaciones en el \u00e1mbito laboral, impositivo, previsional y en relaci\u00f3n al C\u00f3digo Penal.<\/p>\n\n\n\n<p>As\u00ed, se trataron cuestiones como la <strong>t\u00e9cnica parlamentaria<\/strong>, los m\u00e9todos de <strong>negociaci\u00f3n con otras organizaciones<\/strong>, <strong>comunicaci\u00f3n<\/strong>,<strong>organizaci\u00f3n administrativa<\/strong> y <strong>Boleta \u00danica Papel<\/strong>, y cada bloque tem\u00e1tico ser\u00e1 coordinado por un experto en la materia. Adem\u00e1s, se discutieron otros <strong>temas de agenda<\/strong> tanto para el Congreso de la Naci\u00f3n como para la Legislatura bonaerense, los concejos deliberantes y los Consejos Escolares.<\/p>\n\n\n\n<p>El <strong>cierre<\/strong> del encuentro estuvo <strong>a cargo de Pareja<\/strong> en su car\u00e1cter de titular del partido en la Provincia y de <strong>Karina Milei y Menem<\/strong>, como presidenta y vice del espacio a nivel nacional, respectivamente.<\/p>\n\n\n\n<p>Fuente: El Canciller<\/p>\n","protected":false},"excerpt":{"rendered":"<p>Del evento, que se desarroll\u00f3 desde las 10:30 hasta poco antes de las 17 en el Gran Hotel Provincial, participaron diputados y senadores electos y&hellip; <\/p>\n","protected":false},"author":2,"featured_media":34092,"comment_status":"open","ping_status":"open","sticky":false,"template":"","format":"standard","meta":{"footnotes":""},"categories":[9,5],"tags":[],"class_list":["post-34091","post","type-post","status-publish","format-standard","has-post-thumbnail","hentry","category-destacadas","category-politica"],"_links":{"self":[{"href":"https:\/\/lametro989.com\/index.php?rest_route=\/wp\/v2\/posts\/34091","targetHints":{"allow":["GET"]}}],"collection":[{"href":"https:\/\/lametro989.com\/index.php?rest_route=\/wp\/v2\/posts"}],"about":[{"href":"https:\/\/lametro989.com\/index.php?rest_route=\/wp\/v2\/types\/post"}],"author":[{"embeddable":true,"href":"https:\/\/lametro989.com\/index.php?rest_route=\/wp\/v2\/users\/2"}],"replies":[{"embeddable":true,"href":"https:\/\/lametro989.com\/index.php?rest_route=%2Fwp%2Fv2%2Fcomments&post=34091"}],"version-history":[{"count":1,"href":"https:\/\/lametro989.com\/index.php?rest_route=\/wp\/v2\/posts\/34091\/revisions"}],"predecessor-version":[{"id":34093,"href":"https:\/\/lametro989.com\/index.php?rest_route=\/wp\/v2\/posts\/34091\/revisions\/34093"}],"wp:featuredmedia":[{"embeddable":true,"href":"https:\/\/lametro989.com\/index.php?rest_route=\/wp\/v2\/media\/34092"}],"wp:attachment":[{"href":"https:\/\/lametro989.com\/index.php?rest_route=%2Fwp%2Fv2%2Fmedia&parent=34091"}],"wp:term":[{"taxonomy":"category","embeddable":true,"href":"https:\/\/lametro989.com\/index.php?rest_route=%2Fwp%2Fv2%2Fcategories&post=34091"},{"taxonomy":"post_tag","embeddable":true,"href":"https:\/\/lametro989.com\/index.php?rest_route=%2Fwp%2Fv2%2Ftags&post=34091"}],"curies":[{"name":"wp","href":"https:\/\/api.w.org\/{rel}","templated":true}]}}