{"id":3410,"date":"2023-09-10T23:06:54","date_gmt":"2023-09-11T02:06:54","guid":{"rendered":"https:\/\/lametro989.com\/?p=3410"},"modified":"2023-09-10T23:06:54","modified_gmt":"2023-09-11T02:06:54","slug":"capitanich-inauguro-la-terminal-de-barranqueras-y-aseguro-que-es-una-obra-historica","status":"publish","type":"post","link":"https:\/\/lametro989.com\/?p=3410","title":{"rendered":"Capitanich inaugur\u00f3 la terminal de Barranqueras y asegur\u00f3 que &#8220;es una obra hist\u00f3rica&#8221;"},"content":{"rendered":"\n<p>Con financiamiento Nacional y Provincial, la nueva estaci\u00f3n intermedia de micros situada en inmediaciones de las avenidas 9 de Julio y Gaboto de la ciudad portuaria, se caracteriza por ser un edificio moderno, funcional y seguro y que beneficiar\u00e1 a toda la comunidad.<\/p>\n\n\n\n<figure class=\"wp-block-image size-full\"><img loading=\"lazy\" decoding=\"async\" width=\"850\" height=\"540\" src=\"https:\/\/lametro989.com\/wp-content\/uploads\/2023\/09\/imagen-95.png\" alt=\"\" class=\"wp-image-3411\" srcset=\"https:\/\/lametro989.com\/wp-content\/uploads\/2023\/09\/imagen-95.png 850w, https:\/\/lametro989.com\/wp-content\/uploads\/2023\/09\/imagen-95-300x191.png 300w, https:\/\/lametro989.com\/wp-content\/uploads\/2023\/09\/imagen-95-768x488.png 768w\" sizes=\"auto, (max-width: 850px) 100vw, 850px\" \/><\/figure>\n\n\n\n<p>En <strong>Barranqueras<\/strong>, acompa\u00f1ado de cientos de vecinas y vecinos, el gobernado<strong>r Jorge Capitanich<\/strong> junto al ministro de Transporte de la Naci\u00f3n, Diego Giuliano y la intendenta municipal, Magda Ayala, <strong>inaugur\u00f3 este s\u00e1bado por la noche la Nueva Estaci\u00f3n Intermedia de Micros de la localidad, un moderno, funcional y seguro edificio que beneficiar\u00e1 a los vecinos de la localidad portuaria.<\/strong>&#8220;<strong>Esta obra, es la cara visible de un pueblo, de una localidad, de una comunidad y de una provincia, por eso, qu\u00e9 bueno poder tener esta Estaci\u00f3n Intermedia de Micros que le da una autonom\u00eda a Barranqueras que antes no ten\u00eda<\/strong>&#8220;, expres\u00f3 Capitanich, tras recorrer las instalaciones de la moderna, funcional y segura obra, acompa\u00f1ado por el ministro de Planificaci\u00f3n, Econom\u00eda e Infraestructura, Santiago P\u00e9rez Pons.<div class=\"wrapper\"><article id=\"item\" itemscope=\"itemscope\" itemtype=\"http:\/\/schema.org\/NewsArticle\"><section class=\"body\"><section class=\"content\"><div class=\"main-text\"><p>La obra situada en avenida 9 de Julio casi avenida Gaboto, demand\u00f3  una inversi\u00f3n total de 229 millones, monto que fue financiado en un 84%  por el Ministerio de Transporte de Naci\u00f3n, mientras que el porcentaje  restante que corresponde a obras complementarias a la Terminal de  \u00d3mnibus, lo absorbi\u00f3 el Gobierno provincial.<\/p><p> <\/p><p>Contempl\u00f3 la construcci\u00f3n de un hall central con \u00e1rea de informes, administraci\u00f3n, boleter\u00edas, snack bar, locales comerciales.<strong>  Cuenta con fachadas vidriadas, d\u00e1rsenas, and\u00e9n, \u00e1rea de espera,  circulaci\u00f3n peatonal; Punto Efectivo de la Red Link y cajeros  autom\u00e1ticos del Nuevo Banco del Chaco<\/strong>. Cuenta con un n\u00facleo de<strong> ba\u00f1os para el personal, otro para el p\u00fablico, con sanitarios para personas con discapacidad; dep\u00f3sito y office.<\/strong><\/p><p> <\/p><p>&#8220;Hemos  tenido una agenda de obras para desarrollar distintas terminales de  \u00f3mnibus en el Chaco por una raz\u00f3n muy sencilla, porque es la fuente de  sentimientos muchas veces tristes por la persona querida que se va o de  alegr\u00eda del reencuentro de aquellos que vienen de larga distancia y es  un lugar donde puede sumarse en el com\u00fan sentir de los afectos&#8221;, expres\u00f3  el jefe del Ejecutivo. \u00a0<\/p><p> <\/p><div class=\" large m_image\" width=\"1600\" height=\"1066\"><figure><source media=\"(min-width: 640px)\" type=\"image\/webp\"><\/source><source media=\"(min-width: 300px)\" type=\"image\/webp\"><\/source><source media=\"(min-width: 300px)\"><\/source><img loading=\"lazy\" decoding=\"async\" width=\"790\" height=\"526\" class=\"pic\" src=\"https:\/\/www.diariotag.com\/content\/bucket\/5\/251775w790h526c.jpg.webp\" alt=\"\"><\/figure><\/div><h2><span style=\"color: #ecf0f1; background-color: #169179;\">AYALA: &#8220;TRANSFORMAMOS BARRANQUERAS, NOSOTROS NO HABLAMOS, HACEMOS&#8221;<\/span><\/h2><p> <\/p><p>La intendenta <strong>Magda Ayala<\/strong><strong>destac\u00f3  la labor llevada adelante por los equipos de trabajo de la Provincia y  del Municipio en la ejecuci\u00f3n de obras que transforman la ciudad.<\/strong>  &#8220;Estamos ac\u00e1 demostrando que cuando hay compromiso, coraz\u00f3n y escucha  todo es posible. Esto se debe, principalmente, al acompa\u00f1amiento del  gobernador<strong> Capitanich<\/strong> que t<strong>rabaja incansablemente para la transformaci\u00f3n de las ciudades y para mejorar la calidad de vida de los chaque\u00f1os<\/strong>&#8220;, asegur\u00f3.\u00a0<\/p><p> <\/p><p>En  este sentido, la jefa comunal remarc\u00f3 la importancia que tiene para  Barranqueras la nueva Terminal de \u00d3mnibus y se\u00f1al\u00f3 que desde la gesti\u00f3n  municipal se realizan obras que est\u00e1n a la vista y al disfrute de todo  el pueblo. &#8220;Es muy f\u00e1cil aparecer dos meses antes de la elecci\u00f3n y  prometer obras&#8221;, sentenci\u00f3 haciendo referencia a la oposici\u00f3n local. Y  con el mismo \u00e9nfasis record\u00f3: &#8220;Son las mismas personas que durante 18  a\u00f1os administraron Barranqueras. Fueron 18 a\u00f1os en los que la ciudad  estaba a oscuras, con un edificio municipal que se ca\u00eda a pedazos y sin  ning\u00fan tipo de futuro para el pueblo&#8221;.\u00a0<\/p><p> <\/p><p>&#8220;Nosotros en cambio, <strong>desde  que asumimos la gesti\u00f3n hace 3 a\u00f1os y medio, trabajamos incansablemente  para garantizar el desarrollo de Barranqueras. Creamos una ciudad de  oportunidades para todas y todos. No hablamos, nos basamos en hechos&#8221;<\/strong>, argument\u00f3 la intendenta Magda Ayala.<\/p><p> <\/p><p>Participaron  de la inauguraci\u00f3n el administrador de la Direcci\u00f3n de Vialidad  Provincial (DVP), Hugo Vareal; el secretario coordinador del Gabinete  Municipal, Rodrigo Ayala Pared; el titular del Puerto de Barranqueras,  Roberto Ben\u00edtez; el presidente del Nuevo Banco del Chaco (NBCH),  Federico Mu\u00f1oz Femen\u00eda; la directora del NBCH, Maia Woelflin; la  subsecretaria de Comunicaci\u00f3n, L\u00eda Ben\u00edtez; la Gerenta de Medios  P\u00fablicos, Nadia Bosch; los diputados provinciales Roberto Acosta,  Nicol\u00e1s Slimel; autoridades policiales y eclesi\u00e1sticas, comunidad de la  localidad portuaria.<\/p><p> <\/p><p><strong>Previa a la inauguraci\u00f3n, hubo shows de academias de bailes y shows musicales y el cierre de L\u00e1zaro Caballero.<\/strong><\/p><p> <\/p><div class=\" large m_image\" width=\"1600\" height=\"1200\"><figure><source media=\"(min-width: 640px)\" type=\"image\/webp\"><\/source><source media=\"(min-width: 300px)\" type=\"image\/webp\"><\/source><source media=\"(min-width: 300px)\"><\/source><img loading=\"lazy\" decoding=\"async\" width=\"790\" height=\"593\" class=\"pic\" src=\"https:\/\/www.diariotag.com\/content\/bucket\/6\/251776w790h593c.jpg.webp\" alt=\"\"><\/figure><\/div><h2><span style=\"color: #ecf0f1; background-color: #169179;\">OBRAS QUE POTENCIAN LA CALIDAD DE VIDA DE VECINOS<\/span><\/h2><p> <\/p><p>Antes de finalizar la inauguraci\u00f3n, <strong>el mandatario repas\u00f3 las obras de infraestructura ejecutadas en la localidad<\/strong> &#8220;que es la mayor cantidad de obras de la historia, <strong>con  420 nuevas cuadras de pavimento urbano proyectados, cerca de 180  cuadras inauguradas, que son obras que hacen al desarrollo de  Barranqueras, as\u00ed como el nuevo edificio municipal, biblioteca Mariano  Moreno, el Hospital, centros de salud renovados, y todas estas obras  tienen por objetivo seguir apuntalando la calidad de vida de nuestro  pueblo<\/strong>&#8220;, dijo.<\/p><p> <\/p><p>Por \u00faltimo, Capitanich repas\u00f3 los  compromisos en la provincia para los pr\u00f3ximos cuatro a\u00f1os, entre ellos,  garantizar 50.000 t\u00edtulos de propiedad urbana; 20.000 viviendas en los  pr\u00f3ximos cuatro a\u00f1os: 200.000 empleos a trav\u00e9s de 20 cadenas de valor,  por lo cual, asegur\u00f3: <strong>&#8220;Vamos a seguir trabajando para que se vengan los mejores a\u00f1os del Chaco y de la Argentina&#8221;.\u00a0<\/strong><\/p><p> <\/p><h2><span style=\"color: #ecf0f1; background-color: #169179;\">VECINOS AGRADECIDOS POR ESTA OBRA HIST\u00d3RICA<\/span><\/h2><p> <\/p><p><strong>V\u00edctor Medina, vecino de la localidad,<\/strong>  manifest\u00f3 que esta obra es &#8220;de gran ayuda para nosotros que vivimos en  Barranqueras, para poder tomar un colectivo de larga distancia y nos  queda m\u00e1s cerca&#8221; dijo.<\/p><p> <\/p><p>A su turno, <strong>Mar\u00eda Rosa Barrios, vecina y docente de Barranqueras<\/strong>,  se\u00f1al\u00f3 que esta obra &#8220;es un obsequio para los habitantes, para poder  trasladarnos a cualquier lugar desde nuestro lugar&#8221;, dijo.<\/p><\/div><\/section><\/section><\/article><\/div><ins id=\"div-gpt-ad-1660916837590-0\" target=\"mixed\" class=\"adspace\" data-google-query-id=\"CIuqw-G7oYEDFWxV3QIdZyEOrw\"><\/ins><\/p>\n","protected":false},"excerpt":{"rendered":"<p>Con financiamiento Nacional y Provincial, la nueva estaci\u00f3n intermedia de micros situada en inmediaciones de las avenidas 9 de Julio y Gaboto de la ciudad&hellip; <\/p>\n","protected":false},"author":2,"featured_media":3411,"comment_status":"open","ping_status":"open","sticky":false,"template":"","format":"standard","meta":{"footnotes":""},"categories":[5],"tags":[],"class_list":["post-3410","post","type-post","status-publish","format-standard","has-post-thumbnail","hentry","category-politica"],"_links":{"self":[{"href":"https:\/\/lametro989.com\/index.php?rest_route=\/wp\/v2\/posts\/3410","targetHints":{"allow":["GET"]}}],"collection":[{"href":"https:\/\/lametro989.com\/index.php?rest_route=\/wp\/v2\/posts"}],"about":[{"href":"https:\/\/lametro989.com\/index.php?rest_route=\/wp\/v2\/types\/post"}],"author":[{"embeddable":true,"href":"https:\/\/lametro989.com\/index.php?rest_route=\/wp\/v2\/users\/2"}],"replies":[{"embeddable":true,"href":"https:\/\/lametro989.com\/index.php?rest_route=%2Fwp%2Fv2%2Fcomments&post=3410"}],"version-history":[{"count":1,"href":"https:\/\/lametro989.com\/index.php?rest_route=\/wp\/v2\/posts\/3410\/revisions"}],"predecessor-version":[{"id":3412,"href":"https:\/\/lametro989.com\/index.php?rest_route=\/wp\/v2\/posts\/3410\/revisions\/3412"}],"wp:featuredmedia":[{"embeddable":true,"href":"https:\/\/lametro989.com\/index.php?rest_route=\/wp\/v2\/media\/3411"}],"wp:attachment":[{"href":"https:\/\/lametro989.com\/index.php?rest_route=%2Fwp%2Fv2%2Fmedia&parent=3410"}],"wp:term":[{"taxonomy":"category","embeddable":true,"href":"https:\/\/lametro989.com\/index.php?rest_route=%2Fwp%2Fv2%2Fcategories&post=3410"},{"taxonomy":"post_tag","embeddable":true,"href":"https:\/\/lametro989.com\/index.php?rest_route=%2Fwp%2Fv2%2Ftags&post=3410"}],"curies":[{"name":"wp","href":"https:\/\/api.w.org\/{rel}","templated":true}]}}