{"id":34122,"date":"2025-12-01T08:24:21","date_gmt":"2025-12-01T11:24:21","guid":{"rendered":"https:\/\/lametro989.com\/?p=34122"},"modified":"2025-12-01T08:24:21","modified_gmt":"2025-12-01T11:24:21","slug":"ate-amenazo-a-sturzenegger-es-un-siniestro-que-viene-por-nosotros-pero-los-estatales-tambien-vamos-por-el","status":"publish","type":"post","link":"https:\/\/lametro989.com\/?p=34122","title":{"rendered":"ATE amenaz\u00f3 a Sturzenegger: \u201cEs un siniestro que viene por nosotros, pero los estatales tambi\u00e9n vamos por \u00e9l\u201d"},"content":{"rendered":"\n<p>La conducci\u00f3n sindical apunt\u00f3 contra el ministro de Desregulaci\u00f3n y advirti\u00f3 que eval\u00faa adelantar el paro nacional que, originalmente, est\u00e1 previsto para el d\u00eda que se trate la reforma laboral<\/p>\n\n\n\n<figure class=\"wp-block-image size-full\"><img loading=\"lazy\" decoding=\"async\" width=\"992\" height=\"558\" src=\"https:\/\/lametro989.com\/wp-content\/uploads\/2025\/12\/image-5.png\" alt=\"\" class=\"wp-image-34123\" srcset=\"https:\/\/lametro989.com\/wp-content\/uploads\/2025\/12\/image-5.png 992w, https:\/\/lametro989.com\/wp-content\/uploads\/2025\/12\/image-5-300x169.png 300w, https:\/\/lametro989.com\/wp-content\/uploads\/2025\/12\/image-5-768x432.png 768w\" sizes=\"auto, (max-width: 992px) 100vw, 992px\" \/><\/figure>\n\n\n\n<p>La noticia de que el\u00a0<a href=\"https:\/\/www.infobae.com\/economia\/2025\/11\/30\/el-gobierno-seguira-aplicando-motosierra-al-estado-en-2026-cuanto-redujo-el-empleo-publico-en-sus-primeros-dos-anos\/\" target=\"_blank\" rel=\"noreferrer noopener\"><strong>gobierno nacional planea seguir aplicando la motosierra en el Estado en 2026<\/strong><\/a>\u00a0provoc\u00f3 una dura reacci\u00f3n de la\u00a0<strong>Asociaci\u00f3n Trabajadores del Estado (ATE)<\/strong>. El sindicato advirti\u00f3 que ahora eval\u00faa adelantar el&nbsp;<strong>paro nacional<\/strong>&nbsp;que hab\u00eda sido anunciado para el d\u00eda que el Congreso debata la&nbsp;<strong>reforma laboral<\/strong>, ante la inminencia de los despidos masivos. Y en ese contexto, el secretario general de ATE Nacional,&nbsp;<strong>Rodolfo Aguiar<\/strong>, lanz\u00f3 una amenaza directa contra&nbsp;<strong>Federico Sturzenegger<\/strong>: \u201cEs un ser&nbsp;<strong>siniestro&nbsp;<\/strong>que viene por nosotros, pero tiene que saber que los estatales tambi\u00e9n<strong>&nbsp;vamos por \u00e9l<\/strong>\u201c.<\/p>\n\n\n\n<p>El dirigente gremial redobl\u00f3 su postura a trav\u00e9s de un comunicado contundente:\u00a0<strong>\u201cEl sector p\u00fablico no resiste m\u00e1s ajustes<\/strong>. No vamos a tolerar<strong>\u00a0ning\u00fan despido\u00a0<\/strong>y exigimos la\u00a0<strong>renovaci\u00f3n\u00a0<\/strong>autom\u00e1tica de la totalidad de los\u00a0<strong>v\u00ednculos\u00a0<\/strong>que vencen el 31 de diciembre\u201d. La conducci\u00f3n nacional de&nbsp;<strong>ATE&nbsp;<\/strong>cuenta con mandato para definir protestas sorpresivas en diciembre, en respuesta a lo que consideran una ofensiva del Gobierno contra los trabajadores estatales. En el centro de la pol\u00e9mica,&nbsp;<strong>Aguiar<\/strong>&nbsp;sostuvo que \u201cel Gobierno miente. Nunca se trat\u00f3 de una cuesti\u00f3n presupuestaria. Es todo ideol\u00f3gico. Mientras que los trabajadores contratados en la administraci\u00f3n p\u00fablica representan menos del 0,5% del presupuesto, la deuda externa se ubica por encima del 25%\u201d.<\/p>\n\n\n\n<p>El secretario general tambi\u00e9n denunci\u00f3 que el objetivo oficial no es destruir el aparato estatal, sino \u201cmoldear un Estado distinto, que garantice solo los intereses de los grandes grupos econ\u00f3micos nacionales y transnacionales que act\u00faan en nuestro pa\u00eds\u201d. El plan anunciado por el Gobierno implica reducir en un 10% la planta de trabajadores estatales, lo que, seg\u00fan&nbsp;<strong>ATE<\/strong>, representar\u00eda aproximadamente&nbsp;<strong>28.000 despidos<\/strong>. De acuerdo con el comunicado sindical, las cesant\u00edas se concentrar\u00edan en organismos descentralizados como la&nbsp;<strong>Oficina Anticorrupci\u00f3n<\/strong>, el&nbsp;<strong>Indec<\/strong>, el&nbsp;<strong>Conicet<\/strong>, la&nbsp;<strong>Coneau<\/strong>, el&nbsp;<strong>ARCA<\/strong>, el&nbsp;<strong>Archivo General de la Naci\u00f3n<\/strong>, la&nbsp;<strong>Anses<\/strong>, la&nbsp;<strong>Conadis<\/strong>, el&nbsp;<strong>Enargas<\/strong>, el&nbsp;<strong>Enre<\/strong>, el&nbsp;<strong>Inta<\/strong>, el&nbsp;<strong>Inti<\/strong>&nbsp;y el&nbsp;<strong>Enacom<\/strong>. El sindicato sostiene que estos despidos no responden a necesidades presupuestarias, sino a una estrategia de disciplinamiento y reconfiguraci\u00f3n del Estado.<img loading=\"lazy\" decoding=\"async\" alt=\"Federico Sturzenegger habla durante un\" height=\"1080\" src=\"https:\/\/www.infobae.com\/resizer\/v2\/5O3HSKBWYZD7DH4SDCOBUE4BXU.jpg?auth=ca6bf7b06386ff46dee2219e1085ba7f9e12614a4e5630a5a35a0f0c20f112a7&amp;smart=true&amp;width=350&amp;height=197&amp;quality=85\" width=\"1920\">Federico Sturzenegger habla durante un encuentro de IDEA<\/p>\n\n\n\n<p>La decisi\u00f3n de convocar al paro nacional y movilizaci\u00f3n fue adoptada por unanimidad en el Confederal de&nbsp;<strong>ATE<\/strong>,en un encuentro realizado en la provincia de San Luis.<\/p>\n\n\n\n<p>Para&nbsp;<strong>Aguiar<\/strong>, la \u00faltima reuni\u00f3n del Consejo de Mayo fue \u201cuna encerrona para el sindicalismo\u201d porque la administraci\u00f3n libertaria utiliza estos encuentros como maniobras dilatorias. \u201cEs un \u00e1mbito distractivo y utilizado por el Gobierno para dilatar los tiempos. Est\u00e1n dadas todas las condiciones para convocar a una huelga general. Pasaron meses y no presentaron ninguna propuesta\u201d, expres\u00f3 el dirigente.<\/p>\n\n\n\n<p>En relaci\u00f3n a la paritaria convocada por el Gobierno para este viernes a las 13:00 mediante Zoom,&nbsp;<strong>Aguiar<\/strong>&nbsp;critic\u00f3 el formato virtual: \u201cLo hicieron como si estuvi\u00e9ramos en pandemia. Se nota mucho que no quieren dar la cara. Si la estrategia es desalentar las medidas de fuerza, les avisamos que no les va a funcionar\u201d, advirti\u00f3 el secretario general.<\/p>\n\n\n\n<p><strong>ATE<\/strong>&nbsp;reclama la reapertura inmediata de las paritarias, argumentando que el recorte salarial se profundiz\u00f3 durante 2025. Seg\u00fan datos presentados por el sindicato, el incremento salarial en los primeros diez meses del a\u00f1o fue de apenas 13,6%, mientras que la inflaci\u00f3n en el mismo per\u00edodo alcanz\u00f3 el 24,8%. Adem\u00e1s, el sindicato denuncia persecuci\u00f3n sindical, detenciones de secretarios generales provinciales y denuncias penales.<\/p>\n\n\n\n<p>El dirigente sindical tambi\u00e9n cuestion\u00f3 la falta de avances en el di\u00e1logo con el Ejecutivo: \u201cEsperemos que despu\u00e9s de 23 meses se hayan dado cuenta que el di\u00e1logo fracas\u00f3. Frente a los que est\u00e1n acostumbrados a imponer y no a consensuar, a los trabajadores nos queda solo la calle\u201d, manifest\u00f3&nbsp;<strong>Aguiar<\/strong>.<\/p>\n\n\n\n<p>En el marco de la articulaci\u00f3n con otras organizaciones,&nbsp;<strong>ATE<\/strong>&nbsp;particip\u00f3 junto a las&nbsp;<strong>Centrales de Trabajadores de la Argentina<\/strong>, Aut\u00f3noma y de los Trabajadores, y dirigentes de otros sindicatos, en una reuni\u00f3n destinada a definir estrategias conjuntas frente a la reforma laboral.<\/p>\n","protected":false},"excerpt":{"rendered":"<p>La conducci\u00f3n sindical apunt\u00f3 contra el ministro de Desregulaci\u00f3n y advirti\u00f3 que eval\u00faa adelantar el paro nacional que, originalmente, est\u00e1 previsto para el d\u00eda que&hellip; <\/p>\n","protected":false},"author":2,"featured_media":34123,"comment_status":"open","ping_status":"open","sticky":false,"template":"","format":"standard","meta":{"footnotes":""},"categories":[9,5],"tags":[],"class_list":["post-34122","post","type-post","status-publish","format-standard","has-post-thumbnail","hentry","category-destacadas","category-politica"],"_links":{"self":[{"href":"https:\/\/lametro989.com\/index.php?rest_route=\/wp\/v2\/posts\/34122","targetHints":{"allow":["GET"]}}],"collection":[{"href":"https:\/\/lametro989.com\/index.php?rest_route=\/wp\/v2\/posts"}],"about":[{"href":"https:\/\/lametro989.com\/index.php?rest_route=\/wp\/v2\/types\/post"}],"author":[{"embeddable":true,"href":"https:\/\/lametro989.com\/index.php?rest_route=\/wp\/v2\/users\/2"}],"replies":[{"embeddable":true,"href":"https:\/\/lametro989.com\/index.php?rest_route=%2Fwp%2Fv2%2Fcomments&post=34122"}],"version-history":[{"count":1,"href":"https:\/\/lametro989.com\/index.php?rest_route=\/wp\/v2\/posts\/34122\/revisions"}],"predecessor-version":[{"id":34124,"href":"https:\/\/lametro989.com\/index.php?rest_route=\/wp\/v2\/posts\/34122\/revisions\/34124"}],"wp:featuredmedia":[{"embeddable":true,"href":"https:\/\/lametro989.com\/index.php?rest_route=\/wp\/v2\/media\/34123"}],"wp:attachment":[{"href":"https:\/\/lametro989.com\/index.php?rest_route=%2Fwp%2Fv2%2Fmedia&parent=34122"}],"wp:term":[{"taxonomy":"category","embeddable":true,"href":"https:\/\/lametro989.com\/index.php?rest_route=%2Fwp%2Fv2%2Fcategories&post=34122"},{"taxonomy":"post_tag","embeddable":true,"href":"https:\/\/lametro989.com\/index.php?rest_route=%2Fwp%2Fv2%2Ftags&post=34122"}],"curies":[{"name":"wp","href":"https:\/\/api.w.org\/{rel}","templated":true}]}}