{"id":3413,"date":"2023-09-10T23:10:09","date_gmt":"2023-09-11T02:10:09","guid":{"rendered":"https:\/\/lametro989.com\/?p=3413"},"modified":"2023-09-10T23:10:09","modified_gmt":"2023-09-11T02:10:09","slug":"capitanich-se-reunio-con-los-fiscales-de-mesa-del-proximo-domingo-tenemos-que-ganar-las-elecciones","status":"publish","type":"post","link":"https:\/\/lametro989.com\/?p=3413","title":{"rendered":"Capitanich se reuni\u00f3 con los fiscales de mesa del pr\u00f3ximo domingo: &#8220;Tenemos que ganar las elecciones&#8221;"},"content":{"rendered":"\n<p>&#8220;Les pido que el 17 de septiembre cada uno de nuestros fiscales de mesa a las 7 de la ma\u00f1ana pueda presentarse en cada una de las escuelas en donde tenemos que votar&#8221;, alent\u00f3 el mandatario.<\/p>\n\n\n\n<figure class=\"wp-block-image size-full\"><img loading=\"lazy\" decoding=\"async\" width=\"850\" height=\"567\" src=\"https:\/\/lametro989.com\/wp-content\/uploads\/2023\/09\/imagen-96.png\" alt=\"\" class=\"wp-image-3414\" srcset=\"https:\/\/lametro989.com\/wp-content\/uploads\/2023\/09\/imagen-96.png 850w, https:\/\/lametro989.com\/wp-content\/uploads\/2023\/09\/imagen-96-300x200.png 300w, https:\/\/lametro989.com\/wp-content\/uploads\/2023\/09\/imagen-96-768x512.png 768w\" sizes=\"auto, (max-width: 850px) 100vw, 850px\" \/><\/figure>\n\n\n\n<p>El gobernador<strong> Jorge Capitanich se reuni\u00f3 en la tarde de este domingo con los fiscales generales y fiscales de mesa que est\u00e1n asignados para las elecciones generales del 17 de septiembre,<\/strong> en el Estadio Centenario del club Sarmiento: <strong>&#8220;Con el objetivo de fortalecer la capacidad institucional del proceso de fiscalizaci\u00f3n electoral&#8221;,<\/strong> enfatiz\u00f3 el mandatario.<\/p>\n\n\n\n<p>En un discurso dirigido a la militancia, el gobernador dijo:<strong> &#8220;El objetivo es transmitirles que el pr\u00f3ximo domingo tenemos una cita con la historia, tenemos que ganar contundemente las elecciones y tenemos que tener la capacidad de fiscalizar voto a voto&#8221;.<\/strong><\/p>\n\n\n\n<p>\u00a0En esa l\u00ednea, el candidato que busca su reelecci\u00f3n insisti\u00f3, &#8220;les pido que el 17 de septiembre cada uno de nuestros fiscales de mesa a las 7 de la ma\u00f1ana pueda presentarse en cada una de las escuelas en donde tenemos que votar. Es imprescindible que bien temprano recibamos a los delegados electorales como as\u00ed tambi\u00e9n coordinar con la Polic\u00eda todo el proceso de fiscalizaci\u00f3n para garantizar la transparencia que en la provincia est\u00e1 asegurada a partir del tribunal electoral como lo establece la constituci\u00f3n provincial&#8221;.<div class=\"wrapper\"><article id=\"item\" itemscope=\"itemscope\" itemtype=\"http:\/\/schema.org\/NewsArticle\"><section class=\"body\"><section class=\"content\"><div class=\"main-text\"><p>Y continu\u00f3 con entusiasmo sobre el desarrollo de la jornada electoral  &#8220;vamos a garantizar a cada uno de nuestros fiscales la asistencia  alimentaria y de los dem\u00e1s elementos que son imprescindibles&#8221;.<\/p><p>Adem\u00e1s, <strong>el  mandatario record\u00f3 que, &#8220;en Resistencia tenemos solamente dos cuerpos:  gobernador y diputados provinciales, porque no se eligen intendentes y  concejales. En otras localidades la boleta tiene los 4 cuerpos&#8221;.<\/strong><\/p><p>As\u00ed,  Capitanich volvi\u00f3 a recordar a la militancia: &#8220;Es simple la confecci\u00f3n  del certificado de escrutinio le pedimos especialmente que puedan  garantizar la verificaci\u00f3n y la anotaci\u00f3n correcta. Un voto es  imprescindible en esta elecci\u00f3n para ganar&#8221;.<\/p><p>Para finalizar, el gobernador destac\u00f3 que <strong>&#8220;este ser\u00e1 mi \u00faltimo mandato constitucional y pondr\u00e9 toda la energ\u00eda, como desde el primer d\u00eda.<\/strong>  Eso significa trabajar los 7 d\u00edas de la semana, cada d\u00eda de cada mes,  365 d\u00edas del a\u00f1o, sin vacaciones al servicio del pueblo. Este mandato lo  pondremos al servicio de nuestro pueblo, el pueblo nos ha enviado un  mensaje muy claro&#8221;.<\/p><\/div><\/section><\/section><\/article><\/div><ins id=\"div-gpt-ad-1660916837590-0\" target=\"mixed\" class=\"adspace\" data-google-query-id=\"CP_Cyd28oYEDFYVU3QIddbsGRg\"><\/ins><\/p>\n","protected":false},"excerpt":{"rendered":"<p>&#8220;Les pido que el 17 de septiembre cada uno de nuestros fiscales de mesa a las 7 de la ma\u00f1ana pueda presentarse en cada una&hellip; <\/p>\n","protected":false},"author":2,"featured_media":3414,"comment_status":"open","ping_status":"open","sticky":false,"template":"","format":"standard","meta":{"footnotes":""},"categories":[9,2],"tags":[],"class_list":["post-3413","post","type-post","status-publish","format-standard","has-post-thumbnail","hentry","category-destacadas","category-provinciales"],"_links":{"self":[{"href":"https:\/\/lametro989.com\/index.php?rest_route=\/wp\/v2\/posts\/3413","targetHints":{"allow":["GET"]}}],"collection":[{"href":"https:\/\/lametro989.com\/index.php?rest_route=\/wp\/v2\/posts"}],"about":[{"href":"https:\/\/lametro989.com\/index.php?rest_route=\/wp\/v2\/types\/post"}],"author":[{"embeddable":true,"href":"https:\/\/lametro989.com\/index.php?rest_route=\/wp\/v2\/users\/2"}],"replies":[{"embeddable":true,"href":"https:\/\/lametro989.com\/index.php?rest_route=%2Fwp%2Fv2%2Fcomments&post=3413"}],"version-history":[{"count":1,"href":"https:\/\/lametro989.com\/index.php?rest_route=\/wp\/v2\/posts\/3413\/revisions"}],"predecessor-version":[{"id":3415,"href":"https:\/\/lametro989.com\/index.php?rest_route=\/wp\/v2\/posts\/3413\/revisions\/3415"}],"wp:featuredmedia":[{"embeddable":true,"href":"https:\/\/lametro989.com\/index.php?rest_route=\/wp\/v2\/media\/3414"}],"wp:attachment":[{"href":"https:\/\/lametro989.com\/index.php?rest_route=%2Fwp%2Fv2%2Fmedia&parent=3413"}],"wp:term":[{"taxonomy":"category","embeddable":true,"href":"https:\/\/lametro989.com\/index.php?rest_route=%2Fwp%2Fv2%2Fcategories&post=3413"},{"taxonomy":"post_tag","embeddable":true,"href":"https:\/\/lametro989.com\/index.php?rest_route=%2Fwp%2Fv2%2Ftags&post=3413"}],"curies":[{"name":"wp","href":"https:\/\/api.w.org\/{rel}","templated":true}]}}