{"id":34143,"date":"2025-12-01T13:11:14","date_gmt":"2025-12-01T16:11:14","guid":{"rendered":"https:\/\/lametro989.com\/?p=34143"},"modified":"2025-12-01T13:11:14","modified_gmt":"2025-12-01T16:11:14","slug":"pampa-del-infierno-inaugurara-su-nuevo-frigorifico-municipal-el-7-de-diciembre-queremos-que-sea-regional","status":"publish","type":"post","link":"https:\/\/lametro989.com\/?p=34143","title":{"rendered":"Pampa del Infierno inaugurar\u00e1 su nuevo frigor\u00edfico municipal el 7 de diciembre: \u201cQueremos que sea regional\u201d"},"content":{"rendered":"\n<p>La intendenta Glenda Seifert anunci\u00f3 que el nuevo frigor\u00edfico municipal ser\u00e1 inaugurado el 7 de diciembre y permitir\u00e1 ampliar la faena a nivel regional. La obra, que busca obtener tr\u00e1nsito federal, mejorar\u00e1 la calidad de la carne y las condiciones laborales. El municipio prev\u00e9 aumentar la planta de trabajadores para cubrir la demanda de localidades vecinas. Seifert destac\u00f3 adem\u00e1s el buen a\u00f1o productivo y las mejoras en energ\u00eda y agua en Pampa del Infierno.<\/p>\n\n\n\n<figure class=\"wp-block-image size-full\"><img loading=\"lazy\" decoding=\"async\" width=\"1004\" height=\"640\" src=\"https:\/\/lametro989.com\/wp-content\/uploads\/2025\/12\/image-13.png\" alt=\"\" class=\"wp-image-34144\" srcset=\"https:\/\/lametro989.com\/wp-content\/uploads\/2025\/12\/image-13.png 1004w, https:\/\/lametro989.com\/wp-content\/uploads\/2025\/12\/image-13-300x191.png 300w, https:\/\/lametro989.com\/wp-content\/uploads\/2025\/12\/image-13-768x490.png 768w\" sizes=\"auto, (max-width: 1004px) 100vw, 1004px\" \/><\/figure>\n\n\n\n<p>En declaraciones a CIUDAD TV, la intendenta de Pampa del Infierno, Glenda Seifert, confirm\u00f3 que el nuevo frigor\u00edfico municipal \u2014una obra largamente esperada por la comunidad\u2014 ser\u00e1 inaugurado el pr\u00f3ximo 7 de diciembre, en el marco del aniversario de la localidad. El establecimiento permitir\u00e1 mejorar la calidad de la faena bovina y ampliar la capacidad de trabajo para toda la regi\u00f3n. Seifert explic\u00f3 que este nuevo frigor\u00edfico es distinto al ovino\u2013caprino, que ya se encuentra funcionando normalmente. La nueva planta est\u00e1 destinada a cumplir los requisitos de la Ley de Carnes, con infraestructura completa y ambientes climatizados que permitir\u00e1n una faena m\u00e1s segura, eficiente y con mejores condiciones laborales.<\/p>\n\n\n\n<p>\u201cQueremos que este frigor\u00edfico sea regional y tenga tr\u00e1nsito federal, para que los pueblos vecinos que no cuentan con mataderos habilitados puedan faenar aqu\u00ed, cumpliendo todas las exigencias sanitarias\u201d, indic\u00f3 la intendenta. Actualmente el veterinario municipal realiza inspecciones junto al Ministerio de Producci\u00f3n y la Subsecretar\u00eda de Ganader\u00eda para avanzar en la habilitaci\u00f3n formal.<\/p>\n\n\n\n<p><strong>Impacto laboral y productivo<\/strong><\/p>\n\n\n\n<p>El matadero municipal actual trabaja con entre 16 y 18 empleados y solo abastece a Pampa del Infierno. Con la habilitaci\u00f3n regional, el frigor\u00edfico deber\u00e1 faenar para Concepci\u00f3n del Bermejo, Los Frentones, R\u00edo Muerto y la propia Pampa del Infierno, lo que obligar\u00e1 a incrementar el personal y trabajar de lunes a viernes.<\/p>\n\n\n\n<p>\u201cSe va a incrementar considerablemente la cantidad de empleados porque vamos a tener que cubrir la demanda de toda la regi\u00f3n\u201d, se\u00f1al\u00f3 Seifert, destacando tambi\u00e9n el beneficio para productores y trabajadores locales.<\/p>\n\n\n\n<p>La intendenta celebr\u00f3 los buenos resultados agr\u00edcolas del a\u00f1o. Los rindes de trigo fueron \u201cfenomenales\u201d \u2014algo inusual para la zona\u2014 y el girasol muestra una proyecci\u00f3n igualmente positiva. Las lluvias recientes ayudaron a recuperar zonas afectadas por la sequ\u00eda, sin causar da\u00f1os por tormentas severas.<\/p>\n\n\n\n<p>\u201cCreo que este va a ser un a\u00f1o productivo muy bueno. Las lluvias fueron tranquilas y muy beneficiosas para todo el departamento Almirante Brown\u201d, afirm\u00f3.<\/p>\n\n\n\n<p><strong>Servicios: mejoras en energ\u00eda y provisi\u00f3n de agua<\/strong><\/p>\n\n\n\n<p>Seifert destac\u00f3 la estabilidad del sistema el\u00e9ctrico gracias a la planta solar local y a los trabajos de refuerzo que realiza SECHEEP. \u201cNo tenemos los famosos cortes que ten\u00edamos antes, salvo los programados por trabajos de mantenimiento\u201d, dijo.<\/p>\n\n\n\n<p>En cuanto al agua, explic\u00f3 que siguen dependiendo de las perforaciones y de las lluvias, pero valor\u00f3 los esfuerzos del gobierno provincial y SAMEEP para garantizar el abastecimiento durante el verano.<\/p>\n\n\n\n<p>A pesar de un 2025 \u201cno f\u00e1cil\u201d, el municipio cerrar\u00e1 el a\u00f1o con las cuentas ordenadas. Esta semana se abonar\u00e1n los sueldos de noviembre y entre el 16 y 18 de diciembre se pagar\u00e1n los aguinaldos. Adem\u00e1s, se otorgar\u00e1 el habitual bono navide\u00f1o para beneficiarios de programas y contratados.<\/p>\n\n\n\n<p>Pampa del Infierno se prepara para las celebraciones del 7 de diciembre. Habr\u00e1 elecci\u00f3n de reina, lanzamiento de temporada del natatorio, inauguraci\u00f3n del frigor\u00edfico y de obras de pavimento, iluminaci\u00f3n y la nueva cancha acr\u00edlica del club municipal. Tambi\u00e9n llegar\u00e1n artistas invitados y se espera la presencia del gobernador.<\/p>\n\n\n\n<p>Por otro lado, la intendenta confirm\u00f3 que el Festival Provincial del Chivo se realizar\u00e1 en marzo del pr\u00f3ximo a\u00f1o.<\/p>\n\n\n\n<figure class=\"wp-block-embed is-type-video is-provider-youtube wp-block-embed-youtube wp-embed-aspect-16-9 wp-has-aspect-ratio\"><div class=\"wp-block-embed__wrapper\">\n<iframe loading=\"lazy\" title=\"FRIGOR\u00cdFICO CAPRINO\" width=\"790\" height=\"444\" src=\"https:\/\/www.youtube.com\/embed\/v6fgOKG_l_Q?start=1&#038;feature=oembed\" frameborder=\"0\" allow=\"accelerometer; autoplay; clipboard-write; encrypted-media; gyroscope; picture-in-picture; web-share\" referrerpolicy=\"strict-origin-when-cross-origin\" allowfullscreen><\/iframe>\n<\/div><\/figure>\n","protected":false},"excerpt":{"rendered":"<p>La intendenta Glenda Seifert anunci\u00f3 que el nuevo frigor\u00edfico municipal ser\u00e1 inaugurado el 7 de diciembre y permitir\u00e1 ampliar la faena a nivel regional. La&hellip; <\/p>\n","protected":false},"author":2,"featured_media":34144,"comment_status":"open","ping_status":"open","sticky":false,"template":"","format":"standard","meta":{"footnotes":""},"categories":[9,5],"tags":[],"class_list":["post-34143","post","type-post","status-publish","format-standard","has-post-thumbnail","hentry","category-destacadas","category-politica"],"_links":{"self":[{"href":"https:\/\/lametro989.com\/index.php?rest_route=\/wp\/v2\/posts\/34143","targetHints":{"allow":["GET"]}}],"collection":[{"href":"https:\/\/lametro989.com\/index.php?rest_route=\/wp\/v2\/posts"}],"about":[{"href":"https:\/\/lametro989.com\/index.php?rest_route=\/wp\/v2\/types\/post"}],"author":[{"embeddable":true,"href":"https:\/\/lametro989.com\/index.php?rest_route=\/wp\/v2\/users\/2"}],"replies":[{"embeddable":true,"href":"https:\/\/lametro989.com\/index.php?rest_route=%2Fwp%2Fv2%2Fcomments&post=34143"}],"version-history":[{"count":1,"href":"https:\/\/lametro989.com\/index.php?rest_route=\/wp\/v2\/posts\/34143\/revisions"}],"predecessor-version":[{"id":34145,"href":"https:\/\/lametro989.com\/index.php?rest_route=\/wp\/v2\/posts\/34143\/revisions\/34145"}],"wp:featuredmedia":[{"embeddable":true,"href":"https:\/\/lametro989.com\/index.php?rest_route=\/wp\/v2\/media\/34144"}],"wp:attachment":[{"href":"https:\/\/lametro989.com\/index.php?rest_route=%2Fwp%2Fv2%2Fmedia&parent=34143"}],"wp:term":[{"taxonomy":"category","embeddable":true,"href":"https:\/\/lametro989.com\/index.php?rest_route=%2Fwp%2Fv2%2Fcategories&post=34143"},{"taxonomy":"post_tag","embeddable":true,"href":"https:\/\/lametro989.com\/index.php?rest_route=%2Fwp%2Fv2%2Ftags&post=34143"}],"curies":[{"name":"wp","href":"https:\/\/api.w.org\/{rel}","templated":true}]}}