{"id":34150,"date":"2025-12-02T07:49:07","date_gmt":"2025-12-02T10:49:07","guid":{"rendered":"https:\/\/lametro989.com\/?p=34150"},"modified":"2025-12-02T07:49:07","modified_gmt":"2025-12-02T10:49:07","slug":"desorden-de-gran-magnitud-en-festival-de-isidro-velazquez-termina-con-herido-y-detenidos","status":"publish","type":"post","link":"https:\/\/lametro989.com\/?p=34150","title":{"rendered":"Desorden de gran magnitud en festival de Isidro Vel\u00e1zquez termina con herido y detenidos"},"content":{"rendered":"\n<p>Pampa Bandera, Durante el operativo de prevenci\u00f3n y seguridad en el marco de la cabalgata y festival de Isidro Vel\u00e1zquez, se registr\u00f3 un desorden de gran magnitud cuando un grupo de personas abandonaba el predio ubicado en Ruta N\u00b04, Lote 11, Pampa Bandera.<\/p>\n\n\n\n<figure class=\"wp-block-image size-large\"><img loading=\"lazy\" decoding=\"async\" width=\"1024\" height=\"768\" src=\"https:\/\/lametro989.com\/wp-content\/uploads\/2025\/12\/image-15-1024x768.png\" alt=\"\" class=\"wp-image-34151\" srcset=\"https:\/\/lametro989.com\/wp-content\/uploads\/2025\/12\/image-15-1024x768.png 1024w, https:\/\/lametro989.com\/wp-content\/uploads\/2025\/12\/image-15-300x225.png 300w, https:\/\/lametro989.com\/wp-content\/uploads\/2025\/12\/image-15-768x576.png 768w, https:\/\/lametro989.com\/wp-content\/uploads\/2025\/12\/image-15.png 1280w\" sizes=\"auto, (max-width: 1024px) 100vw, 1024px\" \/><\/figure>\n\n\n\n<p>Seg\u00fan inform\u00f3 la Comisar\u00eda del Tacuruzal, las circunstancias requirieron la intervenci\u00f3n de grupos de infanter\u00eda, jinetes rurales y personal convencional para controlar la situaci\u00f3n. Resultado del operativo<br>1 herido con arma blanca, trasladado al nosocomio de Pampa del Indio.<br>3 personas aprehendidas, quienes fueron llevadas inicialmente al Hospital Las Garcitas y luego a la Comisar\u00eda Tacuruzal.<br>Se secuestraron varias armas blancas durante la intervenci\u00f3n.<br>Desde la Polic\u00eda destacaron que el operativo se realiz\u00f3 conforme a la Orden de Operaciones N\u00b0980-DOI\/25 y que continuar\u00e1n las investigaciones para determinar responsabilidades por el desorden.<\/p>\n","protected":false},"excerpt":{"rendered":"<p>Pampa Bandera, Durante el operativo de prevenci\u00f3n y seguridad en el marco de la cabalgata y festival de Isidro Vel\u00e1zquez, se registr\u00f3 un desorden de&hellip; <\/p>\n","protected":false},"author":2,"featured_media":34151,"comment_status":"open","ping_status":"open","sticky":false,"template":"","format":"standard","meta":{"footnotes":""},"categories":[9,2],"tags":[],"class_list":["post-34150","post","type-post","status-publish","format-standard","has-post-thumbnail","hentry","category-destacadas","category-provinciales"],"_links":{"self":[{"href":"https:\/\/lametro989.com\/index.php?rest_route=\/wp\/v2\/posts\/34150","targetHints":{"allow":["GET"]}}],"collection":[{"href":"https:\/\/lametro989.com\/index.php?rest_route=\/wp\/v2\/posts"}],"about":[{"href":"https:\/\/lametro989.com\/index.php?rest_route=\/wp\/v2\/types\/post"}],"author":[{"embeddable":true,"href":"https:\/\/lametro989.com\/index.php?rest_route=\/wp\/v2\/users\/2"}],"replies":[{"embeddable":true,"href":"https:\/\/lametro989.com\/index.php?rest_route=%2Fwp%2Fv2%2Fcomments&post=34150"}],"version-history":[{"count":1,"href":"https:\/\/lametro989.com\/index.php?rest_route=\/wp\/v2\/posts\/34150\/revisions"}],"predecessor-version":[{"id":34152,"href":"https:\/\/lametro989.com\/index.php?rest_route=\/wp\/v2\/posts\/34150\/revisions\/34152"}],"wp:featuredmedia":[{"embeddable":true,"href":"https:\/\/lametro989.com\/index.php?rest_route=\/wp\/v2\/media\/34151"}],"wp:attachment":[{"href":"https:\/\/lametro989.com\/index.php?rest_route=%2Fwp%2Fv2%2Fmedia&parent=34150"}],"wp:term":[{"taxonomy":"category","embeddable":true,"href":"https:\/\/lametro989.com\/index.php?rest_route=%2Fwp%2Fv2%2Fcategories&post=34150"},{"taxonomy":"post_tag","embeddable":true,"href":"https:\/\/lametro989.com\/index.php?rest_route=%2Fwp%2Fv2%2Ftags&post=34150"}],"curies":[{"name":"wp","href":"https:\/\/api.w.org\/{rel}","templated":true}]}}