{"id":34153,"date":"2025-12-02T07:50:45","date_gmt":"2025-12-02T10:50:45","guid":{"rendered":"https:\/\/lametro989.com\/?p=34153"},"modified":"2025-12-02T07:50:45","modified_gmt":"2025-12-02T10:50:45","slug":"dos-mujeres-lideraran-la-legislatura-chaquena-delgado-seguira-como-presidenta-y-maggio-sera-la-vice-primera","status":"publish","type":"post","link":"https:\/\/lametro989.com\/?p=34153","title":{"rendered":"Dos mujeres liderar\u00e1n la Legislatura chaque\u00f1a: Delgado seguir\u00e1 como presidenta y Maggio ser\u00e1 la vice primera"},"content":{"rendered":"\n<p>Tras la jura de los nuevos legisladores provinciales, la C\u00e1mara de Diputados del Chaco defini\u00f3 este lunes sus nuevas autoridades. En una votaci\u00f3n un\u00e1nime, Carmen Delgado fue ratificada como presidenta del Poder Legislativo, cargo que continuar\u00e1 ocupando hasta 2027. La sesi\u00f3n preparatoria, que incluy\u00f3 un cuarto intermedio, concluy\u00f3 con la elecci\u00f3n un\u00e1nime de la mesa de conducci\u00f3n. La propuesta para que Delgado siga al frente del cuerpo fue realizada por el diputado Iv\u00e1n Gyoker y obtuvo el acompa\u00f1amiento total de los bloques. Adem\u00e1s, se confirm\u00f3 que Susana Maggio ser\u00e1 la vicepresidenta primera, en tanto que Santiago P\u00e9rez Pons ocupar\u00e1 la vicepresidencia segunda, ambas designaciones tambi\u00e9n aprobadas por unanimidad entre el oficialismo y el interbloque.<\/p>\n\n\n\n<figure class=\"wp-block-image size-full\"><img loading=\"lazy\" decoding=\"async\" width=\"1024\" height=\"768\" src=\"https:\/\/lametro989.com\/wp-content\/uploads\/2025\/12\/image-16.png\" alt=\"\" class=\"wp-image-34154\" srcset=\"https:\/\/lametro989.com\/wp-content\/uploads\/2025\/12\/image-16.png 1024w, https:\/\/lametro989.com\/wp-content\/uploads\/2025\/12\/image-16-300x225.png 300w, https:\/\/lametro989.com\/wp-content\/uploads\/2025\/12\/image-16-768x576.png 768w\" sizes=\"auto, (max-width: 1024px) 100vw, 1024px\" \/><\/figure>\n\n\n\n<p>La elecci\u00f3n de autoridades legislativas est\u00e1 prevista en el Art\u00edculo 116 de la Constituci\u00f3n Provincial, que establece la conformaci\u00f3n anual de la Presidencia y las vicepresidencias de la C\u00e1mara.<\/p>\n\n\n\n<p>Con estas definiciones, el Poder Legislativo inicia un nuevo per\u00edodo con acuerdos pol\u00edticos que garantizaron una votaci\u00f3n sin disidencias.<\/p>\n","protected":false},"excerpt":{"rendered":"<p>Tras la jura de los nuevos legisladores provinciales, la C\u00e1mara de Diputados del Chaco defini\u00f3 este lunes sus nuevas autoridades. En una votaci\u00f3n un\u00e1nime, Carmen&hellip; <\/p>\n","protected":false},"author":2,"featured_media":34154,"comment_status":"open","ping_status":"open","sticky":false,"template":"","format":"standard","meta":{"footnotes":""},"categories":[2],"tags":[],"class_list":["post-34153","post","type-post","status-publish","format-standard","has-post-thumbnail","hentry","category-provinciales"],"_links":{"self":[{"href":"https:\/\/lametro989.com\/index.php?rest_route=\/wp\/v2\/posts\/34153","targetHints":{"allow":["GET"]}}],"collection":[{"href":"https:\/\/lametro989.com\/index.php?rest_route=\/wp\/v2\/posts"}],"about":[{"href":"https:\/\/lametro989.com\/index.php?rest_route=\/wp\/v2\/types\/post"}],"author":[{"embeddable":true,"href":"https:\/\/lametro989.com\/index.php?rest_route=\/wp\/v2\/users\/2"}],"replies":[{"embeddable":true,"href":"https:\/\/lametro989.com\/index.php?rest_route=%2Fwp%2Fv2%2Fcomments&post=34153"}],"version-history":[{"count":1,"href":"https:\/\/lametro989.com\/index.php?rest_route=\/wp\/v2\/posts\/34153\/revisions"}],"predecessor-version":[{"id":34155,"href":"https:\/\/lametro989.com\/index.php?rest_route=\/wp\/v2\/posts\/34153\/revisions\/34155"}],"wp:featuredmedia":[{"embeddable":true,"href":"https:\/\/lametro989.com\/index.php?rest_route=\/wp\/v2\/media\/34154"}],"wp:attachment":[{"href":"https:\/\/lametro989.com\/index.php?rest_route=%2Fwp%2Fv2%2Fmedia&parent=34153"}],"wp:term":[{"taxonomy":"category","embeddable":true,"href":"https:\/\/lametro989.com\/index.php?rest_route=%2Fwp%2Fv2%2Fcategories&post=34153"},{"taxonomy":"post_tag","embeddable":true,"href":"https:\/\/lametro989.com\/index.php?rest_route=%2Fwp%2Fv2%2Ftags&post=34153"}],"curies":[{"name":"wp","href":"https:\/\/api.w.org\/{rel}","templated":true}]}}