{"id":34178,"date":"2025-12-02T08:37:01","date_gmt":"2025-12-02T11:37:01","guid":{"rendered":"https:\/\/lametro989.com\/?p=34178"},"modified":"2025-12-02T08:37:01","modified_gmt":"2025-12-02T11:37:01","slug":"escandalo-en-el-senado-legisladora-denuncio-penalmente-a-personal-de-seguridad-por-lesiones-y-amenazas","status":"publish","type":"post","link":"https:\/\/lametro989.com\/?p=34178","title":{"rendered":"Esc\u00e1ndalo en el Senado: legisladora denunci\u00f3 penalmente a personal de seguridad por lesiones y amenazas"},"content":{"rendered":"\n<p>La senadora por Tierra del Fuego, Cristina L\u00f3pez, acus\u00f3 a Victoria Villarruel de tomar represalias tras su jura &#8220;por los 30.000 desaparecidos&#8221;.<\/p>\n\n\n\n<figure class=\"wp-block-image size-full\"><img loading=\"lazy\" decoding=\"async\" width=\"610\" height=\"415\" src=\"https:\/\/lametro989.com\/wp-content\/uploads\/2025\/12\/image-25.png\" alt=\"\" class=\"wp-image-34179\" srcset=\"https:\/\/lametro989.com\/wp-content\/uploads\/2025\/12\/image-25.png 610w, https:\/\/lametro989.com\/wp-content\/uploads\/2025\/12\/image-25-300x204.png 300w\" sizes=\"auto, (max-width: 610px) 100vw, 610px\" \/><\/figure>\n\n\n\n<p>El conflicto pol\u00edtico entre la senadora&nbsp;<strong>C\u00e1ndida Cristina L\u00f3pez<\/strong>&nbsp;(Tierra del Fuego) y la vicepresidenta de la Naci\u00f3n y presidenta del&nbsp;<strong>Senado<\/strong>,&nbsp;<strong>Victoria Villarruel<\/strong>, escal\u00f3 a una grave denuncia penal presentada este lunes por amenazas y lesiones.<\/p>\n\n\n\n<p>L\u00f3pez present\u00f3 este lunes la acci\u00f3n judicial contra personal de seguridad del Senado, acus\u00e1ndolos de lesiones, amenazas y agresiones, luego de que le impidieran el acceso a su propio despacho. La controversia se inici\u00f3 el viernes pasado, cuando, tras la jura de los nuevos senadores, Villarruel orden\u00f3 la intervenci\u00f3n del despacho de L\u00f3pez:&nbsp;<strong>cambi\u00f3 la cerradura, faj\u00f3 la puerta y retir\u00f3 la placa de senadora<\/strong>, seg\u00fan las fotos y denuncia difundidas.<\/p>\n\n\n\n<p>La medida de fuerza de la Vicepresidenta fue una aparente represalia por la jura de L\u00f3pez &#8220;por los 30.000 desparecidos&#8221;, seg\u00fan consideraron desde el lado de la legisladora. La senadora L\u00f3pez acudi\u00f3 este lunes al lugar con un cerrajero para intentar recuperar sus objetos personales, incluyendo su computadora. Sin embargo, el personal de seguridad bloque\u00f3 el acceso, lo que deriv\u00f3 en un forcejeo y la agresi\u00f3n f\u00edsica denunciada.<\/p>\n\n\n\n<p>La lesi\u00f3n fue confirmada por el m\u00e9dico del Senado, Gustavo Apreda, quien constat\u00f3 un&nbsp;<strong>&#8220;hematoma a nivel de zona superior del tobillo derecho de 5 x 3 cm&#8221;<\/strong>, adem\u00e1s de dolores internos en el brazo de la senadora.<\/p>\n\n\n\n<p>L\u00f3pez calific\u00f3 el accionar como un&nbsp;<strong>&#8220;ataque de extrema gravedad institucional&#8221;, y lament\u00f3:&nbsp;<\/strong>&#8220;Que la vicepresidente Villarruel ingrese de manera ilegal al despacho de otro senador nacional es un ataque de extrema gravedad institucional y una violaci\u00f3n a la autonom\u00eda del Poder Legislativo&#8221;.<\/p>\n\n\n\n<p>La legisladora concluy\u00f3 con una fuerte advertencia sobre la democracia. &#8220;Si se permite que una autoridad del Senado pueda castigar a un senador por su postura, ma\u00f1ana se podr\u00e1 hacer lo mismo con cualquier representante. Es un mensaje muy peligroso para la democracia&#8221;, sostuvo.<\/p>\n\n\n\n<figure class=\"wp-block-embed is-type-video is-provider-youtube wp-block-embed-youtube wp-embed-aspect-16-9 wp-has-aspect-ratio\"><div class=\"wp-block-embed__wrapper\">\n<iframe loading=\"lazy\" title=\"SENADORA de la oposici\u00f3n DENUNCI\u00d3 lesiones, amenazas y agresiones tras la clausura de su DESPACHO\" width=\"790\" height=\"444\" src=\"https:\/\/www.youtube.com\/embed\/-c11on3lHrI?start=1&#038;feature=oembed\" frameborder=\"0\" allow=\"accelerometer; autoplay; clipboard-write; encrypted-media; gyroscope; picture-in-picture; web-share\" referrerpolicy=\"strict-origin-when-cross-origin\" allowfullscreen><\/iframe>\n<\/div><\/figure>\n","protected":false},"excerpt":{"rendered":"<p>La senadora por Tierra del Fuego, Cristina L\u00f3pez, acus\u00f3 a Victoria Villarruel de tomar represalias tras su jura &#8220;por los 30.000 desaparecidos&#8221;. El conflicto pol\u00edtico&hellip; <\/p>\n","protected":false},"author":2,"featured_media":34179,"comment_status":"open","ping_status":"open","sticky":false,"template":"","format":"standard","meta":{"footnotes":""},"categories":[9,5],"tags":[],"class_list":["post-34178","post","type-post","status-publish","format-standard","has-post-thumbnail","hentry","category-destacadas","category-politica"],"_links":{"self":[{"href":"https:\/\/lametro989.com\/index.php?rest_route=\/wp\/v2\/posts\/34178","targetHints":{"allow":["GET"]}}],"collection":[{"href":"https:\/\/lametro989.com\/index.php?rest_route=\/wp\/v2\/posts"}],"about":[{"href":"https:\/\/lametro989.com\/index.php?rest_route=\/wp\/v2\/types\/post"}],"author":[{"embeddable":true,"href":"https:\/\/lametro989.com\/index.php?rest_route=\/wp\/v2\/users\/2"}],"replies":[{"embeddable":true,"href":"https:\/\/lametro989.com\/index.php?rest_route=%2Fwp%2Fv2%2Fcomments&post=34178"}],"version-history":[{"count":1,"href":"https:\/\/lametro989.com\/index.php?rest_route=\/wp\/v2\/posts\/34178\/revisions"}],"predecessor-version":[{"id":34180,"href":"https:\/\/lametro989.com\/index.php?rest_route=\/wp\/v2\/posts\/34178\/revisions\/34180"}],"wp:featuredmedia":[{"embeddable":true,"href":"https:\/\/lametro989.com\/index.php?rest_route=\/wp\/v2\/media\/34179"}],"wp:attachment":[{"href":"https:\/\/lametro989.com\/index.php?rest_route=%2Fwp%2Fv2%2Fmedia&parent=34178"}],"wp:term":[{"taxonomy":"category","embeddable":true,"href":"https:\/\/lametro989.com\/index.php?rest_route=%2Fwp%2Fv2%2Fcategories&post=34178"},{"taxonomy":"post_tag","embeddable":true,"href":"https:\/\/lametro989.com\/index.php?rest_route=%2Fwp%2Fv2%2Ftags&post=34178"}],"curies":[{"name":"wp","href":"https:\/\/api.w.org\/{rel}","templated":true}]}}