{"id":34214,"date":"2025-12-03T07:44:20","date_gmt":"2025-12-03T10:44:20","guid":{"rendered":"https:\/\/lametro989.com\/?p=34214"},"modified":"2025-12-03T07:44:20","modified_gmt":"2025-12-03T10:44:20","slug":"la-cgt-le-acerco-al-gobierno-una-propuesta-de-un-regimen-laboral-especial-mas-flexible-para-menores-de-30-anos","status":"publish","type":"post","link":"https:\/\/lametro989.com\/?p=34214","title":{"rendered":"La CGT le acerc\u00f3 al Gobierno una propuesta de un r\u00e9gimen laboral especial m\u00e1s flexible para menores de 30 a\u00f1os"},"content":{"rendered":"\n<p>Las personas de esa edad tendr\u00edan menores protecciones frente a empleados con m\u00e1s antig\u00fcedad. La Central Obrera asegura que a\u00fan no recibi\u00f3 el proyecto de reforma de condiciones de trabajo que quiere impulsar Javier Milei.<\/p>\n\n\n\n<figure class=\"wp-block-image size-large\"><img loading=\"lazy\" decoding=\"async\" width=\"1024\" height=\"573\" src=\"https:\/\/lametro989.com\/wp-content\/uploads\/2025\/12\/image-38-1024x573.png\" alt=\"\" class=\"wp-image-34215\" srcset=\"https:\/\/lametro989.com\/wp-content\/uploads\/2025\/12\/image-38-1024x573.png 1024w, https:\/\/lametro989.com\/wp-content\/uploads\/2025\/12\/image-38-300x168.png 300w, https:\/\/lametro989.com\/wp-content\/uploads\/2025\/12\/image-38-768x430.png 768w, https:\/\/lametro989.com\/wp-content\/uploads\/2025\/12\/image-38.png 1440w\" sizes=\"auto, (max-width: 1024px) 100vw, 1024px\" \/><\/figure>\n\n\n\n<p>En medio de las conversaciones por&nbsp;<a href=\"https:\/\/tn.com.ar\/politica\/2025\/12\/01\/la-cgt-endurece-su-postura-frente-a-la-reforma-laboral-pero-espera-el-texto-final-del-gobierno\/\" target=\"_blank\" rel=\"noreferrer noopener\"><strong>la reforma laboral<\/strong>&nbsp;<\/a>que el&nbsp;<a href=\"https:\/\/tn.com.ar\/politica\/2025\/12\/01\/la-cgt-endurece-su-postura-frente-a-la-reforma-laboral-pero-espera-el-texto-final-del-gobierno\/\" target=\"_blank\" rel=\"noreferrer noopener\"><strong>Gobierno&nbsp;<\/strong><\/a>quiere tratar en<a href=\"https:\/\/tn.com.ar\/politica\/2025\/12\/01\/la-cgt-endurece-su-postura-frente-a-la-reforma-laboral-pero-espera-el-texto-final-del-gobierno\/\" target=\"_blank\" rel=\"noreferrer noopener\"><strong>sesiones extraordinarias,<\/strong><\/a>&nbsp;la&nbsp;<a href=\"https:\/\/tn.com.ar\/politica\/2025\/12\/01\/la-cgt-endurece-su-postura-frente-a-la-reforma-laboral-pero-espera-el-texto-final-del-gobierno\/\" target=\"_blank\" rel=\"noreferrer noopener\"><strong>CGT&nbsp;<\/strong><\/a>le acerc\u00f3 al oficialismo -de manera extraoficial- un r\u00e9gimen laboral espec\u00edfico de primer empleo para los menores de 30 a\u00f1os.<\/p>\n\n\n\n<p>La idea que se est\u00e1 gestando, mientras el Ejecutivo asegura que ya tiene la reforma laboral lista, busca implementar<strong>\u00a0un esquema diferente al que tienen los trabajadores de dependencias formales.<\/strong> Seg\u00fan indicaron fuentes sindicales, incluir\u00eda a los menores de 30 a\u00f1os y habilitar\u00eda a que tengan<strong>&nbsp;mayor flexibilidad en relaci\u00f3n con el salario, las vacaciones, la jornada laboral y las indemnizaciones, a diferencia que los que est\u00e1n determinados en la Ley de Contrato de Trabajo.<\/strong>&nbsp;Es decir, las personas hasta esa edad tendr\u00edan un escalaf\u00f3n menos de protecci\u00f3n laboral que los que ya est\u00e1n registrados en la actualidad.<\/p>\n\n\n\n<figure class=\"wp-block-image\"><img decoding=\"async\" src=\"https:\/\/tn.com.ar\/resizer\/v2\/el-gobierno-quiere-que-la-reforma-laboral-ingrese-por-el-senado-en-sesiones-extraordinarias-fotos-comunicacion-senado-2D6V6ASZQJEK5JCWATYWU42V7E.jpg?auth=bd4bf08b05e97894086b051ea815b7126c52177438ad5be33303d721acbbdb70&amp;width=767\" alt=\"El Gobierno quiere que la reforma laboral ingrese por el Senado en sesiones extraordinarias.  (Fotos: Comunicaci\u00f3n Senado)\"\/><figcaption class=\"wp-element-caption\">El Gobierno quiere que la reforma laboral ingrese por el Senado en sesiones extraordinarias. (Fotos: Comunicaci\u00f3n Senado)<\/figcaption><\/figure>\n\n\n\n<p>En ese sentido, el boceto de la idea de la CGT buscar\u00eda<strong>&nbsp;mantener la protecci\u00f3n a los trabajadores formalizados desde hace a\u00f1os y cuidar a los nuevos ingresos, aunque en menor medida.&nbsp;<\/strong>Estos \u00faltimos gozar\u00edan de los derechos plenos formales reci\u00e9n cuando cumplan m\u00e1s de 30 a\u00f1os.<\/p>\n\n\n\n<p>Un sector del Ejecutivo que tiene contactos subterr\u00e1neos con los l\u00edderes cegetistas escuch\u00f3 la propuesta. Seg\u00fan pudo saber&nbsp;<strong>TN<\/strong>, de altas fuentes del Gobierno,&nbsp;<strong>la idea no les pareci\u00f3 descabellada a los libertarios.<\/strong>&nbsp;En cambio, sostuvieron que es una medida que&nbsp;<strong>promocionar\u00eda el empleo.<\/strong><\/p>\n\n\n\n<p>En este contexto, la Casa Rosada mantiene el hermetismo sobre el texto de la reforma laboral que -si se cumplen los plazos- ser\u00e1 presentada&nbsp;<strong>el 9 de diciembre con el resto de proyectos oficialistas.<\/strong><\/p>\n\n\n\n<p>Mientras tanto, el oficialismo desliz\u00f3 que el texto ya estar\u00eda completo, en los despachos de Manuel Adorni, Mart\u00edn Menem y Patricia Bullrich. Seg\u00fan indic\u00f3 la exministra de Seguridad,<strong>&nbsp;el modelo de modernizaci\u00f3n laboral ser\u00e1 tratado en primera instancia por la C\u00e1mara Alta, para luego pasar a Diputados si obtiene media sanci\u00f3n.<\/strong><\/p>\n\n\n\n<figure class=\"wp-block-image\"><img decoding=\"async\" src=\"https:\/\/tn.com.ar\/resizer\/v2\/un-sector-del-gobierno-mantiene-contactos-informales-con-integrantes-de-la-cgt-foto-presidencia-FVXCWJK7DBEIPGARJI7W35ISUA.jfif?auth=56c04eb6483d638ab9f8a0b8a55740c970e70b0de64a2784973bc1304682749f&amp;width=767\" alt=\"Un sector del Gobierno mantiene contactos informales con integrantes de la CGT. (Foto: Presidencia)\"\/><figcaption class=\"wp-element-caption\">Un sector del Gobierno mantiene contactos informales con integrantes de la CGT. (Foto: Presidencia)<\/figcaption><\/figure>\n\n\n\n<p>Es por eso que, ahora, resta saber si la CGT lograr\u00e1 modificar en el Congreso alguna parte de la letra chica del documento de LLA, con el aval del Gobierno.<\/p>\n\n\n\n<p>Las negociaciones se dar\u00e1n mientras la Central Obrera endurece su postura frente a la reforma, y<strong>&nbsp;se impacienta por no saber el contenido completo de la misma.&nbsp;<\/strong>Adem\u00e1s, los gremios refuerzan los contactos pol\u00edticos y mantienen prudencia p\u00fablica respecto al tema.<\/p>\n","protected":false},"excerpt":{"rendered":"<p>Las personas de esa edad tendr\u00edan menores protecciones frente a empleados con m\u00e1s antig\u00fcedad. La Central Obrera asegura que a\u00fan no recibi\u00f3 el proyecto de&hellip; <\/p>\n","protected":false},"author":2,"featured_media":34215,"comment_status":"open","ping_status":"open","sticky":false,"template":"","format":"standard","meta":{"footnotes":""},"categories":[9,5],"tags":[],"class_list":["post-34214","post","type-post","status-publish","format-standard","has-post-thumbnail","hentry","category-destacadas","category-politica"],"_links":{"self":[{"href":"https:\/\/lametro989.com\/index.php?rest_route=\/wp\/v2\/posts\/34214","targetHints":{"allow":["GET"]}}],"collection":[{"href":"https:\/\/lametro989.com\/index.php?rest_route=\/wp\/v2\/posts"}],"about":[{"href":"https:\/\/lametro989.com\/index.php?rest_route=\/wp\/v2\/types\/post"}],"author":[{"embeddable":true,"href":"https:\/\/lametro989.com\/index.php?rest_route=\/wp\/v2\/users\/2"}],"replies":[{"embeddable":true,"href":"https:\/\/lametro989.com\/index.php?rest_route=%2Fwp%2Fv2%2Fcomments&post=34214"}],"version-history":[{"count":1,"href":"https:\/\/lametro989.com\/index.php?rest_route=\/wp\/v2\/posts\/34214\/revisions"}],"predecessor-version":[{"id":34216,"href":"https:\/\/lametro989.com\/index.php?rest_route=\/wp\/v2\/posts\/34214\/revisions\/34216"}],"wp:featuredmedia":[{"embeddable":true,"href":"https:\/\/lametro989.com\/index.php?rest_route=\/wp\/v2\/media\/34215"}],"wp:attachment":[{"href":"https:\/\/lametro989.com\/index.php?rest_route=%2Fwp%2Fv2%2Fmedia&parent=34214"}],"wp:term":[{"taxonomy":"category","embeddable":true,"href":"https:\/\/lametro989.com\/index.php?rest_route=%2Fwp%2Fv2%2Fcategories&post=34214"},{"taxonomy":"post_tag","embeddable":true,"href":"https:\/\/lametro989.com\/index.php?rest_route=%2Fwp%2Fv2%2Ftags&post=34214"}],"curies":[{"name":"wp","href":"https:\/\/api.w.org\/{rel}","templated":true}]}}