{"id":34217,"date":"2025-12-03T07:48:08","date_gmt":"2025-12-03T10:48:08","guid":{"rendered":"https:\/\/lametro989.com\/?p=34217"},"modified":"2025-12-03T07:48:08","modified_gmt":"2025-12-03T10:48:08","slug":"el-gobierno-establecio-el-aumento-del-salario-minimo-hasta-agosto-de-2026-como-queda-el-basico-y-la-hora","status":"publish","type":"post","link":"https:\/\/lametro989.com\/?p=34217","title":{"rendered":"El Gobierno estableci\u00f3 el aumento del salario m\u00ednimo hasta agosto de 2026: c\u00f3mo queda el b\u00e1sico y la hora"},"content":{"rendered":"\n<p>Tras el fracaso de las negociaciones en el Consejo del Salario, el Gobierno laud\u00f3 y defini\u00f3 que el ingreso b\u00e1sico se incrementar\u00e1 de forma escalonada entre noviembre y agosto de 2026.<\/p>\n\n\n\n<figure class=\"wp-block-image size-large\"><img loading=\"lazy\" decoding=\"async\" width=\"1024\" height=\"573\" src=\"https:\/\/lametro989.com\/wp-content\/uploads\/2025\/12\/image-39-1024x573.png\" alt=\"\" class=\"wp-image-34218\" srcset=\"https:\/\/lametro989.com\/wp-content\/uploads\/2025\/12\/image-39-1024x573.png 1024w, https:\/\/lametro989.com\/wp-content\/uploads\/2025\/12\/image-39-300x168.png 300w, https:\/\/lametro989.com\/wp-content\/uploads\/2025\/12\/image-39-768x430.png 768w, https:\/\/lametro989.com\/wp-content\/uploads\/2025\/12\/image-39.png 1440w\" sizes=\"auto, (max-width: 1024px) 100vw, 1024px\" \/><\/figure>\n\n\n\n<p>El Gobierno oficializ\u00f3 un&nbsp;<strong>aumento de 16,8%&nbsp;<\/strong>para el<a href=\"https:\/\/tn.com.ar\/economia\/2024\/12\/19\/se-reune-el-consejo-que-define-la-suba-del-salario-minimo-que-reclaman-los-gremios\/\"><strong>salario m\u00ednimo, vital y m\u00f3vil<\/strong><\/a>, que se aplicar\u00e1 en&nbsp;<strong>diez tramos&nbsp;<\/strong>hasta&nbsp;<strong>agosto<\/strong>&nbsp;de 2026, cuando llegar\u00e1 a&nbsp;<strong>$376.600<\/strong>. Con la decisi\u00f3n, desde&nbsp;<strong>noviembre&nbsp;<\/strong>pasar\u00e1 de $322.200 a&nbsp;<strong>$334.800<\/strong>.<\/p>\n\n\n\n<p>La remuneraci\u00f3n b\u00e1sica cierra 2025 con un ajuste de 19,69%, muy por debajo de la inflaci\u00f3n acumulada. El incremento fue fijado por el Ejecutivo tras el fracaso del&nbsp;<a href=\"https:\/\/tn.com.ar\/economia\/2025\/11\/26\/se-reune-el-consejo-que-define-la-suba-del-salario-minimo-la-ultima-actualizacion-se-hizo-en-agosto\/\"><strong>Consejo del Salario<\/strong><\/a>. El 26 de noviembre, los gremios y empresarios no llegaron a un acuerdo sobre las cifras de la remuneraci\u00f3n b\u00e1sica y el secretario de Trabajo, Julio Cordero, laud\u00f3.<\/p>\n\n\n\n<p>La medida fue formalizada mediante la resoluci\u00f3n 9, publicada este mi\u00e9rcoles 3 de diciembre en el Bolet\u00edn Oficial. El alza del salario m\u00ednimo impacta en m\u00e1s de seis millones de trabajadores formales y sirve de par\u00e1metro para los informales, que se calculan son el 40% del total.<\/p>\n\n\n\n<h2 class=\"wp-block-heading\">Aumenta el salario m\u00ednimo: c\u00f3mo queda la hora y el mes<\/h2>\n\n\n\n<p>Por laudo oficial, se estableci\u00f3 un alza de&nbsp;<strong>16,8%&nbsp;<\/strong>en 10 tramos para el sueldo b\u00e1sico. Los nuevos montos del salario m\u00ednimo quedaron de la siguiente manera:<\/p>\n\n\n\n<ul class=\"wp-block-list\">\n<li><strong>Noviembre 2025<\/strong>: el salario m\u00ednimo para los trabajadores\u00a0<strong>mensualizados\u00a0<\/strong>llega a<strong>\u00a0$328.400<\/strong>\u00a0y la hora se fij\u00f3 en\u00a0<strong>$1642<\/strong>.<\/li>\n\n\n\n<li><strong>Diciembre 2025<\/strong>:el piso salarial alcanzar\u00e1 los<strong>\u00a0$334.800\u00a0<\/strong>para los\u00a0<strong>trabajadores mensualizados<\/strong>. En caso de los\u00a0<strong>trabajadores jornalizados\u00a0<\/strong>ser\u00e1\u00a0<strong>$1674 por hora<\/strong>.<\/li>\n\n\n\n<li><strong>Enero 2026<\/strong>: el salario m\u00ednimo subir\u00e1 a\u00a0<strong>$341.000\u00a0<\/strong>para aquellos que tengan\u00a0<strong>jornada completa<\/strong>, mientras se elevar\u00e1 a\u00a0<strong>$1705<\/strong>\u00a0<strong>la hora<\/strong>\u00a0para los<strong>\u00a0trabajadores jornalizados<\/strong>.<\/li>\n\n\n\n<li><strong>Febrero 2026<\/strong>: el piso salarial pasar\u00e1 a los<strong>\u00a0$346.800\u00a0<\/strong>para los\u00a0<strong>trabajadores mensualizados\u00a0<\/strong>y\u00a0<strong>$1734 por hora<\/strong>.<\/li>\n<\/ul>\n\n\n\n<figure class=\"wp-block-image\"><img decoding=\"async\" src=\"https:\/\/tn.com.ar\/resizer\/v2\/aumenta-el-salario-minimo-como-queda-la-hora-y-el-mes-foto-adobe-stock-U2CLFX7HS5F6RJTPTGZDVOUZJA.jpg?auth=26c0f00cfbb9eb58a7012ea4220c86b7b7eb8c948d69e90d5b26dcb624f0062f&amp;width=767\" alt=\"Aumenta el salario m\u00ednimo: c\u00f3mo queda la hora y el mes (Foto: Adobe Stock)\"\/><figcaption class=\"wp-element-caption\">Aumenta el salario m\u00ednimo: c\u00f3mo queda la hora y el mes (Foto: Adobe Stock)<\/figcaption><\/figure>\n\n\n\n<ul class=\"wp-block-list\">\n<li><strong>Marzo 2026<\/strong>: el sueldo b\u00e1sico llegar\u00e1 a\u00a0<strong>$352.400\u00a0<\/strong>para aquellos que tengan\u00a0<strong>jornada completa<\/strong>, mientras se elevar\u00e1 a\u00a0<strong>$1762 la hora<\/strong>\u00a0para los<strong>\u00a0trabajadores jornalizados<\/strong>.<\/li>\n\n\n\n<li><strong>Abril 2026:\u00a0<\/strong>la remuneraci\u00f3n m\u00ednima ser\u00e1 de\u00a0<strong>$357.800<\/strong>\u00a0y\u00a0<strong>$1789<\/strong>\u00a0por hora.<\/li>\n\n\n\n<li><strong>Mayo 2026<\/strong>: alcanzar\u00e1 los\u00a0<strong>$363.000\u00a0<\/strong>para los\u00a0trabajadores mensualizados<strong>\u00a0y $1815\u00a0<\/strong>para los jornalizados.<\/li>\n\n\n\n<li><strong>Junio 2026<\/strong>: el sueldo m\u00ednimo pasar\u00e1 a\u00a0<strong>$367.800<\/strong>\u00a0y la hora a\u00a0<strong>$1839<\/strong>.<\/li>\n\n\n\n<li><strong>Julio 2026:\u00a0<\/strong>el piso salarial llegar\u00e1 a<strong>\u00a0$372.400\u00a0<\/strong>para los\u00a0<strong>trabajadores mensualizados\u00a0<\/strong>y\u00a0<strong>$1862 por hora<\/strong>.<\/li>\n\n\n\n<li><strong>Agosto 2026:\u00a0<\/strong>el sueldo b\u00e1sico subir\u00e1 a\u00a0<strong>$376.600\u00a0<\/strong>para aquellos que tengan\u00a0<strong>jornada completa<\/strong>, mientras se elevar\u00e1 a\u00a0<strong>$1883<\/strong>\u00a0<strong>la hora<\/strong>\u00a0para los<strong>\u00a0trabajadores jornalizados<\/strong>.<\/li>\n<\/ul>\n\n\n\n<p><em><strong>Le\u00e9 tambi\u00e9n:&nbsp;<\/strong><\/em><a href=\"https:\/\/tn.com.ar\/economia\/2025\/12\/02\/cuanto-cobra-un-albanil-por-hora-en-diciembre-de-2025\/\"><em><strong>Cu\u00e1nto cobra un alba\u00f1il por hora en diciembre de 2025<\/strong><\/em><\/a><\/p>\n\n\n\n<h2 class=\"wp-block-heading\">Qu\u00e9 pasa con la prestaci\u00f3n por desempleo<\/h2>\n\n\n\n<p>La Secretar\u00eda de Trabajo tambi\u00e9n actualiz\u00f3 los montos de la prestaci\u00f3n por&nbsp;<strong>desempleo<\/strong>.<\/p>\n\n\n\n<p>El beneficio ser\u00e1 equivalente al<strong>&nbsp;75% del salario mensual<\/strong>&nbsp;neto m\u00e1s alto que el trabajador haya percibido en los seis meses previos al final de la relaci\u00f3n laboral.<\/p>\n\n\n\n<p>Adem\u00e1s, contar\u00e1 con un piso y un tope directamente vinculados al sueldo b\u00e1sico:&nbsp;<strong>en ning\u00fan caso podr\u00e1 ser inferior al 50% del salario m\u00ednimo vigente ni superior al 100%<\/strong>.<\/p>\n\n\n\n<figure class=\"wp-block-image\"><img decoding=\"async\" src=\"https:\/\/tn.com.ar\/resizer\/v2\/la-secretaria-de-trabajo-tambien-actualizo-los-montos-de-la-prestacion-por-desempleo-foto-adobe-stock-F5FM355UH5BT5MXA5WZKVYWKF4.jpeg?auth=f464d78750947c3421cacaa12b7b9425964f8b139ea5937b03573c0aa76ed809&amp;width=767\" alt=\"La Secretar\u00eda de Trabajo tambi\u00e9n actualiz\u00f3 los montos de la prestaci\u00f3n por\u00a0desempleo. (Foto: Adobe Stock).\"\/><figcaption class=\"wp-element-caption\">La Secretar\u00eda de Trabajo tambi\u00e9n actualiz\u00f3 los montos de la prestaci\u00f3n por&nbsp;desempleo. (Foto: Adobe Stock).<\/figcaption><\/figure>\n\n\n\n<h2 class=\"wp-block-heading\">Qu\u00e9 incremento ped\u00edan los gremios para el salario m\u00ednimo<\/h2>\n\n\n\n<p>El 26 de noviembre se reuni\u00f3 el&nbsp;<strong>Consejo del Salario&nbsp;<\/strong>para actualizar los montos del&nbsp;<strong>salario m\u00ednimo<\/strong>.Durante la reuni\u00f3n entre empresarios y sindicalistas, los representantes de los trabajadores reclamaron que el haber m\u00ednimo alcance los&nbsp;<strong>$736.000<\/strong>.<\/p>\n\n\n\n<p>Tras la falta de acuerdo, el secretario de Trabajo,&nbsp;<strong>Julio Cordero<\/strong>, oficializ\u00f3 un nuevo aumento de la remuneraci\u00f3n b\u00e1sica mediante&nbsp;<strong>laudo<\/strong>.<\/p>\n\n\n\n<p>De esta manera, el sueldo b\u00e1sico cierra el 2025 con un incremento del&nbsp;<strong>19,69%<\/strong>, por debajo de la inflaci\u00f3n acumulada (31,3% hasta octubre).<\/p>\n","protected":false},"excerpt":{"rendered":"<p>Tras el fracaso de las negociaciones en el Consejo del Salario, el Gobierno laud\u00f3 y defini\u00f3 que el ingreso b\u00e1sico se incrementar\u00e1 de forma escalonada&hellip; <\/p>\n","protected":false},"author":2,"featured_media":34218,"comment_status":"open","ping_status":"open","sticky":false,"template":"","format":"standard","meta":{"footnotes":""},"categories":[9,5],"tags":[],"class_list":["post-34217","post","type-post","status-publish","format-standard","has-post-thumbnail","hentry","category-destacadas","category-politica"],"_links":{"self":[{"href":"https:\/\/lametro989.com\/index.php?rest_route=\/wp\/v2\/posts\/34217","targetHints":{"allow":["GET"]}}],"collection":[{"href":"https:\/\/lametro989.com\/index.php?rest_route=\/wp\/v2\/posts"}],"about":[{"href":"https:\/\/lametro989.com\/index.php?rest_route=\/wp\/v2\/types\/post"}],"author":[{"embeddable":true,"href":"https:\/\/lametro989.com\/index.php?rest_route=\/wp\/v2\/users\/2"}],"replies":[{"embeddable":true,"href":"https:\/\/lametro989.com\/index.php?rest_route=%2Fwp%2Fv2%2Fcomments&post=34217"}],"version-history":[{"count":1,"href":"https:\/\/lametro989.com\/index.php?rest_route=\/wp\/v2\/posts\/34217\/revisions"}],"predecessor-version":[{"id":34219,"href":"https:\/\/lametro989.com\/index.php?rest_route=\/wp\/v2\/posts\/34217\/revisions\/34219"}],"wp:featuredmedia":[{"embeddable":true,"href":"https:\/\/lametro989.com\/index.php?rest_route=\/wp\/v2\/media\/34218"}],"wp:attachment":[{"href":"https:\/\/lametro989.com\/index.php?rest_route=%2Fwp%2Fv2%2Fmedia&parent=34217"}],"wp:term":[{"taxonomy":"category","embeddable":true,"href":"https:\/\/lametro989.com\/index.php?rest_route=%2Fwp%2Fv2%2Fcategories&post=34217"},{"taxonomy":"post_tag","embeddable":true,"href":"https:\/\/lametro989.com\/index.php?rest_route=%2Fwp%2Fv2%2Ftags&post=34217"}],"curies":[{"name":"wp","href":"https:\/\/api.w.org\/{rel}","templated":true}]}}