{"id":34244,"date":"2025-12-04T08:05:02","date_gmt":"2025-12-04T11:05:02","guid":{"rendered":"https:\/\/lametro989.com\/?p=34244"},"modified":"2025-12-04T08:05:02","modified_gmt":"2025-12-04T11:05:02","slug":"gustavo-martinez-voy-a-militar-para-eliminar-el-peronismo-de-perez-pons-y-de-guillermina","status":"publish","type":"post","link":"https:\/\/lametro989.com\/?p=34244","title":{"rendered":"Gustavo Mart\u00ednez: &#8220;Voy a militar para eliminar el peronismo de P\u00e9rez Pons y de Guillermina&#8221;"},"content":{"rendered":"\n<p>Cuestion\u00f3 con dureza la conducci\u00f3n de Jorge Capitanich y acus\u00f3 a su hija Guillermina y a Santiago P\u00e9rez Pons de haber desviado el rumbo del PJ. Se\u00f1al\u00f3 un proceso de concentraci\u00f3n de poder y destrato. &#8220;Se quiso sustituir la militancia peronista por mercenarios rentados&#8221;, acus\u00f3 sobre el manejo con los piqueteros. El ex intendente de Resistencia y ex diputado,\u00a0<strong>Gustavo Mart\u00ednez<\/strong>, hizo un duro an\u00e1lisis de la situaci\u00f3n partidaria del PJ chaque\u00f1o, advirtiedno que dar\u00e1 el debate interno para modificar el modelo actual. este fue el di\u00e1logo que mantuvo con\u00a0<strong>Diario Chaco<\/strong>.<\/p>\n\n\n\n<figure class=\"wp-block-image size-full\"><img loading=\"lazy\" decoding=\"async\" width=\"1024\" height=\"768\" src=\"https:\/\/lametro989.com\/wp-content\/uploads\/2025\/12\/image-49.png\" alt=\"\" class=\"wp-image-34245\" srcset=\"https:\/\/lametro989.com\/wp-content\/uploads\/2025\/12\/image-49.png 1024w, https:\/\/lametro989.com\/wp-content\/uploads\/2025\/12\/image-49-300x225.png 300w, https:\/\/lametro989.com\/wp-content\/uploads\/2025\/12\/image-49-768x576.png 768w\" sizes=\"auto, (max-width: 1024px) 100vw, 1024px\" \/><\/figure>\n\n\n\n<p><em>&#8211; Vos arrancaste de adolescente, \u00bfcu\u00e1ntos a\u00f1os de trayectoria dentro del peronismo suma Gustavo Mart\u00ednez?<\/em> Bueno, en la militancia peronista hace much\u00edsimos a\u00f1os. S\u00ed, s\u00ed, hace m\u00e1s de 35 a\u00f1os, acompa\u00f1ando a mi padre y a mi madre en la militancia del peronismo. Desde muy chiquito tuve la oportunidad de compartir el \u00e1mbito pol\u00edtico con el escribano\u00a0<strong>Deolindo Felipe Bittel, con Alberto Torresagasti<\/strong>, don Toto y acompa\u00f1ar muy de cerca de\u00a0<strong>Carlos y Florencio Tenev<\/strong>, en el \u00faltimo tramo de su trayectoria pol\u00edtica.<em> Con esa experiencia, \u00bfc\u00f3mo ves el partido hoy y si alguna vez lo viste en una situaci\u00f3n similar al peronismo de Chaco?<\/em> Bueno, s\u00ed, ya lo vi en otras oportunidades. Siempre hay una intenci\u00f3n de generar un trasvasamiento generacional hereditario. Se dio en los a\u00f1os 90 tambi\u00e9n, en la \u00faltima etapa del gobierno del doctor (<strong>Danilo) Baroni<\/strong>, que finaliz\u00f3 en 1991. Ah\u00ed se intent\u00f3 un trasvasamiento forzado con la inserci\u00f3n de familiares del gobernador y familiares del escribano Bittel, apareciendo en la escena pol\u00edtica con una nueva camada de dirigentes. En aquel momento, muy jovencita, con 20 y pico de a\u00f1os, por ejemplo, asumi\u00f3\u00a0<strong>Cecilia (Baroni)<\/strong>\u00a0como secretaria general de la Gobernaci\u00f3n, tratando de manejar todo. Nos llevaron a una elecci\u00f3n general con varios candidatos a gobernador del PJ y finalmente gan\u00f3 Acci\u00f3n Chaque\u00f1a por apenas 3.000 votos. Creo que ahora vivimos el mismo proceso. Es que cuando alguien tiene el poder, intenta heredarlo. Y eso hace mucho da\u00f1o. <em>\u00bfVos cre\u00e9s que Capitanich no est\u00e1 preparando el terreno para los intendentes, como \u00e9l dice, sino para instalar a su hija Guillermina con otro sector joven?<\/em><\/p>\n\n\n\n<figure class=\"wp-block-embed is-type-video is-provider-youtube wp-block-embed-youtube wp-embed-aspect-16-9 wp-has-aspect-ratio\"><div class=\"wp-block-embed__wrapper\">\n<iframe loading=\"lazy\" title=\"Gustavo Mart\u00ednez: &quot;Voy a militar para eliminar el peronismo de P\u00e9rez Pons y de Guillermina&quot;\" width=\"790\" height=\"444\" src=\"https:\/\/www.youtube.com\/embed\/vYQBlQN5FI4?feature=oembed\" frameborder=\"0\" allow=\"accelerometer; autoplay; clipboard-write; encrypted-media; gyroscope; picture-in-picture; web-share\" referrerpolicy=\"strict-origin-when-cross-origin\" allowfullscreen><\/iframe>\n<\/div><\/figure>\n","protected":false},"excerpt":{"rendered":"<p>Cuestion\u00f3 con dureza la conducci\u00f3n de Jorge Capitanich y acus\u00f3 a su hija Guillermina y a Santiago P\u00e9rez Pons de haber desviado el rumbo del&hellip; <\/p>\n","protected":false},"author":2,"featured_media":34245,"comment_status":"open","ping_status":"open","sticky":false,"template":"","format":"standard","meta":{"footnotes":""},"categories":[9,5],"tags":[],"class_list":["post-34244","post","type-post","status-publish","format-standard","has-post-thumbnail","hentry","category-destacadas","category-politica"],"_links":{"self":[{"href":"https:\/\/lametro989.com\/index.php?rest_route=\/wp\/v2\/posts\/34244","targetHints":{"allow":["GET"]}}],"collection":[{"href":"https:\/\/lametro989.com\/index.php?rest_route=\/wp\/v2\/posts"}],"about":[{"href":"https:\/\/lametro989.com\/index.php?rest_route=\/wp\/v2\/types\/post"}],"author":[{"embeddable":true,"href":"https:\/\/lametro989.com\/index.php?rest_route=\/wp\/v2\/users\/2"}],"replies":[{"embeddable":true,"href":"https:\/\/lametro989.com\/index.php?rest_route=%2Fwp%2Fv2%2Fcomments&post=34244"}],"version-history":[{"count":1,"href":"https:\/\/lametro989.com\/index.php?rest_route=\/wp\/v2\/posts\/34244\/revisions"}],"predecessor-version":[{"id":34246,"href":"https:\/\/lametro989.com\/index.php?rest_route=\/wp\/v2\/posts\/34244\/revisions\/34246"}],"wp:featuredmedia":[{"embeddable":true,"href":"https:\/\/lametro989.com\/index.php?rest_route=\/wp\/v2\/media\/34245"}],"wp:attachment":[{"href":"https:\/\/lametro989.com\/index.php?rest_route=%2Fwp%2Fv2%2Fmedia&parent=34244"}],"wp:term":[{"taxonomy":"category","embeddable":true,"href":"https:\/\/lametro989.com\/index.php?rest_route=%2Fwp%2Fv2%2Fcategories&post=34244"},{"taxonomy":"post_tag","embeddable":true,"href":"https:\/\/lametro989.com\/index.php?rest_route=%2Fwp%2Fv2%2Ftags&post=34244"}],"curies":[{"name":"wp","href":"https:\/\/api.w.org\/{rel}","templated":true}]}}