{"id":34247,"date":"2025-12-04T08:08:21","date_gmt":"2025-12-04T11:08:21","guid":{"rendered":"https:\/\/lametro989.com\/?p=34247"},"modified":"2025-12-04T08:08:21","modified_gmt":"2025-12-04T11:08:21","slug":"atraparon-al-hombre-acusado-de-apunalar-a-su-pareja-e-hijo-de-4-anos-en-machagai","status":"publish","type":"post","link":"https:\/\/lametro989.com\/?p=34247","title":{"rendered":"Atraparon al hombre acusado de apu\u00f1alar a su pareja e hijo de 4 a\u00f1os en Machagai"},"content":{"rendered":"\n<p>La Polic\u00eda inform\u00f3 que el agresor intentaba abandonar la provincia, ya que tiene domicilio en Buenos Aires. La mujer fue dada de alta, mientras que el ni\u00f1o debi\u00f3 ser derivado a Resistencia por la gravedad de la herida.\u00a0<\/p>\n\n\n\n<figure class=\"wp-block-image size-full\"><img loading=\"lazy\" decoding=\"async\" width=\"850\" height=\"549\" src=\"https:\/\/lametro989.com\/wp-content\/uploads\/2025\/12\/image-50.png\" alt=\"\" class=\"wp-image-34248\" srcset=\"https:\/\/lametro989.com\/wp-content\/uploads\/2025\/12\/image-50.png 850w, https:\/\/lametro989.com\/wp-content\/uploads\/2025\/12\/image-50-300x194.png 300w, https:\/\/lametro989.com\/wp-content\/uploads\/2025\/12\/image-50-768x496.png 768w\" sizes=\"auto, (max-width: 850px) 100vw, 850px\" \/><\/figure>\n\n\n\n<p>Un intenso operativo policial desplegado entre Machagai, Quitilipi y Colonia Aborigen permiti\u00f3 la detenci\u00f3n de Pablo Avalos, de 24 a\u00f1os,&nbsp;<strong>acusado de atacar con un cuchillo a su pareja, de 23 a\u00f1os y a su hijo de 4 a\u00f1os, quienes resultaron heridos en el cuello.<\/strong>&nbsp;El hombre hab\u00eda escapado tras el ataque y la Polic\u00eda mont\u00f3 un amplio operativo para evitar que saliera de la provincia.<\/p>\n\n\n\n<p>El hecho<strong>&nbsp;ocurri\u00f3 el 3 de diciembre a las 14:10 en Machagai, cuando la mujer ingres\u00f3 por sus propios medios al hospital local junto al ni\u00f1o<\/strong>, ambos con lesiones de arma blanca. Seg\u00fan establecieron los investigadores, el agresor fue Pablo Avalos, pareja de la joven y padre del menor.<\/p>\n\n\n\n<p>La hermana de la v\u00edctima declar\u00f3 que la discusi\u00f3n entre ambos escal\u00f3 hasta que Avalos tom\u00f3 un cuchillo y le produjo un corte en el cuello a la v\u00edctima. Luego atac\u00f3 al ni\u00f1o, al que tambi\u00e9n hiri\u00f3 en el cuello, y escap\u00f3 en una motocicleta Lifan 150 roja y negra.\u00a0<strong>La Polic\u00eda inform\u00f3 que el agresor intentaba abandonar la provincia, ya que tiene domicilio en Buenos Aires.<\/strong> <\/p>\n\n\n\n<p>El Fiscal de turno, Dr. Collado, orden\u00f3 la intervenci\u00f3n del Gabinete Cient\u00edfico y la inmediata detenci\u00f3n del sospechoso. Se convoc\u00f3 a todas las unidades policiales de la zona, incluyendo Investigaciones Complejas, Polic\u00eda Rural, Caminera y comisar\u00edas de localidades vecinas.<\/p>\n\n\n\n<p><strong>Durante las primeras pericias en la vivienda, secuestraron documentaci\u00f3n, tarjetas bancarias y un tel\u00e9fono celular pertenecientes al agresor.<\/strong><\/p>\n\n\n\n<h2 class=\"wp-block-heading\"><strong>ESTADO DE LAS V\u00cdCTIMAS<\/strong><\/h2>\n\n\n\n<p>En el Hospital 4 de Junio de S\u00e1enz Pe\u00f1a,<strong>\u00a0los m\u00e9dicos confirmaron que: la mujer sufri\u00f3 una herida punzocortante superficial en el cuello, fue suturada y dada de alta,<\/strong>\u00a0mientras que el ni\u00f1o\u00a0<strong>de 4 a\u00f1os present\u00f3 una lesi\u00f3n vascular por herida punzocortante en el cuello y fue derivado al Hospital Pedi\u00e1trico de Resistencia debido a la gravedad de la lesi\u00f3n.<\/strong> <\/p>\n\n\n\n<h2 class=\"wp-block-heading\"><strong>LA PERSECUCI\u00d3N Y CAPTURA<\/strong><\/h2>\n\n\n\n<p>Tras conocerse que Avalos hab\u00eda sido visto cerca de la casa de su madre intentando escapar nuevamente, se activ\u00f3 un Operativo C-Rojo bajo supervisi\u00f3n del Crio. Insp. Pablo Coronel.<\/p>\n\n\n\n<p>Finalmente,<strong>&nbsp;alrededor de las 00:10 del 4 de diciembre, personal del servicio externo de la Comisar\u00eda de Quitilipi observ\u00f3 una motocicleta a alta velocidad sobre un camino rural de la ex Ruta 16.<\/strong>&nbsp;Tras interceptarla, identificaron al conductor como Pablo Avalos, quien fue reducido y detenido.<\/p>\n\n\n\n<figure class=\"wp-block-image\"><img decoding=\"async\" src=\"https:\/\/www.diariochaco.com\/content\/bucket\/7\/651507w790h685c.jpg.webp\" alt=\"\"\/><figcaption class=\"wp-element-caption\">Secuestros<\/figcaption><\/figure>\n\n\n\n<p>En su poder llevaba: la motocicleta Lifan LF 150 cc, un cuchillo de aproximadamente 12 cm, un tel\u00e9fono Samsung A03 Core, un casco, ropa, un cargador y otros elementos personales.<\/p>\n\n\n\n<p>El detenido ser\u00e1 trasladado a la Comisar\u00eda de Machagai, donde se instruye la causa por &#8220;Tentativa de homicidio&#8221;.<\/p>\n","protected":false},"excerpt":{"rendered":"<p>La Polic\u00eda inform\u00f3 que el agresor intentaba abandonar la provincia, ya que tiene domicilio en Buenos Aires. La mujer fue dada de alta, mientras que&hellip; <\/p>\n","protected":false},"author":2,"featured_media":34248,"comment_status":"open","ping_status":"open","sticky":false,"template":"","format":"standard","meta":{"footnotes":""},"categories":[9,2],"tags":[],"class_list":["post-34247","post","type-post","status-publish","format-standard","has-post-thumbnail","hentry","category-destacadas","category-provinciales"],"_links":{"self":[{"href":"https:\/\/lametro989.com\/index.php?rest_route=\/wp\/v2\/posts\/34247","targetHints":{"allow":["GET"]}}],"collection":[{"href":"https:\/\/lametro989.com\/index.php?rest_route=\/wp\/v2\/posts"}],"about":[{"href":"https:\/\/lametro989.com\/index.php?rest_route=\/wp\/v2\/types\/post"}],"author":[{"embeddable":true,"href":"https:\/\/lametro989.com\/index.php?rest_route=\/wp\/v2\/users\/2"}],"replies":[{"embeddable":true,"href":"https:\/\/lametro989.com\/index.php?rest_route=%2Fwp%2Fv2%2Fcomments&post=34247"}],"version-history":[{"count":1,"href":"https:\/\/lametro989.com\/index.php?rest_route=\/wp\/v2\/posts\/34247\/revisions"}],"predecessor-version":[{"id":34249,"href":"https:\/\/lametro989.com\/index.php?rest_route=\/wp\/v2\/posts\/34247\/revisions\/34249"}],"wp:featuredmedia":[{"embeddable":true,"href":"https:\/\/lametro989.com\/index.php?rest_route=\/wp\/v2\/media\/34248"}],"wp:attachment":[{"href":"https:\/\/lametro989.com\/index.php?rest_route=%2Fwp%2Fv2%2Fmedia&parent=34247"}],"wp:term":[{"taxonomy":"category","embeddable":true,"href":"https:\/\/lametro989.com\/index.php?rest_route=%2Fwp%2Fv2%2Fcategories&post=34247"},{"taxonomy":"post_tag","embeddable":true,"href":"https:\/\/lametro989.com\/index.php?rest_route=%2Fwp%2Fv2%2Ftags&post=34247"}],"curies":[{"name":"wp","href":"https:\/\/api.w.org\/{rel}","templated":true}]}}