{"id":3427,"date":"2023-09-10T23:27:50","date_gmt":"2023-09-11T02:27:50","guid":{"rendered":"https:\/\/lametro989.com\/?p=3427"},"modified":"2023-09-10T23:50:18","modified_gmt":"2023-09-11T02:50:18","slug":"no-van-a-tener-donde-esconderse-el-peligroso-mensaje-de-patricia-bullrich-contra-el-kirchnerismo","status":"publish","type":"post","link":"https:\/\/lametro989.com\/?p=3427","title":{"rendered":"&#8220;No van a tener d\u00f3nde esconderse&#8221;: el peligroso mensaje de Patricia Bullrich contra &#8220;el kirchnerismo&#8221;"},"content":{"rendered":"\n<p><div class=\"row\"><div class=\"col-12\"><section class=\"section-detail-header\" data-td-script-src=\"https:\/\/www.minutouno.com\/js-custom\/150\/jquery-3.3.1.min-min-version-1617075256.js,https:\/\/www.minutouno.com\/js-custom\/150\/jquery.cookie.min-min-version-1583246229.js,https:\/\/www.minutouno.com\/js-custom\/150\/detail-min-version-1630528706.js\"><div class=\"detail-header\"><div class=\"detail-header-wrapper\"><h2 class=\"excerpt\">La candidata de Juntos por el Cambio que en las PASO  apoy\u00f3 a otro precandidato, este domingo celebr\u00f3 el triunfo de Maxi  Pullaro y se despach\u00f3 con un violento mensaje.<\/h2><\/div><\/div><\/section><\/div><\/div><\/p>\n\n\n\n<figure class=\"wp-block-image size-full\"><img loading=\"lazy\" decoding=\"async\" width=\"610\" height=\"488\" src=\"https:\/\/lametro989.com\/wp-content\/uploads\/2023\/09\/imagen-100.png\" alt=\"\" class=\"wp-image-3428\" srcset=\"https:\/\/lametro989.com\/wp-content\/uploads\/2023\/09\/imagen-100.png 610w, https:\/\/lametro989.com\/wp-content\/uploads\/2023\/09\/imagen-100-300x240.png 300w\" sizes=\"auto, (max-width: 610px) 100vw, 610px\" \/><\/figure>\n\n\n\n<p><strong>Maximiliano Pullaro<\/strong> arras\u00f3 este domingo en <a href=\"https:\/\/www.minutouno.com\/politica\/santa-fe\/elecciones-elegir-gobernador-los-resultados-n5817011\" target=\"_blank\" rel=\"noreferrer noopener\">las elecciones a gobernador en <strong>Santa Fe<\/strong><\/a>, y si bien <strong>Patricia Bullrich<\/strong> hab\u00eda apoyado en la interna a <strong>Carolina Losada<\/strong>, se subi\u00f3 a la victoria y apunt\u00f3 contra &#8220;el kirchnerismo&#8221; con un peligroso mensaje.<\/p>\n\n\n\n<p>&#8220;Hoy en Santa Fe ratificamos que estamos frente a la oportunidad hist\u00f3rica de derrotar, de una vez y para siempre, al kirchnerismo. Felicitaciones para @maxipullaro y @GiScaglia por este gran triunfo. Los santafesinos dieron un paso gigante para empezar a ordenar su provincia&#8221;, escribi\u00f3 la candidata presidencial junto con una foto con la f\u00f3rmula vencedera. En esta l\u00ednea, <strong>Bullrich llam\u00f3 a &#8220;desterrar al kirchnerismo<\/strong> que tanto da\u00f1o le hizo a nuestro pa\u00eds&#8221;, y dispar\u00f3: &#8220;Ganando Santa Fe, luego Mendoza, Chaco, Entre R\u00edos y la provincia de Buenos Aires, <strong>no van a tener d\u00f3nde esconderse<\/strong>. Cada vez falta menos. El verdadero cambio, el \u00fanico cambio real, est\u00e1 en marcha. \u00a1Vamos!&#8221;.<\/p>\n","protected":false},"excerpt":{"rendered":"<p>La candidata de Juntos por el Cambio que en las PASO apoy\u00f3 a otro precandidato, este domingo celebr\u00f3 el triunfo de Maxi Pullaro y se&hellip; <\/p>\n","protected":false},"author":2,"featured_media":3428,"comment_status":"open","ping_status":"open","sticky":false,"template":"","format":"standard","meta":{"footnotes":""},"categories":[9,13],"tags":[],"class_list":["post-3427","post","type-post","status-publish","format-standard","has-post-thumbnail","hentry","category-destacadas","category-nacionales"],"_links":{"self":[{"href":"https:\/\/lametro989.com\/index.php?rest_route=\/wp\/v2\/posts\/3427","targetHints":{"allow":["GET"]}}],"collection":[{"href":"https:\/\/lametro989.com\/index.php?rest_route=\/wp\/v2\/posts"}],"about":[{"href":"https:\/\/lametro989.com\/index.php?rest_route=\/wp\/v2\/types\/post"}],"author":[{"embeddable":true,"href":"https:\/\/lametro989.com\/index.php?rest_route=\/wp\/v2\/users\/2"}],"replies":[{"embeddable":true,"href":"https:\/\/lametro989.com\/index.php?rest_route=%2Fwp%2Fv2%2Fcomments&post=3427"}],"version-history":[{"count":1,"href":"https:\/\/lametro989.com\/index.php?rest_route=\/wp\/v2\/posts\/3427\/revisions"}],"predecessor-version":[{"id":3429,"href":"https:\/\/lametro989.com\/index.php?rest_route=\/wp\/v2\/posts\/3427\/revisions\/3429"}],"wp:featuredmedia":[{"embeddable":true,"href":"https:\/\/lametro989.com\/index.php?rest_route=\/wp\/v2\/media\/3428"}],"wp:attachment":[{"href":"https:\/\/lametro989.com\/index.php?rest_route=%2Fwp%2Fv2%2Fmedia&parent=3427"}],"wp:term":[{"taxonomy":"category","embeddable":true,"href":"https:\/\/lametro989.com\/index.php?rest_route=%2Fwp%2Fv2%2Fcategories&post=3427"},{"taxonomy":"post_tag","embeddable":true,"href":"https:\/\/lametro989.com\/index.php?rest_route=%2Fwp%2Fv2%2Ftags&post=3427"}],"curies":[{"name":"wp","href":"https:\/\/api.w.org\/{rel}","templated":true}]}}