{"id":3430,"date":"2023-09-10T23:32:52","date_gmt":"2023-09-11T02:32:52","guid":{"rendered":"https:\/\/lametro989.com\/?p=3430"},"modified":"2023-09-10T23:32:52","modified_gmt":"2023-09-11T02:32:52","slug":"reclamo-de-soberania-de-malvinas-la-polemica-postura-de-la-posible-canciller-de-javier-milei","status":"publish","type":"post","link":"https:\/\/lametro989.com\/?p=3430","title":{"rendered":"Reclamo de soberan\u00eda de Malvinas: la pol\u00e9mica postura de la posible canciller de Javier Milei"},"content":{"rendered":"\n<p>Diana Mondino brind\u00f3 una entrevista con un medio brit\u00e1nico, donde se despach\u00f3 con declaraciones pro isle\u00f1os.<\/p>\n\n\n\n<figure class=\"wp-block-image size-full\"><img loading=\"lazy\" decoding=\"async\" width=\"610\" height=\"457\" src=\"https:\/\/lametro989.com\/wp-content\/uploads\/2023\/09\/imagen-101.png\" alt=\"\" class=\"wp-image-3431\" srcset=\"https:\/\/lametro989.com\/wp-content\/uploads\/2023\/09\/imagen-101.png 610w, https:\/\/lametro989.com\/wp-content\/uploads\/2023\/09\/imagen-101-300x225.png 300w\" sizes=\"auto, (max-width: 610px) 100vw, 610px\" \/><\/figure>\n\n\n\n<p>Como si no le quedaran temas a <strong>La Libertad Avanza<\/strong> para generar controversias, la posible ministra de Relaciones Exteriores del eventual gobierno de <strong>Javier Milei<\/strong>, <strong>Diana Mondino<\/strong>, se despach\u00f3 con una pol\u00e9mica postura al ser consultada por el reclamo de soberan\u00eda argentina de las <strong>islas Malvinas<\/strong>.<\/p>\n\n\n\n<p>En di\u00e1logo con el medio brit\u00e1nico <em>The Thelegraph<\/em>, la economista asegur\u00f3 que <strong>mantendr\u00e1 \u201cv\u00ednculos m\u00e1s estrechos\u201d con los habitantes de Malvinas<\/strong>, y expres\u00f3: \u201cLos derechos de los isle\u00f1os <strong>ser\u00e1n respetados, <\/strong>deben ser respetados y no se les puede faltar el respeto. El concepto de que se puede imponer a la gente lo que se puede hacer o lo que se debe hacer es muy feudal e ingenuo\u201d.<div class=\"row\"><div class=\"col-12 col-md-12 col-lg-8\"><section class=\"detail-body\"><section class=\"body-content note-body content-protected-false\"><p class=\"paragraph\">Al mismo tiempo, Mondino sostuvo que la Argentina <strong>debe \u201cconvertirse en un pa\u00eds normal\u201d<\/strong> para \u201cbuscar<strong> v\u00ednculos m\u00e1s estrechos\u201d<\/strong>.<\/p><div class=\"embed_cont type_imagen\" id=\"7799662-Libre-329894699_wrap\" contenteditable=\"false\">   <div id=\"7799662-Libre-329894699_content\" class=\"embed_content\"><img decoding=\"async\" data-td-src-property=\"https:\/\/media.minutouno.com\/p\/d2034381dd39182fef416398de44bfa8\/adjuntos\/150\/imagenes\/040\/739\/0040739092\/610x0\/smart\/diana-mondino-javier-mileijpg.jpg\" title=\"\" id=\"7799662-Libre-329894699_embed\" width=\"610\" height=\"\" src=\"https:\/\/media.minutouno.com\/p\/d2034381dd39182fef416398de44bfa8\/adjuntos\/150\/imagenes\/040\/739\/0040739092\/610x0\/smart\/diana-mondino-javier-mileijpg.jpg\" alt=\"\"><\/div>     <\/div><p class=\"paragraph\">Las  declaraciones de la dirigente de LLL surgieron tras ser consultada  sobre el hist\u00f3rico reclamo de soberan\u00eda sobre las Islas Malvinas,  Georgias del Sur y Sandwich del Sur que mantiene el pa\u00eds con Gran  Breta\u00f1a.<\/p><div style=\"width: 100%; max-width: 600px; margin: 10px auto;\" id=\"hybs-mslot-8603-1\" class=\"hybs-mslot\"><\/div><p class=\"paragraph\">Sobre Gran Breta\u00f1a, Mondino los acus\u00f3 de \u201cno hacer un uso razonable de los recursos que hay all\u00ed abajo\u201d.<\/p><\/section><\/section><\/div><\/div>   <\/p>\n","protected":false},"excerpt":{"rendered":"<p>Diana Mondino brind\u00f3 una entrevista con un medio brit\u00e1nico, donde se despach\u00f3 con declaraciones pro isle\u00f1os. Como si no le quedaran temas a La Libertad&hellip; <\/p>\n","protected":false},"author":2,"featured_media":3431,"comment_status":"open","ping_status":"open","sticky":false,"template":"","format":"standard","meta":{"footnotes":""},"categories":[9,5],"tags":[],"class_list":["post-3430","post","type-post","status-publish","format-standard","has-post-thumbnail","hentry","category-destacadas","category-politica"],"_links":{"self":[{"href":"https:\/\/lametro989.com\/index.php?rest_route=\/wp\/v2\/posts\/3430","targetHints":{"allow":["GET"]}}],"collection":[{"href":"https:\/\/lametro989.com\/index.php?rest_route=\/wp\/v2\/posts"}],"about":[{"href":"https:\/\/lametro989.com\/index.php?rest_route=\/wp\/v2\/types\/post"}],"author":[{"embeddable":true,"href":"https:\/\/lametro989.com\/index.php?rest_route=\/wp\/v2\/users\/2"}],"replies":[{"embeddable":true,"href":"https:\/\/lametro989.com\/index.php?rest_route=%2Fwp%2Fv2%2Fcomments&post=3430"}],"version-history":[{"count":1,"href":"https:\/\/lametro989.com\/index.php?rest_route=\/wp\/v2\/posts\/3430\/revisions"}],"predecessor-version":[{"id":3432,"href":"https:\/\/lametro989.com\/index.php?rest_route=\/wp\/v2\/posts\/3430\/revisions\/3432"}],"wp:featuredmedia":[{"embeddable":true,"href":"https:\/\/lametro989.com\/index.php?rest_route=\/wp\/v2\/media\/3431"}],"wp:attachment":[{"href":"https:\/\/lametro989.com\/index.php?rest_route=%2Fwp%2Fv2%2Fmedia&parent=3430"}],"wp:term":[{"taxonomy":"category","embeddable":true,"href":"https:\/\/lametro989.com\/index.php?rest_route=%2Fwp%2Fv2%2Fcategories&post=3430"},{"taxonomy":"post_tag","embeddable":true,"href":"https:\/\/lametro989.com\/index.php?rest_route=%2Fwp%2Fv2%2Ftags&post=3430"}],"curies":[{"name":"wp","href":"https:\/\/api.w.org\/{rel}","templated":true}]}}