{"id":3433,"date":"2023-09-10T23:41:03","date_gmt":"2023-09-11T02:41:03","guid":{"rendered":"https:\/\/lametro989.com\/?p=3433"},"modified":"2023-09-10T23:41:03","modified_gmt":"2023-09-11T02:41:03","slug":"elecciones-santa-fe-2023-en-vivo-maximiliano-pullaro-arraso-en-las-elecciones-y-sera-el-nuevo-gobernador-de-santa-fe","status":"publish","type":"post","link":"https:\/\/lametro989.com\/?p=3433","title":{"rendered":"Elecciones Santa Fe 2023, en vivo: Maximiliano Pullaro arras\u00f3 en las elecciones y ser\u00e1 el nuevo gobernador de Santa Fe"},"content":{"rendered":"\n<p>Con la presencia de Horacio Rodr\u00edguez Larreta y Mart\u00edn Lousteau, el candidato de Unidos para Cambiar duplica en votos al peronismo y se encamina a la Gobernaci\u00f3n. La pelea se enfoca en la Legislatura. Con informaci\u00f3n de Diamela Rodr\u00edguez<\/p>\n\n\n\n<figure class=\"wp-block-image size-full\"><img loading=\"lazy\" decoding=\"async\" width=\"768\" height=\"432\" src=\"https:\/\/lametro989.com\/wp-content\/uploads\/2023\/09\/imagen-102.png\" alt=\"\" class=\"wp-image-3434\" srcset=\"https:\/\/lametro989.com\/wp-content\/uploads\/2023\/09\/imagen-102.png 768w, https:\/\/lametro989.com\/wp-content\/uploads\/2023\/09\/imagen-102-300x169.png 300w\" sizes=\"auto, (max-width: 768px) 100vw, 768px\" \/><\/figure>\n\n\n\n<p>Tanto el presidente<strong> Alberto Fern\u00e1ndez<\/strong> como su antecesor, <strong>Mauricio Macri<\/strong>, felicitaron por las redes sociales a <strong>Maximiliano Pullaro <\/strong>por su triunfo en las elecciones en Santa Fe, donde arras\u00f3 con casi el 60% de los votos, convirti\u00e9ndose as\u00ed en el pr\u00f3ximo gobernador de la provincia.<\/p>\n\n\n\n<p>\u201cLas santafesinas y santafesinos eligieron hoy a su nuevo gobernador. Felicito a Maxi Pullaro por esta elecci\u00f3n y deseo el mejor futuro para toda la provincia de Santa Fe\u201d, fue el corto mensaje que public\u00f3 el actual jefe de Estado en su cuenta de Twitter.<\/p>\n\n\n\n<p><img loading=\"lazy\" decoding=\"async\" alt=\"El posteo de Alberto Fern\u00e1ndez\" src=\"https:\/\/www.infobae.com\/new-resizer\/EzL_xlF0KEU-IV5cvpM9OzOIam4=\/arc-anglerfish-arc2-prod-infobae\/public\/KNH7B4TV4BFTRBU4DPXURMKBPM.PNG\" width=\"883\" height=\"191\">El posteo de Alberto Fern\u00e1ndez<\/p>\n\n\n\n<p>Unos minutos m\u00e1s tarde, el ex mandatario nacional tambi\u00e9n se hizo eco de la noticia: \u201c\u00a1\u00a1\u00a1Vamos Santa Fe!!! Impresionante el triunfo del cambio. Felicitaciones al gobernador electo, Maxi Pullaro, y al equipo. Hoy los santafesinos se expresaron a favor del pa\u00eds con orden, seguridad y oportunidades de progresar a trav\u00e9s del trabajo y del esfuerzo que proponen Maxi y Patricia. Ahora, a trabajar por todos ellos\u201d, coment\u00f3 Macri.<\/p>\n\n\n\n<p><img loading=\"lazy\" decoding=\"async\" alt=\"El mensaje de Macri \" src=\"https:\/\/www.infobae.com\/new-resizer\/TS6BmJXKvqnoK83wsedfRkN5NgE=\/arc-anglerfish-arc2-prod-infobae\/public\/PRHHC7VZXZGBDLVUJK2GDFPDBA.PNG\" width=\"894\" height=\"293\">El mensaje de Macri<\/p>\n\n\n\n<p>22:03 hsHoy<\/p>\n\n\n\n<h2 class=\"wp-block-heading\">Patricia Bullrich: \u201cCon Javkin en la ciudad, con Maxi y Gisele en Santa Fe y conmigo en la Naci\u00f3n, Rosario se libera de los narcos\u201d<\/h2>\n\n\n\n<p><img loading=\"lazy\" decoding=\"async\" alt=\"Pullaro con Bullrich (Captura TV)\" src=\"https:\/\/www.infobae.com\/new-resizer\/z1CiBMoEvFb3qblSgf1TsByXxAg=\/arc-anglerfish-arc2-prod-infobae\/public\/NTBLGQ4JNVBXPF43LFTGMGCWGE.png\" srcset=\"https:\/\/www.infobae.com\/new-resizer\/81BnbXKDziZbFYzjwOm9RaWILnU=\/992x606\/filters:format(webp):quality(85)\/cloudfront-us-east-1.images.arcpublishing.com\/infobae\/NTBLGQ4JNVBXPF43LFTGMGCWGE.png 992w\" width=\"415\" height=\"246\">Pullaro con Bullrich (Captura TV)<\/p>\n\n\n\n<p>La candidata a presidenta por Juntos por el Cambio,<strong> Patricia Bullrich<\/strong>, celebr\u00f3 este domingo el triunfo en Santa Fe y asegur\u00f3 que \u201ccon <strong>Pablo Javkin <\/strong>en Rosario, con <strong>Maximiliano Pullaro<\/strong> y <strong>Gisele Scaglia<\/strong> en Santa Fe\u201d y con ella en la Naci\u00f3n, esa ciudad \u201dse libera de los narcos\u201d.<\/p>\n\n\n\n<p>La ex ministra de la Naci\u00f3n viaj\u00f3 hasta esa localidad para acompa\u00f1ar a Pullaro en los festejos por su consagraci\u00f3n como gobernador electo y, al subir al escenario, agradeci\u00f3 por \u201cpoder estar aqu\u00ed, en uno de los corazones productivos, de la cultura del trabajo, mostrando una nueva f\u00f3rmula, una nueva capacidad de gobernar\u201d.<\/p>\n\n\n\n<p>\u201cEsta elecci\u00f3n, que entierra al kirchnerismo en Santa Fe, demuestra que hay una sociedad que est\u00e1 diciendo que no quiere m\u00e1s una provincia que ha estado casi descansando durante casi cuatro a\u00f1os, bajando la producci\u00f3n y con los narcos que volvieron a crecer en Rosario. Por eso<strong>, estoy total y absolutamente convencida de que, con Javkin en Rosario, con Maxi y con Gisele en la provincia y con Bulrrich en la Naci\u00f3n, Rosario se libera de los narcos<\/strong>\u201d, cerr\u00f3.<\/p>\n\n\n\n<p>21:44 hsHoy<\/p>\n\n\n\n<h2 class=\"wp-block-heading\">Maximiliano Pullaro celebr\u00f3 su victoria: \u201cSanta Fe se tiene que alinear al cambio que tiene que venir tambi\u00e9n a nivel nacional\u201d<\/h2>\n\n\n\n<p><img loading=\"lazy\" decoding=\"async\" alt=\"Maximiliano Pullaro en el b\u00fanker de su espacio, celebrando la victoria \" src=\"https:\/\/www.infobae.com\/new-resizer\/l5sRMYD2lI3AqyMpgQ38c2DynRI=\/arc-anglerfish-arc2-prod-infobae\/public\/IPDM5HWHRNBORAKS5MDPU3FCVU.png\" srcset=\"https:\/\/www.infobae.com\/new-resizer\/WOrvG8BOsTvPL1MalG9SvxWED-0=\/420x236\/filters:format(webp):quality(85)\/cloudfront-us-east-1.images.arcpublishing.com\/infobae\/IPDM5HWHRNBORAKS5MDPU3FCVU.png 420w,https:\/\/www.infobae.com\/new-resizer\/05fmFQoZgzXntAfp1kzOL-NgjME=\/768x432\/filters:format(webp):quality(85)\/cloudfront-us-east-1.images.arcpublishing.com\/infobae\/IPDM5HWHRNBORAKS5MDPU3FCVU.png 768w,https:\/\/www.infobae.com\/new-resizer\/uRJ6u0CyIWOdMGwCRpElFcjTrnw=\/992x558\/filters:format(webp):quality(85)\/cloudfront-us-east-1.images.arcpublishing.com\/infobae\/IPDM5HWHRNBORAKS5MDPU3FCVU.png 992w,https:\/\/www.infobae.com\/new-resizer\/I_zvhloU1IPp-0xCzTZ1Oy9WbCQ=\/1200x675\/filters:format(webp):quality(85)\/cloudfront-us-east-1.images.arcpublishing.com\/infobae\/IPDM5HWHRNBORAKS5MDPU3FCVU.png 1200w,https:\/\/www.infobae.com\/new-resizer\/4_AzjIFtRebo_IpGY4IiS-HWcDc=\/1440x810\/filters:format(webp):quality(85)\/cloudfront-us-east-1.images.arcpublishing.com\/infobae\/IPDM5HWHRNBORAKS5MDPU3FCVU.png 1440w\" width=\"438\" height=\"221\">Maximiliano Pullaro en el b\u00fanker de su espacio, celebrando la victoria<\/p>\n\n\n\n<p>Con casi la totalidad de las mesas escrutadas, el candidato a gobernador de Santa Fe por la oposici\u00f3n, <strong>Maximiliano Pullaro<\/strong>, sali\u00f3 al escenario, celebr\u00f3 su triunfo en las elecciones y asegur\u00f3 que la provincia se \u201ctiene que alinear al cambio que tiene que venir tambi\u00e9n a nivel nacional\u201d.<\/p>\n\n\n\n<p>\u201cEstuve con cada uno de los sectores y quiero que sepan que escuchamos a cada uno de ustedes, sabemos cu\u00e1les son sus problemas y vamos a trabajar fuertemente para responder a cada uno de esos reclamos. Nosotros sabemos de las angustias que tienen los santafesinos, pero tambi\u00e9n de los sue\u00f1os e ilusiones que tienen\u201d<\/p>\n\n\n\n<p>En este sentido, el futuro mandatario local destac\u00f3 que \u201cSanta Fe es lo mejor de la Rep\u00fablica Argentina, porque es el campo, es la industria, es el comercio, es una provincia de trabajo que va a salir adelante con el esfuerzo de todos\u201d.<\/p>\n\n\n\n<p>\u201cNosotros vamos a trabajar 24 horas, los siete d\u00edas de la semana, para que los problemas de las personas se puedan resolver. <strong>Vamos a dejar nuestra vida en estos cuatro a\u00f1os para que los santafesinos puedan vivir mejor<\/strong>\u201d, asegur\u00f3.<\/p>\n\n\n\n<p>Por \u00faltimo, Pullaro se describi\u00f3 a s\u00ed mismo como \u201cun hombre de profundo trabajo\u201d e hizo referencia a las pr\u00f3ximas elecciones presidenciales, al remarcar que la provincia <strong>\u201cse tiene que alinear al cambio que tiene que venir tambi\u00e9n a nivel nacional\u201d.<\/strong><\/p>\n\n\n\n<p>\u201cTomamos el compromiso de esforzarnos, de escuchar mucho, de tener a un equipo que va a salir a la canchja desde el 10 de diciembre a gobernar bien la provincia de Santa Fe\u201d, cerr\u00f3.<\/p>\n\n\n\n<h3 class=\"wp-block-heading\">Con el 99% de las mesas escrutadas, la diferencia con Juan Montenegro, de Junto Avancemos, fue de tres puntos<\/h3>\n\n\n\n<p><img loading=\"lazy\" decoding=\"async\" alt=\"El intendente Pablo Javkin\" src=\"https:\/\/www.infobae.com\/new-resizer\/7axiDaRSsd1iR0yPBbYUtXls4fE=\/arc-anglerfish-arc2-prod-infobae\/public\/DKEM6CH2IJDHPO4L2MEEMD5YCE.webp\" srcset=\"https:\/\/www.infobae.com\/new-resizer\/sFFyAZpYsl89weUeHBGg1kTQmVE=\/420x280\/filters:format(webp):quality(85)\/cloudfront-us-east-1.images.arcpublishing.com\/infobae\/DKEM6CH2IJDHPO4L2MEEMD5YCE.webp 420w,https:\/\/www.infobae.com\/new-resizer\/96IAdJpMJvj0gG4dMf2sQk-SP-s=\/768x512\/filters:format(webp):quality(85)\/cloudfront-us-east-1.images.arcpublishing.com\/infobae\/DKEM6CH2IJDHPO4L2MEEMD5YCE.webp 768w,https:\/\/www.infobae.com\/new-resizer\/_prxkmf-bc0N__UAUD5eQBx9fJM=\/992x661\/filters:format(webp):quality(85)\/cloudfront-us-east-1.images.arcpublishing.com\/infobae\/DKEM6CH2IJDHPO4L2MEEMD5YCE.webp 992w,https:\/\/www.infobae.com\/new-resizer\/QTC11StX0OW62PWTE_eXTjcV4GY=\/1200x800\/filters:format(webp):quality(85)\/cloudfront-us-east-1.images.arcpublishing.com\/infobae\/DKEM6CH2IJDHPO4L2MEEMD5YCE.webp 1200w,https:\/\/www.infobae.com\/new-resizer\/mGHGSCKve2BtJPPDTFrkN-zDKn0=\/1440x960\/filters:format(webp):quality(85)\/cloudfront-us-east-1.images.arcpublishing.com\/infobae\/DKEM6CH2IJDHPO4L2MEEMD5YCE.webp 1440w\" width=\"680\" height=\"453\">El intendente Pablo Javkin<\/p>\n\n\n\n<p>Mientras <strong>Maximiliano Pullaro <\/strong>se convirti\u00f3 en el gobernador electo de Santa Fe este domingo, tras ganarle por amplia mayor\u00eda al oficialismo; en la ciudad de Rosario la situaci\u00f3n era muy diferente y su candidato local <strong>Pablo Javkin<\/strong> obtuvo una leve ventaja para ser reelecto en la intendencia. Su principal adversario,<strong> Juan Monteverde<\/strong>, lo sigui\u00f3 muy de cerca en una elecci\u00f3n que se defini\u00f3 voto a voto.<a rel=\"noreferrer noopener\" href=\"https:\/\/www.infobae.com\/politica\/2023\/09\/11\/peleada-definicion-por-la-intendencia-de-rosario-pablo-javkin-y-juan-monteverde-se-disputan-cada-voto\/\" target=\"_blank\"><\/a><\/p>\n\n\n\n<h2 class=\"wp-block-heading\">Patricia Bullrich y Luis Petri junto a Maximilia Pullaro, el gobernador electo de Santa Fe<\/h2>\n\n\n\n<p><img loading=\"lazy\" decoding=\"async\" alt=\"Patricia Bullrich, Maxi Pullaro, Gisela Scaglia y Luis Petri\" src=\"https:\/\/www.infobae.com\/new-resizer\/tXVZuhgcrbeggDNQiTW7ha_73UU=\/arc-anglerfish-arc2-prod-infobae\/public\/CVJZOGZ6NVBB5CFFMCOO2E47VA.jpeg\" srcset=\"https:\/\/www.infobae.com\/new-resizer\/DragMRc_nz_yO92axzYCQwq5EKQ=\/420x315\/filters:format(webp):quality(85)\/cloudfront-us-east-1.images.arcpublishing.com\/infobae\/CVJZOGZ6NVBB5CFFMCOO2E47VA.jpeg 420w,https:\/\/www.infobae.com\/new-resizer\/-JuQcdNCS1tVZqg1wikPrENwa4s=\/768x576\/filters:format(webp):quality(85)\/cloudfront-us-east-1.images.arcpublishing.com\/infobae\/CVJZOGZ6NVBB5CFFMCOO2E47VA.jpeg 768w,https:\/\/www.infobae.com\/new-resizer\/hBIpFV0dw0t9yf8yGorHP7iX3bk=\/992x744\/filters:format(webp):quality(85)\/cloudfront-us-east-1.images.arcpublishing.com\/infobae\/CVJZOGZ6NVBB5CFFMCOO2E47VA.jpeg 992w,https:\/\/www.infobae.com\/new-resizer\/IB-rzAolufxmCltfUztXOd-Rzfw=\/1200x900\/filters:format(webp):quality(85)\/cloudfront-us-east-1.images.arcpublishing.com\/infobae\/CVJZOGZ6NVBB5CFFMCOO2E47VA.jpeg 1200w,https:\/\/www.infobae.com\/new-resizer\/BGUKiTDeP_aSZsU4Yzdfe6Vgpdo=\/1440x1080\/filters:format(webp):quality(85)\/cloudfront-us-east-1.images.arcpublishing.com\/infobae\/CVJZOGZ6NVBB5CFFMCOO2E47VA.jpeg 1440w\" width=\"1600\" height=\"1200\">Patricia Bullrich, Maxi Pullaro, Gisela Scaglia y Luis Petri<\/p>\n\n\n\n<p>La candidata a presidenta de Juntos por el Cambio, <strong>Patricia Bullrich<\/strong>, celebr\u00f3 el triunfo de<strong> Maximiliano Pullaro <\/strong>en Santa Fe y destac\u00f3 que el espaci\u00f3 \u201cle gan\u00f3\u201d la provincia \u201cal kirchnerismo\u201d.<\/p>\n\n\n\n<p>\u201cHoy en Santa Fe ratificamos que estamos frente a la oportunidad hist\u00f3rica de derrotar, de una vez y para siempre, al kirchnerismo. Felicitaciones para Maxi Pullaro y Gisele Scaglia por este gran triunfo. Los santafesinos dieron un paso gigante para empezar a ordenar su provincia\u201d, escribi\u00f3 la ex ministra de Seguridad en su cuenta de Twitter.<\/p>\n\n\n\n<p>La referente de la oposici\u00f3n, agreg\u00f3: \u201cEs ahora argentinos, y es para siempre. Podemos desterrar al kirchnerismo que tanto da\u00f1o le hizo a nuestro pa\u00eds. Ganando Santa Fe, luego Mendoza, Chaco, Entre R\u00edos y la provincia de Buenos Aires, no van a tener d\u00f3nde esconderse. Cada vez falta menos. El verdadero cambio, el \u00fanico cambio real, est\u00e1 en marcha. \u00a1Vamos!\u201d.<\/p>\n\n\n\n<p>21:15 hsHoy<\/p>\n\n\n\n<h2 class=\"wp-block-heading\">Lewandowski reconoci\u00f3 el triunfo de Pullaro en la elecci\u00f3n de gobernador<\/h2>\n\n\n\n<p>El candidato de Juntos Avancemos <strong>Marcelo Lewandowski<\/strong> se comunic\u00f3 con <strong>Maximiliano Pullaro<\/strong>, de Unidos para Cambiar Santa Fe, para \u201cfelicitarlo\u201d. \u201cHoy es el elegido por los santafecinos para gobernar esta provincia desde diciembre\u201d, dijo el referente del oficialismo en la provincia desde su b\u00fanker.<\/p>\n\n\n\n<p>\u201dLa gente decidi\u00f3 otra cosa,<strong> decidieron ponernos en el lugar de opositores<\/strong>, donde ya nos hab\u00eda visualizado en las PASO y hoy lo ratifican, y asumiremos ese rol\u201d, se\u00f1al\u00f3 Lewandowski.<\/p>\n\n\n\n<p>21:00 hsHoy<\/p>\n\n\n\n<h2 class=\"wp-block-heading\">Omar Perotti llam\u00f3 a Maximiliano Pullaro para felicitarlo por el triunfo<\/h2>\n\n\n\n<p><img loading=\"lazy\" decoding=\"async\" alt=\"Omar Perotti\" src=\"https:\/\/www.infobae.com\/new-resizer\/EMmbyDVmWUmQolo-9I4s57sD3Ew=\/arc-anglerfish-arc2-prod-infobae\/public\/UKQOMIA4DFEVTI4PMBSQCV67CY.jpg\" srcset=\"https:\/\/www.infobae.com\/new-resizer\/JTVNDy2TRbQa0pZ03QRwcs_acH8=\/420x236\/filters:format(webp):quality(85)\/cloudfront-us-east-1.images.arcpublishing.com\/infobae\/UKQOMIA4DFEVTI4PMBSQCV67CY.jpg 420w,https:\/\/www.infobae.com\/new-resizer\/zfK4c4_BT6cAyR-j0nxsdyy0I7I=\/768x432\/filters:format(webp):quality(85)\/cloudfront-us-east-1.images.arcpublishing.com\/infobae\/UKQOMIA4DFEVTI4PMBSQCV67CY.jpg 768w,https:\/\/www.infobae.com\/new-resizer\/vTLKvQWPkDRTyQKox7SCPQiNTJ8=\/992x558\/filters:format(webp):quality(85)\/cloudfront-us-east-1.images.arcpublishing.com\/infobae\/UKQOMIA4DFEVTI4PMBSQCV67CY.jpg 992w,https:\/\/www.infobae.com\/new-resizer\/YEgCAQmjzzhdl6yhzWNhc3xDayQ=\/1200x675\/filters:format(webp):quality(85)\/cloudfront-us-east-1.images.arcpublishing.com\/infobae\/UKQOMIA4DFEVTI4PMBSQCV67CY.jpg 1200w,https:\/\/www.infobae.com\/new-resizer\/2nuPvXrXW2lxMyosnL_fU5efx4w=\/1440x810\/filters:format(webp):quality(85)\/cloudfront-us-east-1.images.arcpublishing.com\/infobae\/UKQOMIA4DFEVTI4PMBSQCV67CY.jpg 1440w\" width=\"1920\" height=\"1079\">Omar Perotti<\/p>\n\n\n\n<p>Aunque todav\u00eda faltaban algunas mesas por contabilizarse, el actual gobernador de Santa Fe, <strong>Omar Perotti<\/strong>, se comunic\u00f3 este domingo por la noche con quien se encaminaba a ser su sucesor,<strong> Maximiliano Pullaro<\/strong>, para reconocer su triunfo en las elecciones locales.<\/p>\n\n\n\n<p>De acuerdo con lo que precisaron a <strong>Infobae <\/strong>fuentes cercanas al dirigente opositor, el mandatario provincial llam\u00f3 al candidato de Unidos para cambiar Santa Fe para felicitarlo por la victoria que estaba consiguiendo, al obtener casi el 60% de los votos.<\/p>\n\n\n\n<p>20:27 hsHoy<\/p>\n\n\n\n<p><a href=\"https:\/\/www.infobae.com\/politica\/2023\/09\/10\/expectativa-por-los-resultados-en-la-legislatura-de-santa-fe-amalia-granata-omar-perotti-y-clara-garcia-van-por-el-control-de-la-camara\/\" rel=\"noreferrer noopener\" target=\"_blank\"><\/a><\/p>\n\n\n\n<h2 class=\"wp-block-heading\"><a href=\"https:\/\/www.infobae.com\/politica\/2023\/09\/10\/expectativa-por-los-resultados-en-la-legislatura-de-santa-fe-amalia-granata-omar-perotti-y-clara-garcia-van-por-el-control-de-la-camara\/\" rel=\"noreferrer noopener\" target=\"_blank\">Elecciones en Santa Fe: Clara Garc\u00eda se impuso ante Omar Perotti en la categor\u00eda diputados. \u00bfC\u00f3mo le fue a Amalia Granata?<\/a><\/h2>\n\n\n\n<h3 class=\"wp-block-heading\">La viuda de Miguel Lifschitz lider\u00f3 el conteo de votos, seguida por el actual Gobernador. Por su parte la periodista super\u00f3 los 300 mil sufragios<\/h3>\n\n\n\n<p><img loading=\"lazy\" decoding=\"async\" alt=\"Amalia Granata, Omar Perotti y Clara Garc\u00eda\" src=\"https:\/\/www.infobae.com\/new-resizer\/jYZu6N3d_kI8ZhEbB46LTD3Sdiw=\/arc-anglerfish-arc2-prod-infobae\/public\/KJJDRGHGVJD4PK6VUTKQNXOOCI.jpg\" srcset=\"https:\/\/www.infobae.com\/new-resizer\/1mFoMJUHHwUq_Zd27P-vFeKQeT4=\/420x236\/filters:format(webp):quality(85)\/cloudfront-us-east-1.images.arcpublishing.com\/infobae\/KJJDRGHGVJD4PK6VUTKQNXOOCI.jpg 420w,https:\/\/www.infobae.com\/new-resizer\/AftKXoBVfVTUNEPEmnX64UgUwWI=\/768x432\/filters:format(webp):quality(85)\/cloudfront-us-east-1.images.arcpublishing.com\/infobae\/KJJDRGHGVJD4PK6VUTKQNXOOCI.jpg 768w,https:\/\/www.infobae.com\/new-resizer\/3bKDpb9CVNXS2U2DJJ7w0ygJZ-Q=\/992x558\/filters:format(webp):quality(85)\/cloudfront-us-east-1.images.arcpublishing.com\/infobae\/KJJDRGHGVJD4PK6VUTKQNXOOCI.jpg 992w,https:\/\/www.infobae.com\/new-resizer\/XhYhY9f6f8nrXbyneh6rqglN1S0=\/1200x675\/filters:format(webp):quality(85)\/cloudfront-us-east-1.images.arcpublishing.com\/infobae\/KJJDRGHGVJD4PK6VUTKQNXOOCI.jpg 1200w,https:\/\/www.infobae.com\/new-resizer\/0fx5GCgYO-JmWk7DzDEZ7tCle_A=\/1440x810\/filters:format(webp):quality(85)\/cloudfront-us-east-1.images.arcpublishing.com\/infobae\/KJJDRGHGVJD4PK6VUTKQNXOOCI.jpg 1440w\" width=\"1920\" height=\"1080\">Amalia Granata, Omar Perotti y Clara Garc\u00eda<\/p>\n\n\n\n<p>Con <strong>Maximiliano Pullaro<\/strong> electo para comandar el Poder Ejecutivo por el per\u00edodo 2023-2027, algo que se descontaba en la previa; el foco de los resultados de las elecciones en Santa Fe se pos\u00f3 sobre aquellos que pretenden <strong>controlar la Legislatura provincial<\/strong>.Se trata de un \u00f3rgano clave para la gobernabilidad del distrito y el ganador puede quedarse con la mayor\u00eda de 28 bancas.<\/p>\n\n\n\n<p><a href=\"https:\/\/www.infobae.com\/politica\/2023\/09\/10\/expectativa-por-los-resultados-en-la-legislatura-de-santa-fe-amalia-granata-omar-perotti-y-clara-garcia-van-por-el-control-de-la-camara\/\" target=\"_blank\" rel=\"noreferrer noopener\"><strong>Leer la nota completa<\/strong><\/a><\/p>\n\n\n\n<p><a href=\"https:\/\/www.infobae.com\/politica\/2023\/09\/10\/expectativa-por-los-resultados-en-la-legislatura-de-santa-fe-amalia-granata-omar-perotti-y-clara-garcia-van-por-el-control-de-la-camara\/\" target=\"_blank\" rel=\"noreferrer noopener\"><strong><\/strong><\/a><\/p>\n\n\n\n<p>20:20 hsHoy<\/p>\n\n\n\n<h2 class=\"wp-block-heading\">Gerardo Morales: \u201cEn Santa Fe, el cambio se impuso\u201d<\/h2>\n\n\n\n<p><img loading=\"lazy\" decoding=\"async\" alt=\"Maximiliano Pullaro y Gerardo Morales\" src=\"https:\/\/www.infobae.com\/new-resizer\/9bypjTm8RiLBNe-OFftfce5sghs=\/arc-anglerfish-arc2-prod-infobae\/public\/KJRTE52OH5FJPMYMV3YB54WBLA.JPG\" srcset=\"https:\/\/www.infobae.com\/new-resizer\/GmOpmwtAZPzDF4pAO3Tq7OMxd70=\/420x280\/filters:format(webp):quality(85)\/cloudfront-us-east-1.images.arcpublishing.com\/infobae\/KJRTE52OH5FJPMYMV3YB54WBLA.JPG 420w,https:\/\/www.infobae.com\/new-resizer\/XD7iCqHnG0tIZLCqE4jVLalRdBY=\/768x512\/filters:format(webp):quality(85)\/cloudfront-us-east-1.images.arcpublishing.com\/infobae\/KJRTE52OH5FJPMYMV3YB54WBLA.JPG 768w,https:\/\/www.infobae.com\/new-resizer\/WxPRuLB17RFe4ZuiBLM4eDxrzgU=\/992x661\/filters:format(webp):quality(85)\/cloudfront-us-east-1.images.arcpublishing.com\/infobae\/KJRTE52OH5FJPMYMV3YB54WBLA.JPG 992w,https:\/\/www.infobae.com\/new-resizer\/m2WGH0mb-52VU8ctilMei17Ny0Y=\/1200x800\/filters:format(webp):quality(85)\/cloudfront-us-east-1.images.arcpublishing.com\/infobae\/KJRTE52OH5FJPMYMV3YB54WBLA.JPG 1200w,https:\/\/www.infobae.com\/new-resizer\/YjgYo2jXWNZIRml62Q8vjsVWgQw=\/1440x960\/filters:format(webp):quality(85)\/cloudfront-us-east-1.images.arcpublishing.com\/infobae\/KJRTE52OH5FJPMYMV3YB54WBLA.JPG 1440w\" width=\"599\" height=\"395\">Maximiliano Pullaro y Gerardo Morales<\/p>\n\n\n\n<p>Con casi el 40% de las mesas escrutadas y una amplia ventaja de <strong>Maximiliano Pullaro<\/strong>, el presidente de la Uni\u00f3n C\u00edvica Radical, <strong>Gerardo Morales<\/strong>, felicit\u00f3 al candidato de Unidos para Cambiar Santa Fe y destac\u00f3 que \u201cel cambio se impuso\u201d en esa provincia.<\/p>\n\n\n\n<p>A pesar de que, a diferencia de lo que ocurri\u00f3 en las elecciones primarias, en esta oportunidad el mandatario de Jujuy no viaj\u00f3 a Rosario para acompa\u00f1ar en persona al dirigente opositor, s\u00ed se expres\u00f3 en las redes sociales.<\/p>\n\n\n\n<p>\u201cEn Santa Fe, el cambio se impuso. Felicitaciones, Maxi Pullaro, por el enorme trabajo. <strong>S\u00e9 que vas a transformar la realidad de la provincia y devolverle el orden y la paz al pueblo. \u00a1Adelante!<\/strong>\u201d, escribi\u00f3 Morales en su cuenta de X (ex Twitter).<\/p>\n\n\n\n<p>19:39 hsHoy<\/p>\n\n\n\n<h2 class=\"wp-block-heading\">Mart\u00edn Lousteau se mostr\u00f3 confiado de un eventual triunfo de maximiliano Pullaro: \u201cCreo que es un cambio muy importante para Santa Fe\u201d<\/h2>\n\n\n\n<p><img loading=\"lazy\" decoding=\"async\" alt=\"Mart\u00edn Lousteau junto a Maximiliano Pullaro \" src=\"https:\/\/www.infobae.com\/new-resizer\/Kd2oLVggc60yiZa75P22tfRdYyQ=\/arc-anglerfish-arc2-prod-infobae\/public\/MUKZYRI2SBDIFJUCUACJGKSA7I.jpeg\" srcset=\"https:\/\/www.infobae.com\/new-resizer\/e7IOQcNwcAg3JFmcVEK-qeYxf-g=\/420x315\/filters:format(webp):quality(85)\/cloudfront-us-east-1.images.arcpublishing.com\/infobae\/MUKZYRI2SBDIFJUCUACJGKSA7I.jpeg 420w,https:\/\/www.infobae.com\/new-resizer\/zHpmay6yIjpMCTUnzMZPzWnRY8A=\/768x576\/filters:format(webp):quality(85)\/cloudfront-us-east-1.images.arcpublishing.com\/infobae\/MUKZYRI2SBDIFJUCUACJGKSA7I.jpeg 768w,https:\/\/www.infobae.com\/new-resizer\/_0nAEdiOtLKtSBlk1v44MyU_cg8=\/992x744\/filters:format(webp):quality(85)\/cloudfront-us-east-1.images.arcpublishing.com\/infobae\/MUKZYRI2SBDIFJUCUACJGKSA7I.jpeg 992w,https:\/\/www.infobae.com\/new-resizer\/t5IldQDchf8PbgcFw3sS196l004=\/1200x900\/filters:format(webp):quality(85)\/cloudfront-us-east-1.images.arcpublishing.com\/infobae\/MUKZYRI2SBDIFJUCUACJGKSA7I.jpeg 1200w,https:\/\/www.infobae.com\/new-resizer\/0HQ8Q-NkUSyLZ3K2BaR3783BvuY=\/1440x1080\/filters:format(webp):quality(85)\/cloudfront-us-east-1.images.arcpublishing.com\/infobae\/MUKZYRI2SBDIFJUCUACJGKSA7I.jpeg 1440w\" width=\"1600\" height=\"1187\">Mart\u00edn Lousteau junto a Maximiliano Pullaro<\/p>\n\n\n\n<p>Tras llegar al b\u00fanker de Unidos para Cambiar Santa Fe para acompa\u00f1ar al candidato a gobernador por ese espacio, <strong>Maximiliano Pullaro<\/strong>, el senador nacional <strong>Mart\u00edn Lousteau<\/strong> se mostr\u00f3 confiado de la victoria de su aliado local y consider\u00f3 que \u201ces un cambio muy importante\u201d para esta provincia.<\/p>\n\n\n\n<p>En declaraciones a la prensa, el l\u00edder de Evoluci\u00f3n precis\u00f3 que estuvo \u201cmirando informaci\u00f3n que se empieza a cargar y ciertos boca de urna\u201d y reconoci\u00f3 que vive \u201ccon mucha expectativa\u201d los resultados de estas elecciones, pero aclar\u00f3 que \u201cel liderazgo de Maxi Pullaro ya ha sido validado antes en las PASO\u201d, como as\u00ed tambi\u00e9n \u201cel de la coalici\u00f3n a nivel general\u201d.<\/p>\n\n\n\n<p><img loading=\"lazy\" decoding=\"async\" alt=\"Hay fuerte expectativa en el b\u00fanker de Pullaro\" src=\"https:\/\/www.infobae.com\/new-resizer\/YWHo7SckEari4fa7WKcjkNDl3cs=\/arc-anglerfish-arc2-prod-infobae\/public\/SNP7LHGCCVDCDOPWM3DHZDBL2M.jpeg\" srcset=\"https:\/\/www.infobae.com\/new-resizer\/mczKm0yOc97EhuhwWvYDJSKcCIw=\/420x420\/filters:format(webp):quality(85)\/cloudfront-us-east-1.images.arcpublishing.com\/infobae\/SNP7LHGCCVDCDOPWM3DHZDBL2M.jpeg 420w,https:\/\/www.infobae.com\/new-resizer\/agalK_VXCyR7Keea2CQCKYbkTeM=\/768x768\/filters:format(webp):quality(85)\/cloudfront-us-east-1.images.arcpublishing.com\/infobae\/SNP7LHGCCVDCDOPWM3DHZDBL2M.jpeg 768w,https:\/\/www.infobae.com\/new-resizer\/IasuHb9RtqIrS4OxEd1HgjYCVmk=\/992x992\/filters:format(webp):quality(85)\/cloudfront-us-east-1.images.arcpublishing.com\/infobae\/SNP7LHGCCVDCDOPWM3DHZDBL2M.jpeg 992w,https:\/\/www.infobae.com\/new-resizer\/53xRgmtbPyeaTDs8Rwt4XX02xWI=\/1200x1200\/filters:format(webp):quality(85)\/cloudfront-us-east-1.images.arcpublishing.com\/infobae\/SNP7LHGCCVDCDOPWM3DHZDBL2M.jpeg 1200w,https:\/\/www.infobae.com\/new-resizer\/jTaW25iq5rsgwBZ8EoGH9nPlAjU=\/1440x1440\/filters:format(webp):quality(85)\/cloudfront-us-east-1.images.arcpublishing.com\/infobae\/SNP7LHGCCVDCDOPWM3DHZDBL2M.jpeg 1440w\" width=\"1487\" height=\"1600\">Hay fuerte expectativa en el b\u00fanker de Pullaro<\/p>\n\n\n\n<p>\u201cCreo que es un cambio muy importante para Santa Fe, para los santafecinos, para los rosarinos, saber que van a tener un gobernador que entiende los temas, que sabe gestionar. Y despu\u00e9s, creo que configura un nuevo mapa pol\u00edtico argentino porque es un gobernador de una provincia muy importante. Despu\u00e9s, en materia electoral, tenemos que esperar. Tenemos que esperar c\u00f3mo se suceden las distintas elecciones que vamos a tener de ac\u00e1 a la elecci\u00f3n general y ver c\u00f3mo los espacios se organizan\u201d, expres\u00f3.<\/p>\n\n\n\n<p>18:48 hsHoy<\/p>\n\n\n\n<h2 class=\"wp-block-heading\">Patricia Bullrich y Horacio Rodr\u00edguez Larreta llegaron a Santa Fe para acompa\u00f1ar a Maximiliano Pullaro<\/h2>\n\n\n\n<p><img loading=\"lazy\" decoding=\"async\" alt=\"Horacio Rodr\u00edguez Larreta junto a Maximiliano Pullaro y Gisela Scaglia\" src=\"https:\/\/www.infobae.com\/new-resizer\/yKn0bUNyShL5Wis8tJ8foNHzPRs=\/arc-anglerfish-arc2-prod-infobae\/public\/7CNSVRJXQNDFREJKJ5H5UBULNE.jpeg\" srcset=\"https:\/\/www.infobae.com\/new-resizer\/JGDqPR3VPR-QIVgBdnAeyONUdgo=\/420x280\/filters:format(webp):quality(85)\/cloudfront-us-east-1.images.arcpublishing.com\/infobae\/7CNSVRJXQNDFREJKJ5H5UBULNE.jpeg 420w,https:\/\/www.infobae.com\/new-resizer\/SlPFWt7ewgDoV3V9Mys_aC7nD8c=\/768x512\/filters:format(webp):quality(85)\/cloudfront-us-east-1.images.arcpublishing.com\/infobae\/7CNSVRJXQNDFREJKJ5H5UBULNE.jpeg 768w,https:\/\/www.infobae.com\/new-resizer\/QXRPS_tFTB5NWxNZT2q-taLbpCE=\/992x661\/filters:format(webp):quality(85)\/cloudfront-us-east-1.images.arcpublishing.com\/infobae\/7CNSVRJXQNDFREJKJ5H5UBULNE.jpeg 992w,https:\/\/www.infobae.com\/new-resizer\/5dfHv_KXC3f6cVxfda1Ek2jW11s=\/1200x800\/filters:format(webp):quality(85)\/cloudfront-us-east-1.images.arcpublishing.com\/infobae\/7CNSVRJXQNDFREJKJ5H5UBULNE.jpeg 1200w,https:\/\/www.infobae.com\/new-resizer\/rOYfCP13CWA0xThGlSXIHOv-Nu4=\/1440x960\/filters:format(webp):quality(85)\/cloudfront-us-east-1.images.arcpublishing.com\/infobae\/7CNSVRJXQNDFREJKJ5H5UBULNE.jpeg 1440w\" width=\"1600\" height=\"1066\">Horacio Rodr\u00edguez Larreta junto a Maximiliano Pullaro y Gisela Scaglia<\/p>\n\n\n\n<p>La candidata a presidenta de Juntos por el Cambio,<strong> Patricia Bullrich<\/strong>, y el jefe de gobierno de la Ciudad de Buenos Aires, <strong>Horacio Rodr\u00edguez Larreta<\/strong>, llegaron este domingo por la tarde a Rosario para acompa\u00f1ar al aspirante a gobernador de Santa Fe <strong>Maximiliano Pullaro<\/strong>, mientras espera los resultados de las elecciones en la provincia.<\/p>\n\n\n\n<p>El mandatario porte\u00f1o, que perdi\u00f3 la interna presidencial del espacio contra la ex ministra de Seguridad, se encontr\u00f3 primero con la compa\u00f1era de f\u00f3rmula del santafesino, <strong>Gisela Scaglia<\/strong>, para luego dirigirse juntos al b\u00fanker de Unidos para Cambiar Santa Fe.<\/p>\n\n\n\n<p><img loading=\"lazy\" decoding=\"async\" alt=\"Rodr\u00edguez Larreta y Scaglia\" src=\"https:\/\/www.infobae.com\/new-resizer\/dVD-bhuZ-W2Ji9rNBS0VbeKtyxw=\/arc-anglerfish-arc2-prod-infobae\/public\/I2Z6Z2ZMGBARRP4WDNTWMX6DME.jpeg\" srcset=\"https:\/\/www.infobae.com\/new-resizer\/SL12lvVB-DJnfqSC6Hdz7bZ3MlA=\/420x560\/filters:format(webp):quality(85)\/cloudfront-us-east-1.images.arcpublishing.com\/infobae\/I2Z6Z2ZMGBARRP4WDNTWMX6DME.jpeg 420w,https:\/\/www.infobae.com\/new-resizer\/b6-B4udFHNdF87kgu3DuQg1V4iw=\/768x1024\/filters:format(webp):quality(85)\/cloudfront-us-east-1.images.arcpublishing.com\/infobae\/I2Z6Z2ZMGBARRP4WDNTWMX6DME.jpeg 768w,https:\/\/www.infobae.com\/new-resizer\/lj1iHPxuO5XL8Z0s1oZX5IMJ7Uk=\/992x1323\/filters:format(webp):quality(85)\/cloudfront-us-east-1.images.arcpublishing.com\/infobae\/I2Z6Z2ZMGBARRP4WDNTWMX6DME.jpeg 992w,https:\/\/www.infobae.com\/new-resizer\/o3aXn_wZQKtmAbNORU55vEoLZxk=\/1200x1600\/filters:format(webp):quality(85)\/cloudfront-us-east-1.images.arcpublishing.com\/infobae\/I2Z6Z2ZMGBARRP4WDNTWMX6DME.jpeg 1200w\" width=\"1200\" height=\"1600\">Rodr\u00edguez Larreta y Scaglia<\/p>\n\n\n\n<p>Al lugar tambi\u00e9n arrib\u00f3 el dirigente radical y l\u00edder de Evoluci\u00f3n, <strong>Mart\u00edn Lousteau<\/strong>, que tambi\u00e9n se dirig\u00eda al centro de campa\u00f1a de Pullaro, donde ya se encontraban los diputados <strong>Rodrigo De Loredo<\/strong> y <strong>Jos\u00e9 Luis Espert<\/strong>, para seguir atento los resultados.<\/p>\n\n\n\n<p>18:40 hsHoy<\/p>\n\n\n\n<h2 class=\"wp-block-heading\">Se conocen los primeros resultados<\/h2>\n\n\n\n<p><img loading=\"lazy\" decoding=\"async\" alt=\"Maximiliano Pullaro, Marcelo Lewandowski, Edelvino Bodoira y Carla Deiana\" src=\"https:\/\/www.infobae.com\/new-resizer\/JoBVYgHQzdcjSAP8VDEUlpyPJro=\/arc-anglerfish-arc2-prod-infobae\/public\/ZW3GIIGAANFPLNAE4HDI6F5MEQ.jpg\" srcset=\"https:\/\/www.infobae.com\/new-resizer\/PN25DvssniznFFJ_-UZ-e5J80hM=\/420x236\/filters:format(webp):quality(85)\/cloudfront-us-east-1.images.arcpublishing.com\/infobae\/ZW3GIIGAANFPLNAE4HDI6F5MEQ.jpg 420w,https:\/\/www.infobae.com\/new-resizer\/CdJ53OjGk_8xzyjuAk-L3gu3drk=\/768x432\/filters:format(webp):quality(85)\/cloudfront-us-east-1.images.arcpublishing.com\/infobae\/ZW3GIIGAANFPLNAE4HDI6F5MEQ.jpg 768w,https:\/\/www.infobae.com\/new-resizer\/jpQSsTv6-HaSkwZZx-zsPSG1AZs=\/992x558\/filters:format(webp):quality(85)\/cloudfront-us-east-1.images.arcpublishing.com\/infobae\/ZW3GIIGAANFPLNAE4HDI6F5MEQ.jpg 992w,https:\/\/www.infobae.com\/new-resizer\/ioEBxB34gRVWPvfekt5bz_HXBZo=\/1200x675\/filters:format(webp):quality(85)\/cloudfront-us-east-1.images.arcpublishing.com\/infobae\/ZW3GIIGAANFPLNAE4HDI6F5MEQ.jpg 1200w,https:\/\/www.infobae.com\/new-resizer\/UJQmTCI6OorJJPdank2rRSvcvGY=\/1440x810\/filters:format(webp):quality(85)\/cloudfront-us-east-1.images.arcpublishing.com\/infobae\/ZW3GIIGAANFPLNAE4HDI6F5MEQ.jpg 1440w\" width=\"1920\" height=\"1080\">Maximiliano Pullaro, Marcelo Lewandowski, Edelvino Bodoira y Carla Deiana<\/p>\n\n\n\n<p>Poco despu\u00e9s de que cerraran oficialmente los comicios en Santa Fe, las autoridades electorales de la provincia comnenzaron a informar los resultados provisorios, que le dan una ventaja inicial a <strong>Maximiliano Pullaro<\/strong>, de Unidos para Cambiar Santa Fe.<\/p>\n\n\n\n<p>Aunque<strong> tan solo hay cuatro mesas computadas hasta el momento,<\/strong> el 0,05% del total, el candidato de la oposici\u00f3n obten\u00eda 79 votos, mientras que 4 eran para <strong>Marcelo Lewandowski<\/strong>, de Juntos Avancemos, y <strong>Edelvino Bodoira<\/strong>, de Viva la Libertad, y <strong>Carla Deiana<\/strong>, del Frente de Izquierda y de Trabajadores- Unidad, se llevaban dos cada uno.<\/p>\n\n\n\n<p>Asimismo, se registraban cuatro votos en blanco y uno anulado, dando un total de 91 sufragios emitidos.<\/p>\n\n\n\n<p>18:00 hsHoy<\/p>\n\n\n\n<h2 class=\"wp-block-heading\">Cerraron los comicios<\/h2>\n\n\n\n<figure class=\"wp-block-image\"><img decoding=\"async\" src=\"https:\/\/www.infobae.com\/new-resizer\/4afNcuarQQyvcl-19QDsfeN3R4o=\/arc-anglerfish-arc2-prod-infobae\/public\/WPKLYXZ43BCOZJINB733XOR5YQ.jpg\" alt=\"\"\/><\/figure>\n\n\n\n<p>Con una mayor concurrencia Pasada las urnas que en las \u00faltimas elecciones primarias, cerraron este domingo por la tarde los comicios generales en Santa Fe, donde cuatro candidatos se disputan la gobernaci\u00f3n.<\/p>\n\n\n\n<p>Pasadas las 18:00, finaliz\u00f3 oficialmente el proceso de votaci\u00f3n y comenz\u00f3 la espera de los primeros resultados, que determinar\u00e1n si la provuincia queda finalmente en manos de <strong>Maximiliano Pullaro<\/strong> (Unidos para Cambiar Santa Fe), de <strong>Marcelo Lewandowski<\/strong> (Juntos Avancemos), de <strong>Edelvino Bodoira<\/strong> (Viva la Libertad) o de <strong>Carla Deiana <\/strong>(Frente de Izquierda y de Trabajadores- Unidad).<\/p>\n\n\n\n<p>15:57 hsHoy<\/p>\n\n\n\n<h2 class=\"wp-block-heading\">Ya vot\u00f3 casi el 58% del padr\u00f3n electoral<\/h2>\n\n\n\n<p>Las autoridades electorales de la provincia de Santa Fe informaron que a las 15.30 ya hab\u00eda votado casi el 58% del padr\u00f3n electoral y difundi\u00f3 los porcentajes de asistencia en cada uno de los departamentos.<\/p>\n\n\n\n<p>Hasta esa hora, el distrito que hab\u00eda reportado mayor concurrencia a las urnas era el de <strong>Iriondo<\/strong>, con un 67%; mientras que en el otro extremo se ubicaban<strong> San Jer\u00f3nimo<\/strong>, con el 52%.<\/p>\n\n\n\n<p>A comparaci\u00f3n de las PASO, que para esta hora apenas ten\u00eda el 45% de la participaci\u00f3n; las autoridades estiman que habr\u00e1 un 10% de votantes.<\/p>\n\n\n\n<p>15:36 hsHoy<\/p>\n\n\n\n<h2 class=\"wp-block-heading\">Una detenida por manipular un celular en la cabina de votaci\u00f3n<\/h2>\n\n\n\n<p>Una mujer que concurri\u00f3 este domingo a votar a una escuela de la ciudad de Santa Fe fue detenida luego de que las autoridades de mesa descubrieran que <strong>sac\u00f3 el tel\u00e9fono celular en el box de votaci\u00f3n<\/strong>, expresamente prohibido por el Tribunal Electoral Provincial.<\/p>\n\n\n\n<p>Todo sucedi\u00f3 en la escuela secundaria <strong>Nuestra Se\u00f1ora de Lourdes<\/strong> N\u00ba8224, de la ciudad de Santa Fe. Seg\u00fan la Polic\u00eda, la mujer ingres\u00f3 al box de votaci\u00f3n y luego sac\u00f3 su tel\u00e9fono m\u00f3vil, situaci\u00f3n que fue advertida por las autoridades de mesa, por lo que fue detenida.<\/p>\n\n\n\n<p>El secretario electoral de Santa Fe, <strong>Pablo Ayala<\/strong>, dijo que \u201c<strong>est\u00e1 prohibido utilizar el celular en el box de votaci\u00f3n<\/strong>\u201d. Y agreg\u00f3: \u201c<strong>Es un delito electoral de clientelismo pol\u00edtico <\/strong>y en el C\u00f3digo Nacional Electoral se establecen las sanciones correspondientes\u201d.<\/p>\n\n\n\n<p>13:40 hsHoy<\/p>\n\n\n\n<h2 class=\"wp-block-heading\">Agust\u00edn Rossi: \u201cNuestro mensaje est\u00e1 calando cada vez m\u00e1s en la sociedad\u201d<\/h2>\n\n\n\n<p><img loading=\"lazy\" decoding=\"async\" alt=\"Agust\u00edn Rossi, candidato a vicepresidente de Uni\u00f3n por la Patria\" src=\"https:\/\/www.infobae.com\/new-resizer\/mZInZ071Ure0xNG2zIWxPD9WwfI=\/arc-anglerfish-arc2-prod-infobae\/public\/TRLCVD7RINH6NK45XI4RX2C24Y.jpg\" srcset=\"https:\/\/www.infobae.com\/new-resizer\/lvEQLbvIZd3Dxviq9r5sv3X6IA4=\/420x280\/filters:format(webp):quality(85)\/cloudfront-us-east-1.images.arcpublishing.com\/infobae\/TRLCVD7RINH6NK45XI4RX2C24Y.jpg 420w,https:\/\/www.infobae.com\/new-resizer\/upZQ11-Hksthde0LeGAGz2cEmNw=\/768x512\/filters:format(webp):quality(85)\/cloudfront-us-east-1.images.arcpublishing.com\/infobae\/TRLCVD7RINH6NK45XI4RX2C24Y.jpg 768w,https:\/\/www.infobae.com\/new-resizer\/S6qpdhJyHBLoCr_go3S6zv-Jy4I=\/992x661\/filters:format(webp):quality(85)\/cloudfront-us-east-1.images.arcpublishing.com\/infobae\/TRLCVD7RINH6NK45XI4RX2C24Y.jpg 992w,https:\/\/www.infobae.com\/new-resizer\/jRXyTfe0zRE9BsJ9ccXEJz-R4Ug=\/1200x800\/filters:format(webp):quality(85)\/cloudfront-us-east-1.images.arcpublishing.com\/infobae\/TRLCVD7RINH6NK45XI4RX2C24Y.jpg 1200w,https:\/\/www.infobae.com\/new-resizer\/LadP6diia1e3XWk6B11Z-4o4jhY=\/1440x960\/filters:format(webp):quality(85)\/cloudfront-us-east-1.images.arcpublishing.com\/infobae\/TRLCVD7RINH6NK45XI4RX2C24Y.jpg 1440w\" width=\"680\" height=\"454\">Agust\u00edn Rossi, candidato a vicepresidente de Uni\u00f3n por la Patria<\/p>\n\n\n\n<p>El jefe de Gabinete y candidato a vicepresidente de Uni\u00f3n por la Patria, Agust\u00edn Rossi, emiti\u00f3 su voto en Rosario y sostuvo el mensaje que expresa el espacio pol\u00edtico que integra, y que lleva como aspirante a la presidencia al ministro de Econom\u00eda, Sergio Massa, est\u00e1 llegando cada vez m\u00e1s a los argentinos.<\/p>\n\n\n\n<p><strong>\u201cSentimos que hay una recuperaci\u00f3n, que nuestro mensaje est\u00e1 calando cada vez m\u00e1s en el conjunto de la sociedad argentina\u201d<\/strong>, afirm\u00f3 Rossi con miras a las elecciones presidenciales.<\/p>\n\n\n\n<p>13:13 hsHoy<\/p>\n\n\n\n<h2 class=\"wp-block-heading\">Omar Perotti: \u201cEntregamos una provincia mucho mejor a la que recibimos\u201d<\/h2>\n\n\n\n<p><img loading=\"lazy\" decoding=\"async\" alt=\"Omar Perotti, gobernador de Santa Fe (Twitter \/ @Omarperotti)\" src=\"https:\/\/www.infobae.com\/new-resizer\/sSwL0mGOpAPI5XUJWH7dWpHPkvU=\/arc-anglerfish-arc2-prod-infobae\/public\/TLPFQFVWAZD6HE6BSU57OP6NOA.jpg\" srcset=\"https:\/\/www.infobae.com\/new-resizer\/gQ21lN1CI_H4d643yp5TwqlhJg0=\/420x236\/filters:format(webp):quality(85)\/cloudfront-us-east-1.images.arcpublishing.com\/infobae\/TLPFQFVWAZD6HE6BSU57OP6NOA.jpg 420w,https:\/\/www.infobae.com\/new-resizer\/4b5Kvzcl174py-gmJ9nSspfgynI=\/768x432\/filters:format(webp):quality(85)\/cloudfront-us-east-1.images.arcpublishing.com\/infobae\/TLPFQFVWAZD6HE6BSU57OP6NOA.jpg 768w,https:\/\/www.infobae.com\/new-resizer\/ifG1KVk3WluX1XzSUENPgWePR3A=\/992x558\/filters:format(webp):quality(85)\/cloudfront-us-east-1.images.arcpublishing.com\/infobae\/TLPFQFVWAZD6HE6BSU57OP6NOA.jpg 992w,https:\/\/www.infobae.com\/new-resizer\/4UdKp3ZoI9dNBpMrm6v-E8ZFxlg=\/1200x675\/filters:format(webp):quality(85)\/cloudfront-us-east-1.images.arcpublishing.com\/infobae\/TLPFQFVWAZD6HE6BSU57OP6NOA.jpg 1200w,https:\/\/www.infobae.com\/new-resizer\/RP_iVX_z0NhzR0EWqfbo82oMDQU=\/1440x810\/filters:format(webp):quality(85)\/cloudfront-us-east-1.images.arcpublishing.com\/infobae\/TLPFQFVWAZD6HE6BSU57OP6NOA.jpg 1440w\" width=\"1920\" height=\"1079\">Omar Perotti, gobernador de Santa Fe (Twitter \/ @Omarperotti)<\/p>\n\n\n\n<p>El gobernador de Santa Fe, <strong>Omar Perotti, <\/strong>vot\u00f3 cerca del mediod\u00eda en Rafaela y se mostr\u00f3 optimista al sostener que habr\u00e1 una mayor concurrencia de votantes respecto a las elecciones PASO provinciales y que los resultados se dar\u00e1n a conocer antes.<\/p>\n\n\n\n<p>Se\u00f1al\u00f3 que para estos comicios se lleg\u00f3 con \u201cel mejor esfuerzo\u201d y que el Gobierno provincial mostr\u00f3 lo que se hizo en cada pueblo y ciudad. \u201cCreo que se ha hecho mucho. <strong>Entregamos una provincia muy superior a la que recibimos, <\/strong>pero hay un piso muy importante en infraestructura, industrias y sectores productivos\u201d, afirm\u00f3 el mandatario provincial.<\/p>\n\n\n\n<p>13:01 hsHoy<\/p>\n\n\n\n<h2 class=\"wp-block-heading\">Pablo Javkin: \u201cEstamos muy esperanzados por lo que viene para la ciudad\u201d<\/h2>\n\n\n\n<p><img loading=\"lazy\" decoding=\"async\" alt=\"Pablo Javkin, intendente de Rosario\" src=\"https:\/\/www.infobae.com\/new-resizer\/7axiDaRSsd1iR0yPBbYUtXls4fE=\/arc-anglerfish-arc2-prod-infobae\/public\/DKEM6CH2IJDHPO4L2MEEMD5YCE.webp\" srcset=\"https:\/\/www.infobae.com\/new-resizer\/sFFyAZpYsl89weUeHBGg1kTQmVE=\/420x280\/filters:format(webp):quality(85)\/cloudfront-us-east-1.images.arcpublishing.com\/infobae\/DKEM6CH2IJDHPO4L2MEEMD5YCE.webp 420w,https:\/\/www.infobae.com\/new-resizer\/96IAdJpMJvj0gG4dMf2sQk-SP-s=\/768x512\/filters:format(webp):quality(85)\/cloudfront-us-east-1.images.arcpublishing.com\/infobae\/DKEM6CH2IJDHPO4L2MEEMD5YCE.webp 768w,https:\/\/www.infobae.com\/new-resizer\/_prxkmf-bc0N__UAUD5eQBx9fJM=\/992x661\/filters:format(webp):quality(85)\/cloudfront-us-east-1.images.arcpublishing.com\/infobae\/DKEM6CH2IJDHPO4L2MEEMD5YCE.webp 992w,https:\/\/www.infobae.com\/new-resizer\/QTC11StX0OW62PWTE_eXTjcV4GY=\/1200x800\/filters:format(webp):quality(85)\/cloudfront-us-east-1.images.arcpublishing.com\/infobae\/DKEM6CH2IJDHPO4L2MEEMD5YCE.webp 1200w,https:\/\/www.infobae.com\/new-resizer\/mGHGSCKve2BtJPPDTFrkN-zDKn0=\/1440x960\/filters:format(webp):quality(85)\/cloudfront-us-east-1.images.arcpublishing.com\/infobae\/DKEM6CH2IJDHPO4L2MEEMD5YCE.webp 1440w\" width=\"680\" height=\"453\">Pablo Javkin, intendente de Rosario<\/p>\n\n\n\n<p><strong>Pablo Javkin,<\/strong> intendente y candidato a la reelecci\u00f3n de la ciudad por Unidos, concurri\u00f3 en las horas previas al mediod\u00eda a la E.E.S.O. N\u00ba 431 Gral Jos\u00e9 De San Mart\u00edn (ex Colegio Nacional n\u00b02) para emitir su voto. Lo hizo en compa\u00f1\u00eda de sus dos hijos y destac\u00f3 la importancia de la decisi\u00f3n en la jornada de de este domingo.<\/p>\n\n\n\n<p>\u201cEs un d\u00eda de oportunidades. Fue una campa\u00f1a interesante, novedosa y clara, hay e luego de emitir el sufragio\u201d, afirm\u00f3 Javkin. Y agreg\u00f3 con respecto a sus posibilidades de ser reelegido:<strong> \u201cEstamos muy contentos con lo que hicimos y muy esperanzado con el futuro de la ciudad\u201d.<\/strong><\/p>\n\n\n\n<p>Con respecto a la jornada eleccionaria, manifest\u00f3 que podr\u00eda darse un porcentaje de participaci\u00f3n m\u00e1s alto y que espera que los resultados puedan estar m\u00e1s temprano.<\/p>\n\n\n\n<p>12:44 hsHoy<\/p>\n\n\n\n<h2 class=\"wp-block-heading\">Vot\u00f3 Rub\u00e9n Giustiniani<\/h2>\n\n\n\n<figure class=\"wp-block-image\"><img decoding=\"async\" src=\"https:\/\/www.infobae.com\/new-resizer\/CGUTuJvQmMrrxGauW4Qpv7LS4Fg=\/arc-anglerfish-arc2-prod-infobae\/public\/GMMEDZCVGRBA5LQHFBQENB2QTM.jpg\" alt=\"\"\/><\/figure>\n\n\n\n<p>Tras emitir su voto, Rub\u00e9n Giustiniani, candidato a diputado con lista corta por el partido Igualdad, asegur\u00f3 que \u201des muy importante que la gente venga a votar, <strong>mientras m\u00e1s gente vote, m\u00e1s legitimidad tendr\u00e1n los que resulten electos\u201d.<\/strong><\/p>\n\n\n\n<p>12:32 hsHoy<\/p>\n\n\n\n<h2 class=\"wp-block-heading\">Gisela Scaglia: \u201cEmpieza una nueva etapa para nuestra provincia\u201d<\/h2>\n\n\n\n<p><img loading=\"lazy\" decoding=\"async\" alt=\"Gisela Scaglia, candidata a vice gobernadora de Maximiliano Pullaro\" src=\"https:\/\/www.infobae.com\/new-resizer\/0WejgmwfRB5z17dPwR4SsYg5HCQ=\/arc-anglerfish-arc2-prod-infobae\/public\/ANNOQMWOLZEBDMHLYNT6VJAWXQ.jpg\" srcset=\"https:\/\/www.infobae.com\/new-resizer\/jT-wuhrg8MqTq1vryl7jFUOBBA0=\/420x315\/filters:format(webp):quality(85)\/cloudfront-us-east-1.images.arcpublishing.com\/infobae\/ANNOQMWOLZEBDMHLYNT6VJAWXQ.jpg 420w,https:\/\/www.infobae.com\/new-resizer\/9QJsgky6G9o4Vj8eKbiiXPMSFG4=\/768x576\/filters:format(webp):quality(85)\/cloudfront-us-east-1.images.arcpublishing.com\/infobae\/ANNOQMWOLZEBDMHLYNT6VJAWXQ.jpg 768w,https:\/\/www.infobae.com\/new-resizer\/DcaIywZQV3T057uZ2FcPWfQEl4I=\/992x744\/filters:format(webp):quality(85)\/cloudfront-us-east-1.images.arcpublishing.com\/infobae\/ANNOQMWOLZEBDMHLYNT6VJAWXQ.jpg 992w,https:\/\/www.infobae.com\/new-resizer\/TjpGVZvIEpKIwwmaNDRdOSk6OCA=\/1200x900\/filters:format(webp):quality(85)\/cloudfront-us-east-1.images.arcpublishing.com\/infobae\/ANNOQMWOLZEBDMHLYNT6VJAWXQ.jpg 1200w,https:\/\/www.infobae.com\/new-resizer\/Qa-7LVfZQS8cLE_3ZZOUjovnIDM=\/1440x1080\/filters:format(webp):quality(85)\/cloudfront-us-east-1.images.arcpublishing.com\/infobae\/ANNOQMWOLZEBDMHLYNT6VJAWXQ.jpg 1440w\" width=\"4000\" height=\"3000\">Gisela Scaglia, candidata a vice gobernadora de Maximiliano Pullaro<\/p>\n\n\n\n<p><strong>Gisela Scaglia<\/strong>, la candidata a vicegobernadora de Maximiliano Pullaro, vot\u00f3 junto a sus sobrinos en G\u00e1lvez en el Colegio Nuestra Se\u00f1ora del Calvario donde realiz\u00f3 la secundaria. \u201cHoy es un d\u00eda muy importante para Santa Fe, lo vivimos con la esperanza de saber que est\u00e1 llegando el cambio.<strong> Empieza una nueva etapa para nuestra Provincia <\/strong>donde vamos a trabajar para devolver la seguridad, mejorar las escuelas y fortalecer nuestro sistema de salud\u201d, declar\u00f3 Scaglia.<\/p>\n\n\n\n<p>Adem\u00e1s, agreg\u00f3: \u201cA 40 a\u00f1os de democracia es muy importante que todos se acerquen a votar y no regalen su derecho\u201d.<\/p>\n\n\n\n<p>12:05 hsHoy<\/p>\n\n\n\n<h2 class=\"wp-block-heading\">Ya vot\u00f3 m\u00e1s el 30% del padr\u00f3n electoral de Santa Fe y se estima un 10% de mayor participaci\u00f3n<\/h2>\n\n\n\n<p>Las autoridades electorales de la provincia de Santa Fe informaron que a las 11.30 horas ya hab\u00eda votado m\u00e1s del 20% del padr\u00f3n electoral y difundi\u00f3 los porcentajes de asistencia en cada uno de los departamentos.<\/p>\n\n\n\n<p>Hasta esa hora, el distrito que hab\u00eda reportado mayor concurrencia a las urnas era el de <strong>San Javier,<\/strong> con un 34%; mientras que en el otro extremo se ubicaban<strong> Iriondo y General L\u00f3pez,<\/strong> con el 17%.<\/p>\n\n\n\n<p>A comparaci\u00f3n de las PASO, las autoridades estiman que habr\u00e1 un 10% de mayor participaci\u00f3n.<\/p>\n\n\n\n<p><img loading=\"lazy\" decoding=\"async\" alt=\"A las 11.30, m\u00e1s del 20% de los electores santafesinos ya hab\u00edan emitido su voto\" src=\"https:\/\/www.infobae.com\/new-resizer\/6lvFl8cxvtjHrinxwHA7tD8YhhA=\/arc-anglerfish-arc2-prod-infobae\/public\/DRCPEXDUOFDGHKHEWX4YCVPU6E.jpg\" srcset=\"https:\/\/www.infobae.com\/new-resizer\/WrhLnHhRDVN8Y8Jb7axtTDxC6WA=\/420x560\/filters:format(webp):quality(85)\/cloudfront-us-east-1.images.arcpublishing.com\/infobae\/DRCPEXDUOFDGHKHEWX4YCVPU6E.jpg 420w,https:\/\/www.infobae.com\/new-resizer\/qGyrze9urS6Lq7ZSauV9IpW6S_Y=\/768x1024\/filters:format(webp):quality(85)\/cloudfront-us-east-1.images.arcpublishing.com\/infobae\/DRCPEXDUOFDGHKHEWX4YCVPU6E.jpg 768w,https:\/\/www.infobae.com\/new-resizer\/Y4QKiyujsx7PULXKB0Fu33aO8XU=\/992x1323\/filters:format(webp):quality(85)\/cloudfront-us-east-1.images.arcpublishing.com\/infobae\/DRCPEXDUOFDGHKHEWX4YCVPU6E.jpg 992w,https:\/\/www.infobae.com\/new-resizer\/WX6T1kbKPKEEAr7AIi2y7OtXC6o=\/1200x1600\/filters:format(webp):quality(85)\/cloudfront-us-east-1.images.arcpublishing.com\/infobae\/DRCPEXDUOFDGHKHEWX4YCVPU6E.jpg 1200w\" width=\"1080\" height=\"1332\">A las 11.30, m\u00e1s del 20% de los electores santafesinos ya hab\u00edan emitido su voto<\/p>\n\n\n\n<p>11:27 hsHoy<\/p>\n\n\n\n<h2 class=\"wp-block-heading\">Votaron Marcelo Lewandowski y Silvina Frana: \u201cFue una campa\u00f1a cuesta arriba\u201d<\/h2>\n\n\n\n<p><img loading=\"lazy\" decoding=\"async\" alt=\"Marcelo Lewandowski, candidato a gobernador del oficialismo\" src=\"https:\/\/www.infobae.com\/new-resizer\/MfB1ZJncbFOeNGp6LdeDawYDZFs=\/arc-anglerfish-arc2-prod-infobae\/public\/5JUQ6U3CURGHZLSM3OBCKX7J3E.jpg\" srcset=\"https:\/\/www.infobae.com\/new-resizer\/jgsE-R1VnamDDjFwCDBnp6Avzps=\/420x560\/filters:format(webp):quality(85)\/cloudfront-us-east-1.images.arcpublishing.com\/infobae\/5JUQ6U3CURGHZLSM3OBCKX7J3E.jpg 420w,https:\/\/www.infobae.com\/new-resizer\/AC2AzRqwWSGXADNSPQzzus8IPR0=\/768x1024\/filters:format(webp):quality(85)\/cloudfront-us-east-1.images.arcpublishing.com\/infobae\/5JUQ6U3CURGHZLSM3OBCKX7J3E.jpg 768w,https:\/\/www.infobae.com\/new-resizer\/_NHZcRr7ianmap56w6bshjjgHEM=\/992x1323\/filters:format(webp):quality(85)\/cloudfront-us-east-1.images.arcpublishing.com\/infobae\/5JUQ6U3CURGHZLSM3OBCKX7J3E.jpg 992w,https:\/\/www.infobae.com\/new-resizer\/cZTT15AF1JGUVpjq8Z2SPugvC5Q=\/1200x1600\/filters:format(webp):quality(85)\/cloudfront-us-east-1.images.arcpublishing.com\/infobae\/5JUQ6U3CURGHZLSM3OBCKX7J3E.jpg 1200w\" width=\"1200\" height=\"1600\">Marcelo Lewandowski, candidato a gobernador del oficialismo<\/p>\n\n\n\n<p>En un panorama muy adverso para ganar la elecci\u00f3n tras la derrota sufrida en las PASO, el candidato a gobernador del oficialismo, <strong>Marcelo Lewandoswki;<\/strong> y su vice, <strong>Silvina Frana,<\/strong> votaron este domingo por la ma\u00f1ana. \u00c9l lo hizo en una escuela de Rosario y ella en una de la ciudad de Santa Fe.<\/p>\n\n\n\n<p>La funcionaria del gobierno de Perotti reconoci\u00f3 que la campa\u00f1a para la gobernaci\u00f3n fue<strong> \u201ccuesta arriba\u201d<\/strong> por las complicaciones que atraviesa la poblaci\u00f3n pero evit\u00f3 mencionar las diferencias que pudo haber tenido el peronismo santafesino. Vot\u00f3 Silvina Frana: &#8220;Fue una elecci\u00f3n cuesta arriba&#8221;<\/p>\n\n\n\n<p>Lewandowski, que se perfilaba como el posible sucesor de Perotti, lleg\u00f3 a esta elecci\u00f3n <strong>casi sin respaldo nacional del Gobierno y del kirchnerismo duro.<\/strong><\/p>\n\n\n\n<p>10:48 hsHoy<\/p>\n\n\n\n<h2 class=\"wp-block-heading\">Amalia Granata: \u201cHoy tenemos la oportunidad hist\u00f3rica de cambiar las prioridades de la pol\u00edtica en Santa Fe\u201d<\/h2>\n\n\n\n<p><img loading=\"lazy\" decoding=\"async\" alt=\"La diputada Amalia Granata vot\u00f3 en la Facultad de Medicina de Rosario\" src=\"https:\/\/www.infobae.com\/new-resizer\/Nn62P3zuAhJ3xAJLLz-mTSm1G4g=\/arc-anglerfish-arc2-prod-infobae\/public\/IWMZP5UHONCQBC63MICKI4EM6Y.jpg\" srcset=\"https:\/\/www.infobae.com\/new-resizer\/MgurVdXFT7CCTPTVWXUQHmMfTPM=\/420x315\/filters:format(webp):quality(85)\/cloudfront-us-east-1.images.arcpublishing.com\/infobae\/IWMZP5UHONCQBC63MICKI4EM6Y.jpg 420w,https:\/\/www.infobae.com\/new-resizer\/LVcQSKSC2Qd2-SJ2Vgyha2G-iWY=\/768x576\/filters:format(webp):quality(85)\/cloudfront-us-east-1.images.arcpublishing.com\/infobae\/IWMZP5UHONCQBC63MICKI4EM6Y.jpg 768w,https:\/\/www.infobae.com\/new-resizer\/gyguvG3BO8LHEkJwEgE7SqWbveU=\/992x744\/filters:format(webp):quality(85)\/cloudfront-us-east-1.images.arcpublishing.com\/infobae\/IWMZP5UHONCQBC63MICKI4EM6Y.jpg 992w,https:\/\/www.infobae.com\/new-resizer\/lpWiyOk7FbE91kPFbIJntuVZ_fg=\/1200x900\/filters:format(webp):quality(85)\/cloudfront-us-east-1.images.arcpublishing.com\/infobae\/IWMZP5UHONCQBC63MICKI4EM6Y.jpg 1200w,https:\/\/www.infobae.com\/new-resizer\/DYaihuSregCpth9oPEPrxeRshW0=\/1440x1080\/filters:format(webp):quality(85)\/cloudfront-us-east-1.images.arcpublishing.com\/infobae\/IWMZP5UHONCQBC63MICKI4EM6Y.jpg 1440w\" width=\"1024\" height=\"797\">La diputada Amalia Granata vot\u00f3 en la Facultad de Medicina de Rosario<\/p>\n\n\n\n<p><strong>Amalia Granata,<\/strong> candidata a diputada provincial por el espacio Unite vot\u00f3 este domingo, cerca de las 10.30 en la Facultad de Medicina de Rosario. \u201cLo que se define (en estas elecciones) es m\u00e1s de lo mismo o la renovaci\u00f3n en Santa Fe\u201d, sentenci\u00f3 la periodista en alusi\u00f3n a la continuidad peronismo o el cambio que representa la oposici\u00f3n. <strong>\u201cHoy tenemos la oportunidad hist\u00f3rica de cambiar las prioridades de la pol\u00edtica en Santa Fe\u201d,<\/strong> afirm\u00f3 esperanzada.<\/p>\n\n\n\n<p>Consultada acerca de la importancia que tiene esta votaci\u00f3n para la conformaci\u00f3n de la Legislatura provincial, Granata se\u00f1al\u00f3 que \u201c<strong>quien gane, que se quede tranquilo, que se le va a garantizar la gobernabilidad<\/strong>. Y agreg\u00f3: \u201cNo queremos que se le trunque el ejercicio del ejecutivo a nadie. Al contrario, gane quien gane, va a colaborar para que Santa fe salga adelante\u201d<\/p>\n\n\n\n<p>10:11 hsHoy<\/p>\n\n\n\n<h2 class=\"wp-block-heading\">El ministro de Transporte vot\u00f3 en Santa Fe: \u201cNo es una provincia narco\u201d<\/h2>\n\n\n\n<p>El ministro de Transporte de la Naci\u00f3n, <strong>Diego Giuliano<\/strong>, que vot\u00f3 esta ma\u00f1ana en la escuela Bernardino Rivadavia de Rosario, asegur\u00f3 que<strong> \u201cSanta Fe no es una provincia narco\u201d <\/strong>y pidi\u00f3 mayor responsabilidad a los dirigentes pol\u00edticos.<\/p>\n\n\n\n<p><strong>\u201cSanta Fe es una provincia de producci\u00f3n, de trabajo\u201d, <\/strong>destac\u00f3 Giuliano. Y agreg\u00f3: \u201cNosotros estamos trabajando en un proyecto de producci\u00f3n en Argentina con Sergio Massa y no en uno que nos endeud\u00f3 cuando estuvo\u201d.<\/p>\n\n\n\n<p>M\u00e1s all\u00e1 del resultado de la elecci\u00f3n, el funcionario nacional expres\u00f3 que su voluntad de trabajar para la ciudad va m\u00e1s all\u00e1 de los colores pol\u00edticos como qued\u00f3 demostrado en la llegada de la <strong>tarjeta Sube al transporte de Rosario<\/strong>.<\/p>\n\n\n\n<p>09:09 hsHoy<\/p>\n\n\n\n<h2 class=\"wp-block-heading\">Vot\u00f3 Maximiliano Pullaro: \u201cHay que dejar atr\u00e1s el modelo populista nacional por un modelo productivo\u201d<\/h2>\n\n\n\n<p>Elecciones Santa en 2023: vot\u00f3 el candidato a gobernador Maximiliano Pullaro<\/p>\n\n\n\n<p>Tras emitir su voto, <strong>Maximiliano Pullaro, <\/strong>candidato a gobernador de Unidos Para Cambiar Santa Fe, asegur\u00f3 que esta elecci\u00f3n \u201cva a tener impacto en la elecci\u00f3n nacional y va a ser un mensaje de cambio\u201d.<\/p>\n\n\n\n<p>El dirigente opositor santafesino, que arrib\u00f3 a las 8.40 a la Escuela Domingo Faustino Sarmiento, en Hughes, su pueblo natal, dijo que<strong> \u201chay que dejar atr\u00e1s el modelo populista en el orden nacional por un modelo productivo,<\/strong> que es lo que es Argentina\u201d.<\/p>\n\n\n\n<p>Y agreg\u00f3: \u201cArgentina es trabajo, producci\u00f3n, campo, industria. Los argentinos siempre fuimos eso m\u00e1s all\u00e1 de los altibajos. <strong>Tenemos mucha expectativa de que pueda empezar un cambio en Santa Fe\u201d.<\/strong><\/p>\n\n\n\n<p>Consultado acerca de la disputa que est\u00e1 en juego por el control de la legislatura provincial, Pullaro minimiz\u00f3 la performance de la diputada Amalia Granata en las PASO y advirti\u00f3 que <strong>la pelea ser\u00e1 entre Clara Garc\u00eda y Omar Perotti.<\/strong><\/p>\n\n\n\n<p>\u201cLa disputa es entre Clara Garc\u00eda, que es la primera diputada del Frente Unido y la mujer del mejor gobernador que tuvo la provincia de Santa Fe &#8211; el ingeniero Miguel Lifschitz, a quien recordamos con mucho amor los santafesinos- con el gobernador Omar Perotti, que fue la persona que nos abandon\u00f3\u201d.<\/p>\n\n\n\n<p>08:25 hsHoy<\/p>\n\n\n\n<h2 class=\"wp-block-heading\">Amalia Granata va por el control de la Legislatura y gana apoyo de los libertarios<\/h2>\n\n\n\n<figure class=\"wp-block-image\"><img decoding=\"async\" src=\"https:\/\/www.infobae.com\/new-resizer\/q-gDJm8A19SxKom3rqqqnk1rHSA=\/arc-anglerfish-arc2-prod-infobae\/public\/SX3EBMRSAVA65P3MTDQE3LHBLE.jpg\" alt=\"\"\/><\/figure>\n\n\n\n<p>Javier Milei gan\u00f3 en Santa Fe como candidato a presidente con m\u00e1s del 35% de los votos, sin embargo, no apoya a ning\u00fan candidato a gobernador ni lista legislativa. De todos modos, la diputada <strong>Amalia Granata <\/strong>asegura que mantiene un buen v\u00ednculo con el l\u00edder de La Libertad Avanza y el apoyo de los libertarios ser\u00eda clave para que logre el <strong>control de la Legislatura provincial.<\/strong><\/p>\n\n\n\n<p>El gobernador Omar Perotti busca ganar en esa categor\u00eda y presidir ese \u00f3rgano clave para la gobernabilidad de la provincia y <strong>quedarse con la mayor\u00eda de 28 bancas. <\/strong>Pero algunos temen por Granata.<\/p>\n\n\n\n<p>En la internas,<strong> la periodista logr\u00f3 180 mil votos que la posicionaron como una de las posibles ganadoras en la categor\u00eda legislativa <\/strong>y, adem\u00e1s, cuenta con un plus: un armado electoral con libertarios locales. \u201cSomos como primos, pero no compartimos la misma elecci\u00f3n. Yo voy a una elecci\u00f3n provincial y \u00e9l est\u00e1 en una nacional, pero compartimos ideas parecidas\u201d, se\u00f1al\u00f3 Granata.<\/p>\n\n\n\n<p>07:11 hsHoy<\/p>\n\n\n\n<p><a href=\"https:\/\/www.infobae.com\/politica\/2023\/09\/09\/esta-es-la-boleta-unica-de-papel-de-las-elecciones-en-santa-fe-para-elegir-gobernador-este-domingo\/\" rel=\"noreferrer noopener\" target=\"_blank\"><\/a><\/p>\n\n\n\n<h2 class=\"wp-block-heading\"><a href=\"https:\/\/www.infobae.com\/politica\/2023\/09\/09\/esta-es-la-boleta-unica-de-papel-de-las-elecciones-en-santa-fe-para-elegir-gobernador-este-domingo\/\" rel=\"noreferrer noopener\" target=\"_blank\">Esta es la Boleta \u00danica de Papel de las elecciones en Santa Fe para elegir gobernador este domingo<\/a><\/h2>\n\n\n\n<h3 class=\"wp-block-heading\">La provincia ir\u00e1 a las urnas para votar autoridades este 10 de septiembre. De qu\u00e9 forma votar y c\u00f3mo consultar el padr\u00f3n electoral<\/h3>\n\n\n\n<p><img loading=\"lazy\" decoding=\"async\" alt=\"Las elecciones en Santa Fe se realizar\u00e1n con el sistema de Boleta \u00danica de Papel\" src=\"https:\/\/www.infobae.com\/new-resizer\/emwNLZr7bLINxy7xiZHj08gwPqY=\/arc-anglerfish-arc2-prod-infobae\/public\/P2JVQ3AZZ5HCNLMUIC3GCW2A74.jpg\" srcset=\"https:\/\/www.infobae.com\/new-resizer\/ClKYsf44I4guvY8RhO7D3sI_yTo=\/420x280\/filters:format(webp):quality(85)\/cloudfront-us-east-1.images.arcpublishing.com\/infobae\/P2JVQ3AZZ5HCNLMUIC3GCW2A74.jpg 420w,https:\/\/www.infobae.com\/new-resizer\/SjMEN73SDijvtvNf8GjNFeyTPVg=\/768x512\/filters:format(webp):quality(85)\/cloudfront-us-east-1.images.arcpublishing.com\/infobae\/P2JVQ3AZZ5HCNLMUIC3GCW2A74.jpg 768w,https:\/\/www.infobae.com\/new-resizer\/Pilch6pkPInU6zmQa_jt8PuEHN4=\/992x661\/filters:format(webp):quality(85)\/cloudfront-us-east-1.images.arcpublishing.com\/infobae\/P2JVQ3AZZ5HCNLMUIC3GCW2A74.jpg 992w,https:\/\/www.infobae.com\/new-resizer\/ltOyg0_N8tcIXO6y7bVydkZ87Wk=\/1200x800\/filters:format(webp):quality(85)\/cloudfront-us-east-1.images.arcpublishing.com\/infobae\/P2JVQ3AZZ5HCNLMUIC3GCW2A74.jpg 1200w,https:\/\/www.infobae.com\/new-resizer\/_TadQGQx9xQdSh1jd0Bp4aY1bdk=\/1440x960\/filters:format(webp):quality(85)\/cloudfront-us-east-1.images.arcpublishing.com\/infobae\/P2JVQ3AZZ5HCNLMUIC3GCW2A74.jpg 1440w\" width=\"1920\" height=\"1280\">Las elecciones en Santa Fe se realizar\u00e1n con el sistema de Boleta \u00danica de Papel<\/p>\n\n\n\n<p>Las <a href=\"https:\/\/www.infobae.com\/politica\/2023\/09\/06\/elecciones-santa-fe-2023-cuando-son-que-se-vota-y-quienes-son-los-candidatos\/\" target=\"_blank\" rel=\"noreferrer noopener\">elecciones generales de Santa Fe<\/a> se desarrollar\u00e1n <strong>este domingo 10 de septiembre<\/strong>. La provincia debe elegir al pr\u00f3ximo gobernador, adem\u00e1s de legisladores provinciales y autoridades municipales y comunales.<\/p>\n\n\n\n<p><a href=\"https:\/\/www.infobae.com\/politica\/2023\/09\/09\/esta-es-la-boleta-unica-de-papel-de-las-elecciones-en-santa-fe-para-elegir-gobernador-este-domingo\/\" target=\"_blank\" rel=\"noreferrer noopener\"><strong>Leer la nota completa<\/strong><\/a><\/p>\n\n\n\n<p><a href=\"https:\/\/www.infobae.com\/politica\/2023\/09\/09\/esta-es-la-boleta-unica-de-papel-de-las-elecciones-en-santa-fe-para-elegir-gobernador-este-domingo\/\" target=\"_blank\" rel=\"noreferrer noopener\"><strong><\/strong><\/a><\/p>\n\n\n\n<p>06:34 hsHoy<\/p>\n\n\n\n<p><a href=\"https:\/\/www.infobae.com\/politica\/2023\/09\/07\/elecciones-santa-fe-2023-quienes-son-los-candidatos-a-gobernador-uno-por-uno\/\" rel=\"noreferrer noopener\" target=\"_blank\"><\/a><\/p>\n\n\n\n<h2 class=\"wp-block-heading\"><a href=\"https:\/\/www.infobae.com\/politica\/2023\/09\/07\/elecciones-santa-fe-2023-quienes-son-los-candidatos-a-gobernador-uno-por-uno\/\" rel=\"noreferrer noopener\" target=\"_blank\">Elecciones Santa Fe 2023: qui\u00e9nes son los candidatos a gobernador, uno por uno<\/a><\/h2>\n\n\n\n<h3 class=\"wp-block-heading\">Hay 4 f\u00f3rmulas que se presentar\u00e1n para competir por la gobernaci\u00f3n en los comicios generales el pr\u00f3ximo domingo 10 de septiembre<\/h3>\n\n\n\n<p><img loading=\"lazy\" decoding=\"async\" alt=\"Maximiliano Pullaro, Marcelo Lewandowski, Edelvino Bodoira y Carla Deiana son los candidatos a gobernador en las elecciones de Santa Fe 2023\" src=\"https:\/\/www.infobae.com\/new-resizer\/9ua8Dv7n_V8PO-hQH9SYEYCbE-8=\/arc-anglerfish-arc2-prod-infobae\/public\/I633UXJSRBFWDLFUQLM3DMVNDI.jpg\" srcset=\"https:\/\/www.infobae.com\/new-resizer\/iRLGCNUfWdIu9NqHNWX1BhVP16s=\/420x236\/filters:format(webp):quality(85)\/cloudfront-us-east-1.images.arcpublishing.com\/infobae\/I633UXJSRBFWDLFUQLM3DMVNDI.jpg 420w,https:\/\/www.infobae.com\/new-resizer\/okORU5K9QMu2Ipp3XBRfcRNa06U=\/768x432\/filters:format(webp):quality(85)\/cloudfront-us-east-1.images.arcpublishing.com\/infobae\/I633UXJSRBFWDLFUQLM3DMVNDI.jpg 768w,https:\/\/www.infobae.com\/new-resizer\/nBHeXDDxSID1bj0khwgmpJMISZI=\/992x558\/filters:format(webp):quality(85)\/cloudfront-us-east-1.images.arcpublishing.com\/infobae\/I633UXJSRBFWDLFUQLM3DMVNDI.jpg 992w,https:\/\/www.infobae.com\/new-resizer\/dAc0awaoNLtCwfSMQhiBFXERDYs=\/1200x675\/filters:format(webp):quality(85)\/cloudfront-us-east-1.images.arcpublishing.com\/infobae\/I633UXJSRBFWDLFUQLM3DMVNDI.jpg 1200w,https:\/\/www.infobae.com\/new-resizer\/EluYi69fr3u-1RcnhCeNhr3i5bw=\/1440x810\/filters:format(webp):quality(85)\/cloudfront-us-east-1.images.arcpublishing.com\/infobae\/I633UXJSRBFWDLFUQLM3DMVNDI.jpg 1440w\" width=\"1920\" height=\"1080\">Maximiliano Pullaro, Marcelo Lewandowski, Edelvino Bodoira y Carla Deiana son los candidatos a gobernador en las elecciones de Santa Fe 2023<\/p>\n\n\n\n<p>Las elecciones en Santa Fe son las pr\u00f3ximas en el calendario electora y<strong> tendr\u00e1n lugar el pr\u00f3ximo domingo 10 de septiembre<\/strong>. Este a\u00f1o, hubo 18 provincias que definieron desdoblar sus comicios de los nacionales. La provincia gobernada por Omar Perotti (Partido Justicialista) fue una de ellas y <strong>ya tuvo PASO locales el pasado 16 de julio<\/strong>, en las que el oficialismo termin\u00f3 en segundo lugar.<\/p>\n\n\n\n<p><a href=\"https:\/\/www.infobae.com\/politica\/2023\/09\/07\/elecciones-santa-fe-2023-quienes-son-los-candidatos-a-gobernador-uno-por-uno\/\" target=\"_blank\" rel=\"noreferrer noopener\"><strong>Leer la nota completa<\/strong><\/a><\/p>\n\n\n\n<p><a href=\"https:\/\/www.infobae.com\/politica\/2023\/09\/07\/elecciones-santa-fe-2023-quienes-son-los-candidatos-a-gobernador-uno-por-uno\/\" target=\"_blank\" rel=\"noreferrer noopener\"><strong><\/strong><\/a><\/p>\n\n\n\n<p>06:33 hsHoy<\/p>\n\n\n\n<p><a href=\"https:\/\/www.infobae.com\/sociedad\/policiales\/2023\/09\/10\/con-especial-atencion-en-rosario-santa-fe-puso-en-marcha-el-operativo-de-seguridad-para-las-elecciones-de-este-domingo\/\" rel=\"noreferrer noopener\" target=\"_blank\"><\/a><\/p>\n\n\n\n<h2 class=\"wp-block-heading\"><a href=\"https:\/\/www.infobae.com\/sociedad\/policiales\/2023\/09\/10\/con-especial-atencion-en-rosario-santa-fe-puso-en-marcha-el-operativo-de-seguridad-para-las-elecciones-de-este-domingo\/\" rel=\"noreferrer noopener\" target=\"_blank\">Con especial atenci\u00f3n en Rosario, Santa Fe puso en marcha el operativo de seguridad para las elecciones de este domingo<\/a><\/h2>\n\n\n\n<h3 class=\"wp-block-heading\">Fueron afectados 5.772 agentes, distribuidos en los 1.442 establecimientos educativos habilitados para los comicios en la provincia. Tambi\u00e9n habr\u00e1 un refuerzo en la periferia de los colegios rosarinos a causa de los atentados a tiros ocurridos este a\u00f1o<\/h3>\n\n\n\n<p>Por <a href=\"https:\/\/www.infobae.com\/autor\/agustin-lago\">Agust\u00edn Lago<\/a><\/p>\n\n\n\n<p><img loading=\"lazy\" decoding=\"async\" alt=\"Con especial atenci\u00f3n en Rosario, Santa Fe puso en marcha el operativo de seguridad para las elecciones de este domingo (Archivo: Alan Monz\u00f3n\/Rosario 3)\" src=\"https:\/\/www.infobae.com\/new-resizer\/Fv8ET_769o7VijaP0YLuatAwN64=\/arc-anglerfish-arc2-prod-infobae\/public\/72JFQGWTHVC5JJJEPRSGPB5CYE.jpg\" srcset=\"https:\/\/www.infobae.com\/new-resizer\/eQokv-Nut7TYmIydmrchw1M_rwA=\/420x236\/filters:format(webp):quality(85)\/cloudfront-us-east-1.images.arcpublishing.com\/infobae\/72JFQGWTHVC5JJJEPRSGPB5CYE.jpg 420w,https:\/\/www.infobae.com\/new-resizer\/Agtm2iDyJOaATXltuw4SQRnfDuU=\/768x432\/filters:format(webp):quality(85)\/cloudfront-us-east-1.images.arcpublishing.com\/infobae\/72JFQGWTHVC5JJJEPRSGPB5CYE.jpg 768w,https:\/\/www.infobae.com\/new-resizer\/CV4CQiNPDcAWao4JU-zEjd9gmHg=\/992x558\/filters:format(webp):quality(85)\/cloudfront-us-east-1.images.arcpublishing.com\/infobae\/72JFQGWTHVC5JJJEPRSGPB5CYE.jpg 992w,https:\/\/www.infobae.com\/new-resizer\/eQcNuGNbtAUz2-Fo3kjKfU4mqig=\/1200x675\/filters:format(webp):quality(85)\/cloudfront-us-east-1.images.arcpublishing.com\/infobae\/72JFQGWTHVC5JJJEPRSGPB5CYE.jpg 1200w,https:\/\/www.infobae.com\/new-resizer\/23vuRaCbJwZQZDyIzYhnhX4alqI=\/1440x810\/filters:format(webp):quality(85)\/cloudfront-us-east-1.images.arcpublishing.com\/infobae\/72JFQGWTHVC5JJJEPRSGPB5CYE.jpg 1440w\" width=\"800\" height=\"450\">Con especial atenci\u00f3n en Rosario, Santa Fe puso en marcha el operativo de seguridad para las elecciones de este domingo (Archivo: Alan Monz\u00f3n\/Rosario 3)<\/p>\n\n\n\n<p>Con una atenci\u00f3n especial en <strong>Rosario<\/strong>, en la provincia de <strong>Santa Fe<\/strong> ya se puso en marcha el<strong> operativo de seguridad de cara a las elecciones generales <\/strong>que tendr\u00e1n lugar este domingo. Ser\u00e1 similar al implementado en julio pasado para las Primarias, Abiertas, Simult\u00e1neas y Obligatorias (PASO), con aproximadamente<strong> seis mil polic\u00edas<\/strong> abocados a las tareas de custodia en las <strong>1.442 escuelas del territorio<\/strong> local, m\u00e1s agentes destinados a tareas de prevenci\u00f3n en la calle y al sistema de monitoreo de c\u00e1maras de videovigilancia.<\/p>\n\n\n\n<p><a href=\"https:\/\/www.infobae.com\/sociedad\/policiales\/2023\/09\/10\/con-especial-atencion-en-rosario-santa-fe-puso-en-marcha-el-operativo-de-seguridad-para-las-elecciones-de-este-domingo\/\" target=\"_blank\" rel=\"noreferrer noopener\"><strong>Leer la nota completa<\/strong><\/a><\/p>\n\n\n\n<p><a href=\"https:\/\/www.infobae.com\/sociedad\/policiales\/2023\/09\/10\/con-especial-atencion-en-rosario-santa-fe-puso-en-marcha-el-operativo-de-seguridad-para-las-elecciones-de-este-domingo\/\" target=\"_blank\" rel=\"noreferrer noopener\"><strong><\/strong><\/a><\/p>\n\n\n\n<p>06:32 hsHoy<\/p>\n\n\n\n<p><a href=\"https:\/\/www.infobae.com\/politica\/2023\/09\/10\/con-pullaro-como-favorito-para-la-gobernacion-la-pelea-electoral-en-santa-fe-se-enfoca-en-la-legislatura-cual-sera-el-impacto-del-voto-libertario\/\" rel=\"noreferrer noopener\" target=\"_blank\"><\/a><\/p>\n\n\n\n<h2 class=\"wp-block-heading\"><a href=\"https:\/\/www.infobae.com\/politica\/2023\/09\/10\/con-pullaro-como-favorito-para-la-gobernacion-la-pelea-electoral-en-santa-fe-se-enfoca-en-la-legislatura-cual-sera-el-impacto-del-voto-libertario\/\" rel=\"noreferrer noopener\" target=\"_blank\">Con Pullaro como favorito para la Gobernaci\u00f3n, la pelea electoral en Santa Fe se enfoca en la Legislatura: cu\u00e1l ser\u00e1 el impacto del voto libertario<\/a><\/h2>\n\n\n\n<h3 class=\"wp-block-heading\">El representante de Evoluci\u00f3n conf\u00eda en retener los n\u00fameros de Carolina Losada y M\u00f3nica Fein. Se espera una resoluci\u00f3n temprana, aunque los dirigentes de Juntos por el Cambio estar\u00e1n atentos a los que suceda en Rosario y en la categor\u00eda Diputados<\/h3>\n\n\n\n<figure class=\"wp-block-image\"><img decoding=\"async\" src=\"https:\/\/s3.amazonaws.com\/arc-authors\/infobae\/fec046d7-5ef1-471f-a48f-3a932ae4231b.jpg\" alt=\"Diamela Rodriguez\"\/><\/figure>\n\n\n\n<p>Por <a href=\"https:\/\/www.infobae.com\/autor\/diamela-rodriguez\">Diamela Rodriguez<\/a><\/p>\n\n\n\n<p><img loading=\"lazy\" decoding=\"async\" alt=\"Los festejos en el b\u00fanker de Juntos por el Cambio, cuando Maximiliano Pullaro se impuso en la interna opositora\" src=\"https:\/\/www.infobae.com\/new-resizer\/_XYbahkxCT8DHZuYeb-zeoyGD6g=\/arc-anglerfish-arc2-prod-infobae\/public\/B5SLKBV5XFB5NMO4O4ZS34WSRY.jpeg\" srcset=\"https:\/\/www.infobae.com\/new-resizer\/XpDRNn5PioXuzfac8eKuy58sTLI=\/420x236\/filters:format(webp):quality(85)\/cloudfront-us-east-1.images.arcpublishing.com\/infobae\/B5SLKBV5XFB5NMO4O4ZS34WSRY.jpeg 420w,https:\/\/www.infobae.com\/new-resizer\/3A1d6N5xztQz1z11bLiDvnlb_Wo=\/768x432\/filters:format(webp):quality(85)\/cloudfront-us-east-1.images.arcpublishing.com\/infobae\/B5SLKBV5XFB5NMO4O4ZS34WSRY.jpeg 768w,https:\/\/www.infobae.com\/new-resizer\/6new2KM5JfyvJsFrdEQ3o9QiXY4=\/992x558\/filters:format(webp):quality(85)\/cloudfront-us-east-1.images.arcpublishing.com\/infobae\/B5SLKBV5XFB5NMO4O4ZS34WSRY.jpeg 992w,https:\/\/www.infobae.com\/new-resizer\/fDOopj7m4ghEmRZrBizKV1TvvlY=\/1200x675\/filters:format(webp):quality(85)\/cloudfront-us-east-1.images.arcpublishing.com\/infobae\/B5SLKBV5XFB5NMO4O4ZS34WSRY.jpeg 1200w,https:\/\/www.infobae.com\/new-resizer\/EBOG9QB3XUhVmii-4RxPyKihtoc=\/1440x810\/filters:format(webp):quality(85)\/cloudfront-us-east-1.images.arcpublishing.com\/infobae\/B5SLKBV5XFB5NMO4O4ZS34WSRY.jpeg 1440w\" width=\"1280\" height=\"720\">Los festejos en el b\u00fanker de Juntos por el Cambio, cuando Maximiliano Pullaro se impuso en la interna opositora<\/p>\n\n\n\n<p><em>(Enviada especial a Rosario)<\/em> Santa Fe tendr\u00e1 una elecci\u00f3n in\u00e9dita este domingo: <strong>Maximiliano Pullaro <\/strong>se encamina a ganar c\u00f3modamente la Gobernaci\u00f3n, pero en la categor\u00eda Diputados hay un escenario de tercios entre el Socialismo con <strong>Clara<\/strong> <strong>Garc\u00eda<\/strong>, el peronismo representado por <strong>Omar Perotti <\/strong>y <strong>Amalia Granata<\/strong>, quien sorprendi\u00f3 con los resultados que obtuvo en la PASO con boleta corta. En la Intendencia de Rosario, <strong>Pablo Javkin<\/strong> buscar\u00e1 revalidar su gesti\u00f3n en un mano a mano con <strong>Juan Monteverde<\/strong>. De fondo, estar\u00e1 la necesidad de los dirigentes nacionales de Juntos por el Cambio de lograr un triunfo que los impulse en la carrera por llegar al balotaje.<\/p>\n","protected":false},"excerpt":{"rendered":"<p>Con la presencia de Horacio Rodr\u00edguez Larreta y Mart\u00edn Lousteau, el candidato de Unidos para Cambiar duplica en votos al peronismo y se encamina a&hellip; <\/p>\n","protected":false},"author":2,"featured_media":3434,"comment_status":"open","ping_status":"open","sticky":false,"template":"","format":"standard","meta":{"footnotes":""},"categories":[5],"tags":[],"class_list":["post-3433","post","type-post","status-publish","format-standard","has-post-thumbnail","hentry","category-politica"],"_links":{"self":[{"href":"https:\/\/lametro989.com\/index.php?rest_route=\/wp\/v2\/posts\/3433","targetHints":{"allow":["GET"]}}],"collection":[{"href":"https:\/\/lametro989.com\/index.php?rest_route=\/wp\/v2\/posts"}],"about":[{"href":"https:\/\/lametro989.com\/index.php?rest_route=\/wp\/v2\/types\/post"}],"author":[{"embeddable":true,"href":"https:\/\/lametro989.com\/index.php?rest_route=\/wp\/v2\/users\/2"}],"replies":[{"embeddable":true,"href":"https:\/\/lametro989.com\/index.php?rest_route=%2Fwp%2Fv2%2Fcomments&post=3433"}],"version-history":[{"count":1,"href":"https:\/\/lametro989.com\/index.php?rest_route=\/wp\/v2\/posts\/3433\/revisions"}],"predecessor-version":[{"id":3435,"href":"https:\/\/lametro989.com\/index.php?rest_route=\/wp\/v2\/posts\/3433\/revisions\/3435"}],"wp:featuredmedia":[{"embeddable":true,"href":"https:\/\/lametro989.com\/index.php?rest_route=\/wp\/v2\/media\/3434"}],"wp:attachment":[{"href":"https:\/\/lametro989.com\/index.php?rest_route=%2Fwp%2Fv2%2Fmedia&parent=3433"}],"wp:term":[{"taxonomy":"category","embeddable":true,"href":"https:\/\/lametro989.com\/index.php?rest_route=%2Fwp%2Fv2%2Fcategories&post=3433"},{"taxonomy":"post_tag","embeddable":true,"href":"https:\/\/lametro989.com\/index.php?rest_route=%2Fwp%2Fv2%2Ftags&post=3433"}],"curies":[{"name":"wp","href":"https:\/\/api.w.org\/{rel}","templated":true}]}}