{"id":3445,"date":"2023-09-11T20:14:28","date_gmt":"2023-09-11T23:14:28","guid":{"rendered":"https:\/\/lametro989.com\/?p=3445"},"modified":"2023-09-11T20:14:28","modified_gmt":"2023-09-11T23:14:28","slug":"cordoba-y-santa-fe-dos-personas-fallecidas-y-choque-en-cadena-de-30-autos-por-tormentas-de-viento","status":"publish","type":"post","link":"https:\/\/lametro989.com\/?p=3445","title":{"rendered":"C\u00f3rdoba y Santa Fe:  Dos personas fallecidas y choque en cadena de 30 autos por tormentas de viento"},"content":{"rendered":"\n<p>La colisi\u00f3n en cadena se registr\u00f3 en el kil\u00f3metro 330 de la Autopista Rosario-C\u00f3rdoba, entre las localidades santafesinas de Carcara\u00f1\u00e1 y San Jer\u00f3nimo. En tanto, en la ruta provincial 13, entre Villa del Rosario y Luque (C\u00f3rdoba) se produjo el siniestro que dej\u00f3 como saldo las v\u00edctimas fatales.\u00a0<\/p>\n\n\n\n<figure class=\"wp-block-image size-large\"><img loading=\"lazy\" decoding=\"async\" width=\"1024\" height=\"768\" src=\"https:\/\/lametro989.com\/wp-content\/uploads\/2023\/09\/imagen-105-1024x768.png\" alt=\"\" class=\"wp-image-3446\" srcset=\"https:\/\/lametro989.com\/wp-content\/uploads\/2023\/09\/imagen-105-1024x768.png 1024w, https:\/\/lametro989.com\/wp-content\/uploads\/2023\/09\/imagen-105-300x225.png 300w, https:\/\/lametro989.com\/wp-content\/uploads\/2023\/09\/imagen-105-768x576.png 768w, https:\/\/lametro989.com\/wp-content\/uploads\/2023\/09\/imagen-105-1536x1152.png 1536w, https:\/\/lametro989.com\/wp-content\/uploads\/2023\/09\/imagen-105.png 1600w\" sizes=\"auto, (max-width: 1024px) 100vw, 1024px\" \/><\/figure>\n\n\n\n<p>Dos personas murieron en accidentes ocurridos en la ruta provincial 13, entre las localidades cordobesas de Villa del Rosario y Luque, y sobre la autopista Rosario-C\u00f3rdoba, donde colisionaron al menos unos 30 veh\u00edculos en cadena, y ambos choques fueron provocados por una nube de tierra originada por fuertes vientos que soplaron en esas zonas del pa\u00eds.<\/p>\n\n\n\n<p>En el caso del accidente sobre la autopista Rosario-C\u00f3rdoba, ocurri\u00f3 a la altura de la localidad de San Jer\u00f3nimo Sud, a ra\u00edz de la tormenta de viento y tierra que afecta a esta regi\u00f3n.&nbsp;All\u00ed colisionaron m\u00e1s de 30 autos, n\u00famero a\u00fan no definido por las autoridades quienes reportaron un muerto y varias personas heridas, seg\u00fan fuentes policiales y Bomberos Voluntarios de la zona.<\/p>\n\n\n\n<h3 class=\"wp-block-heading\">Colisi\u00f3n en cadena<\/h3>\n\n\n\n<figure class=\"wp-block-image\"><img decoding=\"async\" src=\"https:\/\/agenciafoco.com.ar\/media\/cache\/quality\/uploads\/noticias\/64ff918e34638923561024.jpg\" alt=\"\"\/><\/figure>\n\n\n\n<p>El choque en cadena se registr\u00f3 en el kil\u00f3metro 330 de la Autopista Rosario-C\u00f3rdoba, entre las localidades santafesinas de Carcara\u00f1\u00e1 y San Jer\u00f3nimo.&nbsp;&#8220;La persona fallecida es una mujer mayor, que viajaba en un veh\u00edculo Renault Kangoo&#8221;, precisaron los Bomberos.<\/p>\n\n\n\n<p>Los servidores p\u00fablicos dijeron que decenas de personas &#8220;con heridas de distinta gravedad y otras con lesiones menores&#8221;, fueron trasladados en ambulancias a centros asistenciales de Rosario y otros a la ciudad de Carcara\u00f1\u00e1.<\/p>\n\n\n\n<p>El tr\u00e1nsito permanece cortado en ambas manos y se desv\u00eda a la altura del kil\u00f3metro 336.<\/p>\n\n\n\n<p>El desv\u00edo se realiza en AU09 sentido a C\u00f3rdoba hacia Rold\u00e1n, y sentido a Rosario hacia Carcara\u00f1\u00e1.<\/p>\n\n\n\n<p>Lorena Millar, bombera de base que recibi\u00f3 el aviso del choque en cadena sobre la autopista, cont\u00f3 a T\u00e9lam que la llamaron &#8220;del peaje, anunciando que en el kil\u00f3metro 330, entre San Jer\u00f3nimo y Carcara\u00f1\u00e1, se produjo un choque en cadena hacia ambas manos&#8221;.&nbsp;Y agreg\u00f3 que &#8220;el choque se produjo en ambas manos, tanto hac\u00eda C\u00f3rdoba como para Rosario&#8221; y que inmediatamente se comunic\u00f3 con &#8220;los bomberos de San Jer\u00f3nimo, Rold\u00e1n y Carcara\u00f1\u00e1&#8221;.&nbsp;En el lugar trabaja personal policial de San Jer\u00f3nimo, Polic\u00eda de Seguridad Vial, Gendarmer\u00eda Nacional y de Corredores Viales S.A.<\/p>\n\n\n\n<h3 class=\"wp-block-heading\">Viento, tierra, heridos y fallecidos<\/h3>\n\n\n\n<figure class=\"wp-block-image\"><img decoding=\"async\" src=\"https:\/\/agenciafoco.com.ar\/media\/cache\/quality\/uploads\/noticias\/64ff918e355a5453767974.jpg\" alt=\"\"\/><\/figure>\n\n\n\n<p>El otro accidente, ocurrido en la ruta provincial 13 de C\u00f3rdoba, entre Villa del Rosario y Luque, en el departamento cordob\u00e9s de R\u00edo Segundo, arroj\u00f3 como saldo el deceso de un hombre de 65 a\u00f1os y otras 17 personas sufrieron heridas de distinta consideraci\u00f3n producto, tambi\u00e9n, de otro choque m\u00faltiple, informaron fuentes policiales.<\/p>\n\n\n\n<p>El siniestro ocurri\u00f3 pasadas las 13 de este lunes en una jornada con un intenso viento en toda la provincia, lo que gener\u00f3 polvo en suspensi\u00f3n y escasa visibilidad para transe\u00fantes y automovilistas.&nbsp;Al menos dos camiones y ocho autom\u00f3viles son los veh\u00edculos involucrados en el accidente.<\/p>\n\n\n\n<p>Sobre los heridos, fuentes m\u00e9dicas informaron que cuatro est\u00e1n en observaci\u00f3n, uno ser\u00e1 operado y el resto con lesiones leves.&nbsp;Seg\u00fan un informe de la Organizaci\u00f3n Meteorol\u00f3gica Mundial (OMM), las tormentas de arena o tierra pueden ocurrir cuando fuertes vientos arrastran grandes cantidades de polvo de suelos desnudos y secos a la atm\u00f3sfera.<\/p>\n\n\n\n<p>Las tormentas de arena o tierra &#8220;constituyen peligros meteorol\u00f3gicos comunes en las regiones \u00e1ridas y semi\u00e1ridas. En general, est\u00e1n causadas por tormentas -o fuertes gradientes de presi\u00f3n asociados a ciclones- que incrementan la velocidad del viento en una amplia zona&#8221;, explicaron desde la OMM.<\/p>\n\n\n\n<p>Para el meteor\u00f3logo argentino Jorge Fusco, este tipo de fen\u00f3menos &#8220;no es nada raro porque estamos en una etapa de transici\u00f3n donde los frentes fr\u00edos siguen avanzando y al moverse por zonas de sequ\u00eda levantan polvo&#8221;, dijo en di\u00e1logo con T\u00e9lam, ratificando la informaci\u00f3n provista por la OMM.<\/p>\n\n\n\n<p>El meteor\u00f3logo rosarino agreg\u00f3 que &#8220;en esta \u00e9poca del a\u00f1o, donde las temperaturas suben en el norte y centro del pa\u00eds, cuando llegan los frentes encuentran masas muy opuestas, por delante calor y presi\u00f3n baja por detr\u00e1s y m\u00e1s frio de altas presiones. Y esas diferencias de presi\u00f3n son las que producen el viento&#8221; que provoca las nubes de tierra, explic\u00f3.&nbsp;Ante la situaci\u00f3n de entrar a una nube de tierra, los especialistas recomendaron reducir la velocidad hasta la m\u00ednima permitida, no detenerse en el camino ni en la banquina y utilizar balizas.&nbsp;<\/p>\n","protected":false},"excerpt":{"rendered":"<p>La colisi\u00f3n en cadena se registr\u00f3 en el kil\u00f3metro 330 de la Autopista Rosario-C\u00f3rdoba, entre las localidades santafesinas de Carcara\u00f1\u00e1 y San Jer\u00f3nimo. En tanto,&hellip; <\/p>\n","protected":false},"author":2,"featured_media":3446,"comment_status":"open","ping_status":"open","sticky":false,"template":"","format":"standard","meta":{"footnotes":""},"categories":[13],"tags":[],"class_list":["post-3445","post","type-post","status-publish","format-standard","has-post-thumbnail","hentry","category-nacionales"],"_links":{"self":[{"href":"https:\/\/lametro989.com\/index.php?rest_route=\/wp\/v2\/posts\/3445","targetHints":{"allow":["GET"]}}],"collection":[{"href":"https:\/\/lametro989.com\/index.php?rest_route=\/wp\/v2\/posts"}],"about":[{"href":"https:\/\/lametro989.com\/index.php?rest_route=\/wp\/v2\/types\/post"}],"author":[{"embeddable":true,"href":"https:\/\/lametro989.com\/index.php?rest_route=\/wp\/v2\/users\/2"}],"replies":[{"embeddable":true,"href":"https:\/\/lametro989.com\/index.php?rest_route=%2Fwp%2Fv2%2Fcomments&post=3445"}],"version-history":[{"count":1,"href":"https:\/\/lametro989.com\/index.php?rest_route=\/wp\/v2\/posts\/3445\/revisions"}],"predecessor-version":[{"id":3447,"href":"https:\/\/lametro989.com\/index.php?rest_route=\/wp\/v2\/posts\/3445\/revisions\/3447"}],"wp:featuredmedia":[{"embeddable":true,"href":"https:\/\/lametro989.com\/index.php?rest_route=\/wp\/v2\/media\/3446"}],"wp:attachment":[{"href":"https:\/\/lametro989.com\/index.php?rest_route=%2Fwp%2Fv2%2Fmedia&parent=3445"}],"wp:term":[{"taxonomy":"category","embeddable":true,"href":"https:\/\/lametro989.com\/index.php?rest_route=%2Fwp%2Fv2%2Fcategories&post=3445"},{"taxonomy":"post_tag","embeddable":true,"href":"https:\/\/lametro989.com\/index.php?rest_route=%2Fwp%2Fv2%2Ftags&post=3445"}],"curies":[{"name":"wp","href":"https:\/\/api.w.org\/{rel}","templated":true}]}}