{"id":3454,"date":"2023-09-11T21:12:52","date_gmt":"2023-09-12T00:12:52","guid":{"rendered":"https:\/\/lametro989.com\/?p=3454"},"modified":"2023-09-11T21:12:52","modified_gmt":"2023-09-12T00:12:52","slug":"un-jugador-de-la-seleccion-sub-23-fue-sancionado-un-ano-por-estar-involucrado-en-apuestas-deportivas","status":"publish","type":"post","link":"https:\/\/lametro989.com\/?p=3454","title":{"rendered":"Un jugador de la Selecci\u00f3n Sub 23 fue sancionado un a\u00f1o por estar involucrado en apuestas deportivas"},"content":{"rendered":"\n<p>Kevin Lom\u00f3naco, futbolista recientemente convocado por Javier Mascherano a la Selecci\u00f3n Sub 23, <strong>fue suspendido por toda la temporada de la actividad profesional luego de un fallo de la FIFA<\/strong>\u00a0 sobre el esc\u00e1ndalo de apuestas deportivas que involucr\u00f3 a otros 10 jugadores de diferentes clubes de la ligas de Brasil.   <\/p>\n\n\n\n<figure class=\"wp-block-image size-full\"><img loading=\"lazy\" decoding=\"async\" width=\"850\" height=\"587\" src=\"https:\/\/lametro989.com\/wp-content\/uploads\/2023\/09\/imagen-108.png\" alt=\"\" class=\"wp-image-3455\" srcset=\"https:\/\/lametro989.com\/wp-content\/uploads\/2023\/09\/imagen-108.png 850w, https:\/\/lametro989.com\/wp-content\/uploads\/2023\/09\/imagen-108-300x207.png 300w, https:\/\/lametro989.com\/wp-content\/uploads\/2023\/09\/imagen-108-768x530.png 768w\" sizes=\"auto, (max-width: 850px) 100vw, 850px\" \/><\/figure>\n\n\n\n<p>&#8220;La FIFA ha confirmado la ampliaci\u00f3n al \u00e1mbito mundial de las sanciones impuestas por la Confederaci\u00f3n Brasile\u00f1a de F\u00fatbol a<strong> once jugadores por diversos casos de manipulaci\u00f3n<\/strong> de partidos en el f\u00fatbol brasile\u00f1o. Tras las investigaciones llevadas a cabo por las autoridades del pa\u00eds y los procedimientos disciplinarios abiertos por la Confederaci\u00f3n Brasile\u00f1a de F\u00fatbol, <strong>los jugadores han quedado inhabilitados para ejercer cualquier clase de actividad relacionada con el f\u00fatbol<\/strong>&#8220;, anunci\u00f3 la entidad sita en Suiza que regula el f\u00fatbol a nivel mundial.<\/p>\n\n\n\n<p>&#8220;La FIFA <strong>seguir\u00e1 trabajando en su lucha contra la manipulaci\u00f3n de partidos a trav\u00e9s de diversas iniciativas<\/strong>\u00a0, como la supervisi\u00f3n de los mercados internacionales de apuestas o las herramientas de car\u00e1cter confidencial como el portal de denuncias de la FIFA y la aplicaci\u00f3n FIFA Integrity App, adem\u00e1s de numerosas campa\u00f1as educativas y de concientizaci\u00f3n que se llevan a cabo en todo el mundo&#8221;, cerr\u00f3 con la lista de todos los futbolistas sancionados.<div class=\"wrapper\"><article id=\"item\" itemscope=\"itemscope\" itemtype=\"http:\/\/schema.org\/NewsArticle\"><section class=\"body\"><section class=\"content\"><div class=\"main-text\"><h2>EL CASO DE KEVIN LOM\u00d3NACO En junio de 2023, el Tribunal Superior de Justicia Deportiva de Brasil <span style=\"background-color: #fbeeb8;\"><strong>se expidi\u00f3 tras la explosi\u00f3n del caso de apuestas deportivas<\/strong>\u00a0<\/span>y  partidos arreglados en el f\u00fatbol de su pa\u00eds e inform\u00f3 las penas para  siete jugadores entre los que estaba incluido el argentino Lom\u00f3naco, en  ese momento jugador del Bragantino. Al ex Lan\u00fas, de 21 a\u00f1os, <span style=\"background-color: #fbeeb8;\"><strong>lo incriminaron por los chats que mantuvo con un individuo que le ofrec\u00eda 70.000 reales<\/strong>\u00a0<\/span> (unos 14.000 d\u00f3lares) <span style=\"background-color: #fbeeb8;\"><strong>por hacerse sacar una tarjeta amarilla en el primer tiempo de un partido<\/strong>\u00a0<\/span>.  Las autoridades le impidieron jugar por 380 d\u00edas, adem\u00e1s de una multa  de 25.000 reales (unos 5.000 d\u00f3lares), seg\u00fan inform\u00f3 el sitio <em>Lance.<\/em><\/h2><\/div><\/section><\/section><\/article><\/div><\/p>\n\n\n\n<p><em>.<\/em><\/p>\n\n\n\n<figure class=\"wp-block-image\"><img decoding=\"async\" src=\"https:\/\/www.diariochaco.com\/content\/bucket\/5\/585145w790h553c.webp.webp\" alt=\"\"\/><figcaption class=\"wp-element-caption\">Kevin Lom\u00f3naco, cuando defend\u00eda los colores del Red Bull Bragantino de Brasil.<\/figcaption><\/figure>\n\n\n\n<h2 class=\"wp-block-heading\">TODOS LOS FUTBOLISTAS SANCIONADOS EN EL ESC\u00c1NDALO POR APUESTAS DEPORTIVAS EN BRASIL<\/h2>\n\n\n\n<p><ins><\/ins><\/p>\n\n\n\n<ul class=\"wp-block-list\">\n<li>Ygor de Oliveira Ferreira (inhabilitaci\u00f3n de por vida)<\/li>\n\n\n\n<li>Paulo S\u00e9rgio Marques Corr\u00eaa (600 d\u00edas a partir del 26 de mayo de 2023)<\/li>\n\n\n\n<li>Gabriel Ferreira Neris (inhabilitaci\u00f3n de por vida)<\/li>\n\n\n\n<li>Jonathan Doin (720 d\u00edas a partir del 16 de mayo de 2023)<\/li>\n\n\n\n<li>Fernando Jos\u00e9 da Cunha Neto (360 d\u00edas a partir del 16 de mayo de 2023)<\/li>\n\n\n\n<li>Eduardo Gabriel dos Santos Bauermann (360 d\u00edas a partir del 16 de mayo de 2023)<\/li>\n\n\n\n<li>Matheus Phillipe Coutinho (inhabilitaci\u00f3n de por vida)<\/li>\n\n\n\n<li>Mateus da Silva Duarte (600 d\u00edas a partir del 26 de mayo de 2023)<\/li>\n\n\n\n<li>Andr\u00e9 Luiz Guimar\u00e3es Siqueira Junior (600 d\u00edas a partir del 26 de mayo de 2023)<\/li>\n\n\n\n<li>Onitlasi Junior Moraes (720 d\u00edas a partir del 16 de mayo de 2023)<\/li>\n\n\n\n<li>Kevin Joel Lom\u00f3naco (360 d\u00edas a partir del 16 de mayo de 2023)<\/li>\n<\/ul>\n","protected":false},"excerpt":{"rendered":"<p>Kevin Lom\u00f3naco, futbolista recientemente convocado por Javier Mascherano a la Selecci\u00f3n Sub 23, fue suspendido por toda la temporada de la actividad profesional luego de&hellip; <\/p>\n","protected":false},"author":2,"featured_media":3455,"comment_status":"open","ping_status":"open","sticky":false,"template":"","format":"standard","meta":{"footnotes":""},"categories":[13],"tags":[],"class_list":["post-3454","post","type-post","status-publish","format-standard","has-post-thumbnail","hentry","category-nacionales"],"_links":{"self":[{"href":"https:\/\/lametro989.com\/index.php?rest_route=\/wp\/v2\/posts\/3454","targetHints":{"allow":["GET"]}}],"collection":[{"href":"https:\/\/lametro989.com\/index.php?rest_route=\/wp\/v2\/posts"}],"about":[{"href":"https:\/\/lametro989.com\/index.php?rest_route=\/wp\/v2\/types\/post"}],"author":[{"embeddable":true,"href":"https:\/\/lametro989.com\/index.php?rest_route=\/wp\/v2\/users\/2"}],"replies":[{"embeddable":true,"href":"https:\/\/lametro989.com\/index.php?rest_route=%2Fwp%2Fv2%2Fcomments&post=3454"}],"version-history":[{"count":1,"href":"https:\/\/lametro989.com\/index.php?rest_route=\/wp\/v2\/posts\/3454\/revisions"}],"predecessor-version":[{"id":3456,"href":"https:\/\/lametro989.com\/index.php?rest_route=\/wp\/v2\/posts\/3454\/revisions\/3456"}],"wp:featuredmedia":[{"embeddable":true,"href":"https:\/\/lametro989.com\/index.php?rest_route=\/wp\/v2\/media\/3455"}],"wp:attachment":[{"href":"https:\/\/lametro989.com\/index.php?rest_route=%2Fwp%2Fv2%2Fmedia&parent=3454"}],"wp:term":[{"taxonomy":"category","embeddable":true,"href":"https:\/\/lametro989.com\/index.php?rest_route=%2Fwp%2Fv2%2Fcategories&post=3454"},{"taxonomy":"post_tag","embeddable":true,"href":"https:\/\/lametro989.com\/index.php?rest_route=%2Fwp%2Fv2%2Ftags&post=3454"}],"curies":[{"name":"wp","href":"https:\/\/api.w.org\/{rel}","templated":true}]}}